{"id":117867,"date":"2025-12-16T12:05:08","date_gmt":"2025-12-16T12:05:08","guid":{"rendered":"https:\/\/www.europesays.com\/fi\/117867\/"},"modified":"2025-12-16T12:05:08","modified_gmt":"2025-12-16T12:05:08","slug":"aidin-raskausajan-d-vitamiinitason-ja-lapsen-hammasterveyden-valilta-loytyi-yhteys","status":"publish","type":"post","link":"https:\/\/www.europesays.com\/fi\/117867\/","title":{"rendered":"\u00c4idin raskausajan D-vitamiinitason ja lapsen hammasterveyden v\u00e4lilt\u00e4 l\u00f6ytyi yhteys"},"content":{"rendered":"<p class=\"is-style-dropcap\">Kiinalaisen Zhejiangin yliopiston l\u00e4\u00e4ketieteellisen tiedekunnan tutkijat raportoivat, ett\u00e4 raskauden aikaiset korkeammat \u00e4idin plasman 25-hydroksivitamiini d -tasot liittyv\u00e4t pienemp\u00e4\u00e4n varhaislapsuuden karieksen todenn\u00e4k\u00f6isyyteen lapsilla. Asiasta uutisoi <a href=\"https:\/\/medicalxpress.com\/news\/2025-12-higher-maternal-vitamin-d-pregnancy.html#google_vignette\" rel=\"nofollow noopener\" target=\"_blank\">Medical Xpress<\/a>.<\/p>\n<p>Varhaislapsuuden hampaiden reikiintyminen on merkitt\u00e4v\u00e4 lasten terveysongelma. M\u00e4\u00e4ritelm\u00e4llisesti se tarkoittaa yht\u00e4 tai useampaa reik\u00e4\u00e4 tai alkavaa vauriota, karieksen vuoksi menetettyj\u00e4 hampaan pintoja tai paikattuja hampaan pintoja enint\u00e4\u00e4n 71 kuukauden ik\u00e4isill\u00e4 lapsilla.<\/p>\n<p>Kivuliaat hampaat voivat haitata pureskelua, altistaa hampaan ytimen ja juuren k\u00e4rjen sairauksille, muuttaa ulkon\u00e4k\u00f6\u00e4 ja heijastua koulunmenestykseen sek\u00e4 aiheuttaa lis\u00e4\u00e4ntyneit\u00e4 kustannuksia perheille ja yhteiskunnalle.<\/p>\n<p>193 YK:n j\u00e4senmaata kattaneessa arviossa vuosilta 2007\u20132017 varhaislapsuuden karieksen keskim\u00e4\u00e4r\u00e4inen esiintyvyys oli 23,8 prosenttia alle kolmevuotiailla ja 57,3 prosenttia 3\u20136-vuotiailla lapsilla. Kiinassa vuoden 2015 nelj\u00e4nnen kansallisen suun terveyden tutkimuksen mukaan karieksen esiintyvyys oli\u00a0viisivuotiailla 71,9 prosenttia.<\/p>\n<p>Hampaiden mineralisaatio alkaa jo raskauden aikana. Osa tutkimuksista on viitannut raskausviikkoihin 13\u201317 yl\u00e4leuan etuhampaiden mineralisaation kriittisen\u00e4 ajanjaksona. Useimmat maitohampaat alkavat mineralisoitua toisen ja kolmannen raskauskolmanneksen aikana.<\/p>\n<p>D-vitamiini tukee kalsiumin ja fosfaatin tasapainoa kiilteen muodostumisen aikana ja my\u00f6hemmin kiilteen uudelleenmineralisaatiota hampaan puhkeamisen j\u00e4lkeen. Toiminnallisia d-vitamiinireseptoreita esiintyy hammaskiillett\u00e4 muodostavissa ameloblasteissa ja hammasluuta tuottavissa odontoblasteissa.<\/p>\n<p>Nykyiset suositukset kehottavat pit\u00e4m\u00e4\u00e4n \u00e4idin 25-hydroksivitamiini d -tason raskauden aikana yli 30 nanogrammassa millilitraa kohti, vaikka d-vitamiinin puutos on edelleen yleist\u00e4.<\/p>\n<p>JAMA Network Open -tiedelehdess\u00e4 <a href=\"https:\/\/jamanetwork.com\/journals\/jamanetworkopen\/fullarticle\/2842164\" rel=\"nofollow noopener\" target=\"_blank\">julkaistussa tutkimuksessa<\/a> tutkijat seurasivat \u00e4idin 25-hydroksivitamiini d -tasoa koko raskauden ajan ja arvioivat yhteyksi\u00e4 lasten varhaislapsuuden kariekseen.<\/p>\n<p>Zhoushanissa Kiinassa tehdyiss\u00e4 neuvolak\u00e4ynneiss\u00e4 otettiin verikokeet, jotka yhdistettiin my\u00f6hempiin hammasl\u00e4\u00e4k\u00e4rintarkastuksiin varhaislapsuudessa. Tutkimusasetelmassa ei ollut hoito- ja verrokkiryhmi\u00e4.<\/p>\n<p>Raskaana olevien naisten kohorttiin kuului 4\u202f109 \u00e4iti\u2013lapsiparia. Viimeisess\u00e4 hammasl\u00e4\u00e4k\u00e4rintarkastuksessa varhaislapsuuden karies todettiin 960 lapsella, kun taas 3\u202f149 lapsella sit\u00e4 ei havaittu.<\/p>\n<p>\u00c4idin plasman 25-hydroksivitamiini D -pitoisuudet mitattiin ensimm\u00e4isen, toisen ja kolmannen raskauskolmanneksen aikana. D-vitamiinin puutos m\u00e4\u00e4riteltiin alle 20 nanogrammaksi millilitraa kohti.<\/p>\n<p>Lasten hammastarkastuksissa kirjattiin maitohampaiden reikiintyneet, puuttuvat tai paikatut hampaat. Varhaislapsuuden karies m\u00e4\u00e4riteltiin tilanteeksi, jossa pistem\u00e4\u00e4r\u00e4 oli v\u00e4hint\u00e4\u00e4n yksi. Havainnoivassa epidemiologisessa mallinnuksessa yhdistettiin raskauskolmanneskohtaiset d-vitamiinitasot karieksen esiintymiseen, ensimm\u00e4iseen diagnoosiajankohtaan 1\u20136 vuoden i\u00e4ss\u00e4 sek\u00e4 toistuviin hammastarkastuksiin varhaislapsuudessa.<\/p>\n<p>\u00c4idin 25-hydroksivitamiini D -tasot olivat usealla tavalla yhteydess\u00e4 varhaislapsuuden kariekseen. Viimeisess\u00e4 hammastarkastuksessa korkeammat raskauskolmanneskohtaiset tasot liittyiv\u00e4t pienemp\u00e4\u00e4n karieksen todenn\u00e4k\u00f6isyyteen. Vetosuhde eli odds ratio oli 0,98 ensimm\u00e4isell\u00e4, 0,98 toisella ja 0,99 kolmannella kolmanneksella, kun pitoisuuksia tarkasteltiin jatkuvana muuttujana.<\/p>\n<p>Ryhm\u00e4vertailuissa toisen ja kolmannen raskauskolmanneksen \u00e4idin 25-hydroksivitamiini d -tasot olivat matalammat niiden lasten \u00e4ideill\u00e4, joilla todettiin varhaislapsuuden karies. Ensimm\u00e4isen raskauskolmanneksen tasoissa ei havaittu eroa.<\/p>\n<p>Seurantatulokset 1\u20136 vuoden i\u00e4ss\u00e4 kertoivat samansuuntaisesta ajallisesta yhteydest\u00e4. Vaarasuhteet olivat 0,99 ensimm\u00e4isell\u00e4, 0,98 toisella ja 0,99 kolmannella raskauskolmanneksella, kun \u00e4idin 25-hydroksivitamiini d -tasoa k\u00e4siteltiin jatkuvana muuttujana.<\/p>\n<p>Korkeammat \u00e4idin d-vitamiinitasot koko raskauden ajan liittyiv\u00e4t pienemp\u00e4\u00e4n varhaislapsuuden karieksen todenn\u00e4k\u00f6isyyteen lapsilla. T\u00e4m\u00e4 viittaa siihen, ett\u00e4 lis\u00e4ravinteiden k\u00e4ytt\u00f6 ennen raskautta tai raskauden aikana voisi olla keino v\u00e4hent\u00e4\u00e4 lasten hampaiden reikiintymisen riski\u00e4 ja vakavuutta.<\/p>\n<p>Erityisesti raskauden keskivaiheesta loppupuolelle ajoittuva ajanjakso erottui vaiheena, jolloin korkeammat d-vitamiinitasot korreloivat voimakkaimmin v\u00e4h\u00e4isemp\u00e4\u00e4n kariekseen sek\u00e4 pienemp\u00e4\u00e4n reikiintyneiden, puuttuvien tai paikattujen maitohampaiden m\u00e4\u00e4r\u00e4\u00e4n.<\/p>\n<p>Tilaa Tekniikan Maailman uutiskirjeet<\/p>\n<p class=\"has-text-align-center\">Tilaa TM-uutiskirje, niin pysyt ajan tasalla autoalan, teknologian ja tieteen uutisista! <\/p>\n","protected":false},"excerpt":{"rendered":"Kiinalaisen Zhejiangin yliopiston l\u00e4\u00e4ketieteellisen tiedekunnan tutkijat raportoivat, ett\u00e4 raskauden aikaiset korkeammat \u00e4idin plasman 25-hydroksivitamiini d -tasot liittyv\u00e4t pienemp\u00e4\u00e4n&hellip;\n","protected":false},"author":2,"featured_media":117868,"comment_status":"","ping_status":"","sticky":false,"template":"","format":"standard","meta":{"footnotes":""},"categories":[165],"tags":[15442,33,31,30,94,166,32,167],"class_list":{"0":"post-117867","1":"post","2":"type-post","3":"status-publish","4":"format-standard","5":"has-post-thumbnail","7":"category-terveys","8":"tag-d-vitamiini","9":"tag-fi","10":"tag-finland","11":"tag-finnish","12":"tag-hammashoito","13":"tag-health","14":"tag-suomi","15":"tag-terveys"},"share_on_mastodon":{"url":"https:\/\/pubeurope.com\/@fi\/115729159056457116","error":""},"_links":{"self":[{"href":"https:\/\/www.europesays.com\/fi\/wp-json\/wp\/v2\/posts\/117867","targetHints":{"allow":["GET"]}}],"collection":[{"href":"https:\/\/www.europesays.com\/fi\/wp-json\/wp\/v2\/posts"}],"about":[{"href":"https:\/\/www.europesays.com\/fi\/wp-json\/wp\/v2\/types\/post"}],"author":[{"embeddable":true,"href":"https:\/\/www.europesays.com\/fi\/wp-json\/wp\/v2\/users\/2"}],"replies":[{"embeddable":true,"href":"https:\/\/www.europesays.com\/fi\/wp-json\/wp\/v2\/comments?post=117867"}],"version-history":[{"count":0,"href":"https:\/\/www.europesays.com\/fi\/wp-json\/wp\/v2\/posts\/117867\/revisions"}],"wp:featuredmedia":[{"embeddable":true,"href":"https:\/\/www.europesays.com\/fi\/wp-json\/wp\/v2\/media\/117868"}],"wp:attachment":[{"href":"https:\/\/www.europesays.com\/fi\/wp-json\/wp\/v2\/media?parent=117867"}],"wp:term":[{"taxonomy":"category","embeddable":true,"href":"https:\/\/www.europesays.com\/fi\/wp-json\/wp\/v2\/categories?post=117867"},{"taxonomy":"post_tag","embeddable":true,"href":"https:\/\/www.europesays.com\/fi\/wp-json\/wp\/v2\/tags?post=117867"}],"curies":[{"name":"wp","href":"https:\/\/api.w.org\/{rel}","templated":true}]}}