{"id":117876,"date":"2025-12-16T12:11:08","date_gmt":"2025-12-16T12:11:08","guid":{"rendered":"https:\/\/www.europesays.com\/fi\/117876\/"},"modified":"2025-12-16T12:11:08","modified_gmt":"2025-12-16T12:11:08","slug":"fbi-pysaytimme-terrori-iskun","status":"publish","type":"post","link":"https:\/\/www.europesays.com\/fi\/117876\/","title":{"rendered":"FBI: \u201dPys\u00e4ytimme terrori-iskun\u201d"},"content":{"rendered":"<p class=\"paragraph\">Yhdysvaltain liittovaltion poliisi FBI on pid\u00e4tt\u00e4nyt nelj\u00e4 ihmist\u00e4 ep\u00e4iltyn\u00e4 terrori-iskun suunnittelemisesta. FBI ep\u00e4ilee, ett\u00e4 nelikko suunnitteli tekev\u00e4ns\u00e4 pommi-iskun Los Angelesissa uudenvuodenaattona.<\/p>\n<p class=\"paragraph\">FBI:n mukaan ep\u00e4illyt ovat \u201dPalestiina-my\u00f6nteisen ja poliisia sek\u00e4 hallintoa vastustavan\u201d Turtle Island Liberation Frontin (TILF) j\u00e4seni\u00e4. Yhdysvaltain oikeusministeri <strong>Pam Bondi<\/strong> kuvaili ryhm\u00e4\u00e4 \u201d\u00e4\u00e4rivasemmistolaiseksi\u201d.<\/p>\n<p><img decoding=\"async\" class=\"image image-show image-preview\" src=\"https:\/\/www.europesays.com\/fi\/wp-content\/uploads\/2025\/12\/d6d323eb5a210706680903e022971ad610fb7b437fd6561d2bfb05d7560dfe8d.jpg\" alt=\"\"\/><img decoding=\"async\" class=\"image image-show\" src=\"https:\/\/www.europesays.com\/fi\/wp-content\/uploads\/2025\/12\/1765887068_529_d6d323eb5a210706680903e022971ad610fb7b437fd6561d2bfb05d7560dfe8d.jpg\" alt=\"\"\/><\/p>\n<p>FBI:n p\u00e4\u00e4johtaja Kash Patel kertoo terroriep\u00e4ilyst\u00e4 viestipalvelu X:ss\u00e4. AOP<\/p>\n<p class=\"paragraph\">\u2013 Tiiviin tutkimuksen j\u00e4lkeen pys\u00e4ytimme FBI:n kanssa suunnitelman, joka olisi voinut johtaa suureen ja kammottavaan terroriin, Bondi <a href=\"https:\/\/x.com\/AGPamBondi\/status\/2000583375698919657\" target=\"_blank\" rel=\"noopener nofollow\">kirjoitti<\/a> viestipalvelu X:ss\u00e4.<\/p>\n<p class=\"paragraph\">Asiasta uutisoineen Fox Newsin mukaan henkil\u00f6t otettiin kiinni Lucerne Valleyssa. Poliisi uskoo, ett\u00e4 ryhm\u00e4n tarkoitus oli kokeilla Lucerne Valleyssa tekemi\u00e4\u00e4n pommeja.<\/p>\n<p class=\"paragraph\">FBI:n p\u00e4\u00e4johtaja <strong>Kash Patel<\/strong> <a href=\"https:\/\/x.com\/FBIDirectorKash\/status\/2000589113380987097\" target=\"_blank\" rel=\"noopener nofollow\">kertoo<\/a> p\u00e4ivityksess\u00e4\u00e4n viestipalvelu X:ss\u00e4, ett\u00e4 ryhm\u00e4 suunnitteli r\u00e4j\u00e4ytt\u00e4v\u00e4ns\u00e4 kotitekoisia pommeja viidess\u00e4 eri paikassa Kalifornian osavaltiossa Los Angelesissa.<\/p>\n<p class=\"paragraph\">\u2013 Tutkijamme ja lainvalvonnan kumppanimme oikeusministeri\u00f6ss\u00e4 tekiv\u00e4t erinomaista ty\u00f6t\u00e4. Heid\u00e4n ty\u00f6ns\u00e4 pelasti takuulla lukemattomia ihmishenki\u00e4.<\/p>\n<p class=\"paragraph\">Oikeusministeri Bondin mukaan ryhm\u00e4n kohteena oli my\u00f6s maahanmuuttoviranomaisen (ICE) agentteja ja ajoneuvoja.<\/p>\n<p class=\"paragraph\">My\u00f6hemmin poliisi pid\u00e4tti tapaukseen liittyen viidennen henkil\u00f6n, jonka ep\u00e4ill\u00e4\u00e4n kuuluneen samaan ryhm\u00e4\u00e4n ja suunnitelleen pommi-iskua.<\/p>\n","protected":false},"excerpt":{"rendered":"Yhdysvaltain liittovaltion poliisi FBI on pid\u00e4tt\u00e4nyt nelj\u00e4 ihmist\u00e4 ep\u00e4iltyn\u00e4 terrori-iskun suunnittelemisesta. FBI ep\u00e4ilee, ett\u00e4 nelikko suunnitteli tekev\u00e4ns\u00e4 pommi-iskun&hellip;\n","protected":false},"author":2,"featured_media":117877,"comment_status":"","ping_status":"","sticky":false,"template":"","format":"standard","meta":{"footnotes":""},"categories":[14],"tags":[35,22,23,26,27,33,31,30,17,55,53,24,25,28,29,15,18,21,54,52,637,32,19,20,56,16,59,60,61],"class_list":{"0":"post-117876","1":"post","2":"type-post","3":"status-publish","4":"format-standard","5":"has-post-thumbnail","7":"category-ulkomaat","8":"tag-24h","9":"tag-breaking-news","10":"tag-breakingnews","11":"tag-featured-news","12":"tag-featurednews","13":"tag-fi","14":"tag-finland","15":"tag-finnish","16":"tag-headlines","17":"tag-lainvalvonta","18":"tag-laki-oikeus-ja-rikos","19":"tag-latest-news","20":"tag-latestnews","21":"tag-main-news","22":"tag-mainnews","23":"tag-news","24":"tag-otsikot","25":"tag-paauutiset","26":"tag-pelastuspalvelut","27":"tag-poliisi","28":"tag-politiikka","29":"tag-suomi","30":"tag-top-stories","31":"tag-topstories","32":"tag-ulkomaat","33":"tag-uutiset","34":"tag-world","35":"tag-world-news","36":"tag-worldnews"},"share_on_mastodon":{"url":"https:\/\/pubeurope.com\/@fi\/115729182753530753","error":""},"_links":{"self":[{"href":"https:\/\/www.europesays.com\/fi\/wp-json\/wp\/v2\/posts\/117876","targetHints":{"allow":["GET"]}}],"collection":[{"href":"https:\/\/www.europesays.com\/fi\/wp-json\/wp\/v2\/posts"}],"about":[{"href":"https:\/\/www.europesays.com\/fi\/wp-json\/wp\/v2\/types\/post"}],"author":[{"embeddable":true,"href":"https:\/\/www.europesays.com\/fi\/wp-json\/wp\/v2\/users\/2"}],"replies":[{"embeddable":true,"href":"https:\/\/www.europesays.com\/fi\/wp-json\/wp\/v2\/comments?post=117876"}],"version-history":[{"count":0,"href":"https:\/\/www.europesays.com\/fi\/wp-json\/wp\/v2\/posts\/117876\/revisions"}],"wp:featuredmedia":[{"embeddable":true,"href":"https:\/\/www.europesays.com\/fi\/wp-json\/wp\/v2\/media\/117877"}],"wp:attachment":[{"href":"https:\/\/www.europesays.com\/fi\/wp-json\/wp\/v2\/media?parent=117876"}],"wp:term":[{"taxonomy":"category","embeddable":true,"href":"https:\/\/www.europesays.com\/fi\/wp-json\/wp\/v2\/categories?post=117876"},{"taxonomy":"post_tag","embeddable":true,"href":"https:\/\/www.europesays.com\/fi\/wp-json\/wp\/v2\/tags?post=117876"}],"curies":[{"name":"wp","href":"https:\/\/api.w.org\/{rel}","templated":true}]}}