{"id":117886,"date":"2025-12-16T12:30:09","date_gmt":"2025-12-16T12:30:09","guid":{"rendered":"https:\/\/www.europesays.com\/fi\/117886\/"},"modified":"2025-12-16T12:30:09","modified_gmt":"2025-12-16T12:30:09","slug":"sinners-ohjaaja-tuli-melkein-hulluksi-kauhuhittia-tehdessa-yksi-kohtaus-oli-yksinkertaisesti-liian-vaikea","status":"publish","type":"post","link":"https:\/\/www.europesays.com\/fi\/117886\/","title":{"rendered":"Sinners-ohjaaja tuli melkein hulluksi kauhuhitti\u00e4 tehdess\u00e4 &#8211; yksi kohtaus oli yksinkertaisesti liian vaikea"},"content":{"rendered":"<p>Kuva: \u00a9 2025 Warner Bros. Entertainment Inc.<\/p>\n<p>Ryan Cooglerin ohjaamassa Sinners-elokuvassa Michael B. Jordan esitt\u00e4\u00e4 tuplaroolia.<\/p>\n<p>Ryan Cooglerin ohjaama <a href=\"https:\/\/muropaketti.com\/avainsana\/sinners\/\" rel=\"nofollow noopener\" target=\"_blank\">Sinners<\/a> on yksi vuoden parhaita kauhuelokuvia. P\u00e4\u00e4osaa \u2013 tai p\u00e4\u00e4osia \u2013 siin\u00e4 esitt\u00e4\u00e4 Michael B. Jordan, joka n\u00e4yttelee kaksosia: Smokea ja Stackia.<\/p>\n<p>Coogler my\u00f6nt\u00e4\u00e4 <a href=\"https:\/\/ew.com\/sinners-ryan-coogler-michael-b-jordan-complicated-scene-almost-lost-mind-11868698?taid=693ee625812a0300017ae44c&amp;utm_campaign=trueAnthem%3A+New+Content+%28Feed%29&amp;utm_medium=trueAnthem&amp;utm_source=twitter\" target=\"_blank\" rel=\"noreferrer noopener nofollow\">Entertainment Weeklyn<\/a> haastattelussa, ett\u00e4 tuplaroolin kuvaamisessa oli haasteensa. H\u00e4n kertoo omien sanojensa mukaan l\u00e4hes menett\u00e4neens\u00e4 kuvauksissa j\u00e4rkens\u00e4.<\/p>\n<p>\u201dJokainen p\u00e4iv\u00e4 oli erilainen. Jokainen kohtaus oli erilainen. Elokuvaa katsoessa ei edes huomaa, ett\u00e4 tietyt kohtaukset olisivat jotenkin vaikeita. Kuten muistatteko [kommentoi Jordanille] sen p\u00e4iv\u00e4n, kun melkein menetin j\u00e4rkeni \u2013 teid\u00e4n piti ajaa autolla ja ajaa se pensaikkoon? Sen otoksen kuvaaminen oli aivan helvetin hullua, koska Mike ajoi ja meid\u00e4n piti kuvata muutamaan kertaan autoa sen ajaessa ohi ja menness\u00e4 pusikkoon, sitten ajoittaa heid\u00e4n nouseminensa autosta oikealla hetkell\u00e4, ja sitten vuorovaikutus pensaikon kanssa\u201d, Coogler selitt\u00e4\u00e4.<\/p>\n<p>H\u00e4n kuitenkin my\u00f6nt\u00e4\u00e4, ett\u00e4 lopputulos n\u00e4ytt\u00e4\u00e4 kaikesta huolimatta hyv\u00e4lt\u00e4.<\/p>\n<p>Jordanin lis\u00e4ksi Sinnersiss\u00e4 n\u00e4yttelev\u00e4t muun muassa Miles Caton, Hailee Steinfeld, Jack O\u2019Connell, Wunmi Mosaku ja Delroy Lindo.<\/p>\n","protected":false},"excerpt":{"rendered":"Kuva: \u00a9 2025 Warner Bros. Entertainment Inc. Ryan Cooglerin ohjaamassa Sinners-elokuvassa Michael B. Jordan esitt\u00e4\u00e4 tuplaroolia. Ryan Cooglerin&hellip;\n","protected":false},"author":2,"featured_media":117887,"comment_status":"","ping_status":"","sticky":false,"template":"","format":"standard","meta":{"footnotes":""},"categories":[131],"tags":[155,137,33,173,31,30,12166,172,13317,12248,32,109],"class_list":{"0":"post-117886","1":"post","2":"type-post","3":"status-publish","4":"format-standard","5":"has-post-thumbnail","7":"category-elokuvat","8":"tag-elokuvat","9":"tag-entertainment","10":"tag-fi","11":"tag-film","12":"tag-finland","13":"tag-finnish","14":"tag-michael-b-jordan","15":"tag-movies","16":"tag-ryan-coogler","17":"tag-sinners","18":"tag-suomi","19":"tag-viihde"},"share_on_mastodon":{"url":"https:\/\/pubeurope.com\/@fi\/115729257289868266","error":""},"_links":{"self":[{"href":"https:\/\/www.europesays.com\/fi\/wp-json\/wp\/v2\/posts\/117886","targetHints":{"allow":["GET"]}}],"collection":[{"href":"https:\/\/www.europesays.com\/fi\/wp-json\/wp\/v2\/posts"}],"about":[{"href":"https:\/\/www.europesays.com\/fi\/wp-json\/wp\/v2\/types\/post"}],"author":[{"embeddable":true,"href":"https:\/\/www.europesays.com\/fi\/wp-json\/wp\/v2\/users\/2"}],"replies":[{"embeddable":true,"href":"https:\/\/www.europesays.com\/fi\/wp-json\/wp\/v2\/comments?post=117886"}],"version-history":[{"count":0,"href":"https:\/\/www.europesays.com\/fi\/wp-json\/wp\/v2\/posts\/117886\/revisions"}],"wp:featuredmedia":[{"embeddable":true,"href":"https:\/\/www.europesays.com\/fi\/wp-json\/wp\/v2\/media\/117887"}],"wp:attachment":[{"href":"https:\/\/www.europesays.com\/fi\/wp-json\/wp\/v2\/media?parent=117886"}],"wp:term":[{"taxonomy":"category","embeddable":true,"href":"https:\/\/www.europesays.com\/fi\/wp-json\/wp\/v2\/categories?post=117886"},{"taxonomy":"post_tag","embeddable":true,"href":"https:\/\/www.europesays.com\/fi\/wp-json\/wp\/v2\/tags?post=117886"}],"curies":[{"name":"wp","href":"https:\/\/api.w.org\/{rel}","templated":true}]}}