{"id":11789,"date":"2025-08-21T04:33:09","date_gmt":"2025-08-21T04:33:09","guid":{"rendered":"https:\/\/www.europesays.com\/fi\/11789\/"},"modified":"2025-08-21T04:33:09","modified_gmt":"2025-08-21T04:33:09","slug":"kela-lapsille-maarataan-hoitosuositusten-vastaisia-yskanlaakkeita-uutisia-lyhyesti","status":"publish","type":"post","link":"https:\/\/www.europesays.com\/fi\/11789\/","title":{"rendered":"Kela: Lapsille m\u00e4\u00e4r\u00e4t\u00e4\u00e4n hoito\u00adsuositusten vastaisia ysk\u00e4nl\u00e4\u00e4kkeit\u00e4 | Uutisia lyhyesti"},"content":{"rendered":"<p class=\"sc-jYczwO sc-dNFkOE bUKqJd eiHPxO yle__article__paragraph\">Opiaatti\u00adjohdannaisia l\u00e4\u00e4kkeit\u00e4 kirjoitettiin jopa aivan pienille lapsille.<\/p>\n<p><img decoding=\"async\" alt=\"Ysk\u00e4nl\u00e4\u00e4kepullo l\u00e4hikuvassa.\" src=\"https:\/\/www.europesays.com\/fi\/wp-content\/uploads\/2025\/08\/39-1507607689f087807397.jpeg\" class=\"sc-dntSTA iywpZY\"\/><\/p>\n<p>Avaa kuvien katselu<\/p>\n<p>Pienet lapset ovat erityisen herkki\u00e4 ysk\u00e4nl\u00e4\u00e4kkeiden keskushermostovaikutuksille, sanoo Tampereen yliopiston dosentti P\u00e9ter Csonka. Kuva: AOP<\/p>\n<p class=\"sc-jYczwO sc-ciCoXh bUKqJd cIOueB yle__article__paragraph\">Lapsille m\u00e4\u00e4r\u00e4t\u00e4\u00e4n edelleen ysk\u00e4nl\u00e4\u00e4kereseptej\u00e4, vaikka l\u00e4\u00e4k\u00e4rien ei pit\u00e4isi kansallisten hoitosuositusten mukaan n\u00e4in en\u00e4\u00e4 tehd\u00e4, k\u00e4y ilmi Kelan tutkimuksesta.<\/p>\n<p class=\"sc-jYczwO sc-ciCoXh bUKqJd cIOueB yle__article__paragraph\">Lapsille m\u00e4\u00e4r\u00e4ttiin yleisimmin opiaattijohdannaisia ysk\u00e4nl\u00e4\u00e4kkeit\u00e4, mik\u00e4 her\u00e4tti tutkijoissa huolta. Jopa alle 2-vuotiaille m\u00e4\u00e4r\u00e4ttiin ysk\u00e4nl\u00e4\u00e4kkeit\u00e4, joista yli 90 prosenttia oli opiaattijohdannaisia vuonna 2023.<\/p>\n<p class=\"sc-jYczwO sc-ciCoXh bUKqJd cIOueB yle__article__paragraph\">\u2013 Tulos on huolestuttava. Ysk\u00e4nl\u00e4\u00e4kkeiden ja etenkin opiaattijohdannaisten m\u00e4\u00e4r\u00e4\u00e4minen lapsille on riski, koska pienet lapset ovat erityisen herkki\u00e4 n\u00e4iden l\u00e4\u00e4kkeiden keskushermostovaikutuksille, Tampereen yliopiston dosentti <strong class=\"sc-eEHciv gtNhAX yle__article__strong\">P\u00e9ter Csonka<\/strong> sanoo tiedotteessa.<\/p>\n<p class=\"sc-jYczwO sc-ciCoXh bUKqJd cIOueB yle__article__paragraph\">Trendi on kuitenkin laskeva. Tutkimuksessa selvisi, ett\u00e4 lapsille kirjoitetut ysk\u00e4nl\u00e4\u00e4kereseptit v\u00e4heniv\u00e4t vuosien 2017\u20132023 v\u00e4lill\u00e4. Reseptej\u00e4 kirjoitettiin vuonna 2023 noin kolmannes v\u00e4hemm\u00e4n kuin vuonna 2017. Erityinen pudotus n\u00e4htiin alle 5-vuotiaille m\u00e4\u00e4r\u00e4tt\u00e4vien ysk\u00e4nl\u00e4\u00e4kkeiden m\u00e4\u00e4r\u00e4ss\u00e4.<\/p>\n<p class=\"sc-jYczwO sc-ciCoXh bUKqJd cIOueB yle__article__paragraph\">Tutkijat huomauttavat, ettei tutkimuksessa seurattu ilman resepti\u00e4 ostettujen ysk\u00e4nl\u00e4\u00e4kkeiden k\u00e4ytt\u00f6\u00e4, joka voi olla huomattavasti yleisemp\u00e4\u00e4 kuin mit\u00e4 reseptitiedoista k\u00e4y ilmi.<\/p>\n<p class=\"sc-jYczwO sc-ciCoXh bUKqJd cIOueB yle__article__paragraph\">Tutkimuksen teettiv\u00e4t yhdess\u00e4 Kela ja Tampereen yliopisto. Se on julkaistu alun perin European Journal of Pediatrics -lehdess\u00e4. Tutkimuksessa selvitettiin ysk\u00e4nl\u00e4\u00e4kkeiden m\u00e4\u00e4r\u00e4\u00e4mist\u00e4 suomalaisille lapsille vuosina 2017\u20132023. Aineisto kattoi l\u00e4hes 100\u00a0000 resepti\u00e4.<\/p>\n","protected":false},"excerpt":{"rendered":"Opiaatti\u00adjohdannaisia l\u00e4\u00e4kkeit\u00e4 kirjoitettiin jopa aivan pienille lapsille. Avaa kuvien katselu Pienet lapset ovat erityisen herkki\u00e4 ysk\u00e4nl\u00e4\u00e4kkeiden keskushermostovaikutuksille, sanoo&hellip;\n","protected":false},"author":2,"featured_media":11790,"comment_status":"","ping_status":"","sticky":false,"template":"","format":"standard","meta":{"footnotes":""},"categories":[12],"tags":[22,23,26,27,33,31,30,17,71,1977,24,25,28,29,15,18,21,32,550,19,20,16],"class_list":{"0":"post-11789","1":"post","2":"type-post","3":"status-publish","4":"format-standard","5":"has-post-thumbnail","7":"category-suomi","8":"tag-breaking-news","9":"tag-breakingnews","10":"tag-featured-news","11":"tag-featurednews","12":"tag-fi","13":"tag-finland","14":"tag-finnish","15":"tag-headlines","16":"tag-kotimaa","17":"tag-laakkeet","18":"tag-latest-news","19":"tag-latestnews","20":"tag-main-news","21":"tag-mainnews","22":"tag-news","23":"tag-otsikot","24":"tag-paauutiset","25":"tag-suomi","26":"tag-terveydenhuolto","27":"tag-top-stories","28":"tag-topstories","29":"tag-uutiset"},"share_on_mastodon":{"url":"","error":""},"_links":{"self":[{"href":"https:\/\/www.europesays.com\/fi\/wp-json\/wp\/v2\/posts\/11789","targetHints":{"allow":["GET"]}}],"collection":[{"href":"https:\/\/www.europesays.com\/fi\/wp-json\/wp\/v2\/posts"}],"about":[{"href":"https:\/\/www.europesays.com\/fi\/wp-json\/wp\/v2\/types\/post"}],"author":[{"embeddable":true,"href":"https:\/\/www.europesays.com\/fi\/wp-json\/wp\/v2\/users\/2"}],"replies":[{"embeddable":true,"href":"https:\/\/www.europesays.com\/fi\/wp-json\/wp\/v2\/comments?post=11789"}],"version-history":[{"count":0,"href":"https:\/\/www.europesays.com\/fi\/wp-json\/wp\/v2\/posts\/11789\/revisions"}],"wp:featuredmedia":[{"embeddable":true,"href":"https:\/\/www.europesays.com\/fi\/wp-json\/wp\/v2\/media\/11790"}],"wp:attachment":[{"href":"https:\/\/www.europesays.com\/fi\/wp-json\/wp\/v2\/media?parent=11789"}],"wp:term":[{"taxonomy":"category","embeddable":true,"href":"https:\/\/www.europesays.com\/fi\/wp-json\/wp\/v2\/categories?post=11789"},{"taxonomy":"post_tag","embeddable":true,"href":"https:\/\/www.europesays.com\/fi\/wp-json\/wp\/v2\/tags?post=11789"}],"curies":[{"name":"wp","href":"https:\/\/api.w.org\/{rel}","templated":true}]}}