{"id":117890,"date":"2025-12-16T12:32:09","date_gmt":"2025-12-16T12:32:09","guid":{"rendered":"https:\/\/www.europesays.com\/fi\/117890\/"},"modified":"2025-12-16T12:32:09","modified_gmt":"2025-12-16T12:32:09","slug":"karppien-uusi-kotihalli-sai-tuulta-purjeisiin","status":"publish","type":"post","link":"https:\/\/www.europesays.com\/fi\/117890\/","title":{"rendered":"K\u00e4rppien uusi kotihalli sai tuulta purjeisiin"},"content":{"rendered":"<p>Ouluun suunniteltu uusi areenahanke on nytk\u00e4ht\u00e4nyt eteenp\u00e4in.<\/p>\n<p><img decoding=\"async\" class=\"image image-show image-preview\" src=\"https:\/\/www.europesays.com\/fi\/wp-content\/uploads\/2025\/12\/d23400acd72feafedfa1fe0971228d40d25dab102f6da4c2b049b3957ab2f69c.jpg\" alt=\"\"\/><img decoding=\"async\" class=\"image image-show\" src=\"https:\/\/www.europesays.com\/fi\/wp-content\/uploads\/2025\/12\/1765888329_522_d23400acd72feafedfa1fe0971228d40d25dab102f6da4c2b049b3957ab2f69c.jpg\" alt=\"\"\/><\/p>\n<p>Ouluun suunnitellaan uutta areenaa. Elmeri Elo \/ All Over Press<\/p>\n<p class=\"paragraph\">Oulun kaupunginhallitus hyv\u00e4ksyi maanantaina kokouksessaan sopimuksen, joka k\u00e4ynnist\u00e4\u00e4 Oulun el\u00e4mysareena ja ymp\u00e4rist\u00f6 -hankkeen kehitysvaiheen.<\/p>\n<p class=\"paragraph\">Oulun kaupunki kertoo asiasta <a href=\"https:\/\/www.ouka.fi\/uutiset\/oulun-elamysareena-ja-ymparisto-hankkeen-kehitysvaihe-kaynnistyy\" target=\"_blank\" rel=\"noopener nofollow\">verkkosivuillaan<\/a>.<\/p>\n<p class=\"paragraph\">Sopimus on solmittu Oulun kaupungin ja hankintakilpailun voittaneen Raksila 2.0:n v\u00e4lill\u00e4. Raksila 2.0 -yritysryhmittym\u00e4\u00e4n kuuluvat SRV Rakennus Oy ja Trevian Asset Management Oy.<\/p>\n<p class=\"paragraph\"><a href=\"https:\/\/www.kaleva.fi\/kaupunginhallitus-paatti-areenan-kehitys-alkaa-tam\/12452632\" target=\"_blank\" rel=\"noopener nofollow\">Kalevan<\/a> mukaan kaupungin osuus kehitysvaiheen kustannuksista on 645 000 euroa.<\/p>\n<p class=\"paragraph\">\u2013 Raksila 2.0 perustaa areenakonsortion, johon Oulun kaupunki liittyy. Konsortion teht\u00e4v\u00e4n\u00e4 on kehitt\u00e4\u00e4 el\u00e4mysareena investointikelpoiseksi, kaupungin verkkosivuilla kerrotaan.<\/p>\n<p class=\"paragraph\">Kehitysvaihe\u00a0kest\u00e4\u00e4 vuoden 2027 loppuun asti. Sen j\u00e4lkeen on tarkoitus tehd\u00e4 erilliset p\u00e4\u00e4t\u00f6kset\u00a0hankkeen toteuttamisesta ja kaupungin taloudellisista sitoumuksista areenaan.<\/p>\n<p class=\"paragraph\">\u2013 Kaupunki sijoittaa hankkeeseen kokonaisuudessaan enint\u00e4\u00e4n 50 miljoonaa euroa\u00a0ja vuokraa lis\u00e4ksi harjoitusj\u00e4\u00e4hallin tiloja areenayhti\u00f6lt\u00e4, kaupungin sivuilla kerrotaan.<\/p>\n<p class=\"paragraph\">Areenan paikaksi kaavailtiin aiemmin puretun oikeus- ja poliisitalon tonttia, mutta nyt se on Kalevan mukaan tarkoitus pystytt\u00e4\u00e4 nykyisten Raksilan markettien paikalle.<\/p>\n<p class=\"paragraph\">Yksi uuden areenana p\u00e4\u00e4k\u00e4ytt\u00e4jist\u00e4 olisi varmasti SM-liigaseura K\u00e4rp\u00e4t, joka pelaa t\u00e4ll\u00e4 hetkell\u00e4 legendaarisessa Raksilan j\u00e4\u00e4hallissa. Pytinki avattiin vuonna 1975.<\/p>\n<p class=\"paragraph\">Jos havainnekuva ei n\u00e4y laitteellasi, voit katsoa sen <a href=\"https:\/\/www.instagram.com\/p\/DSSyOBoApJu\/?hl=fi\" target=\"_blank\" rel=\"noopener nofollow\">t\u00e4\u00e4lt\u00e4<\/a>.<\/p>\n<p><script async src=\"\/\/www.instagram.com\/embed.js\"><\/script><\/p>\n","protected":false},"excerpt":{"rendered":"Ouluun suunniteltu uusi areenahanke on nytk\u00e4ht\u00e4nyt eteenp\u00e4in. Ouluun suunnitellaan uutta areenaa. Elmeri Elo \/ All Over Press Oulun&hellip;\n","protected":false},"author":2,"featured_media":117891,"comment_status":"","ping_status":"","sticky":false,"template":"","format":"standard","meta":{"footnotes":""},"categories":[158],"tags":[35,1274,33,31,30,41,544,159,32,1145,160,161],"class_list":{"0":"post-117890","1":"post","2":"type-post","3":"status-publish","4":"format-standard","5":"has-post-thumbnail","7":"category-urheilu","8":"tag-24h","9":"tag-ammattiurheilu","10":"tag-fi","11":"tag-finland","12":"tag-finnish","13":"tag-liikunta-ja-urheilu","14":"tag-rahoitus-ja-kiinteistoala-sektori","15":"tag-sports","16":"tag-suomi","17":"tag-talviurheilu","18":"tag-urheilu","19":"tag-urheilutapahtumat"},"share_on_mastodon":{"url":"https:\/\/pubeurope.com\/@fi\/115729265482593710","error":""},"_links":{"self":[{"href":"https:\/\/www.europesays.com\/fi\/wp-json\/wp\/v2\/posts\/117890","targetHints":{"allow":["GET"]}}],"collection":[{"href":"https:\/\/www.europesays.com\/fi\/wp-json\/wp\/v2\/posts"}],"about":[{"href":"https:\/\/www.europesays.com\/fi\/wp-json\/wp\/v2\/types\/post"}],"author":[{"embeddable":true,"href":"https:\/\/www.europesays.com\/fi\/wp-json\/wp\/v2\/users\/2"}],"replies":[{"embeddable":true,"href":"https:\/\/www.europesays.com\/fi\/wp-json\/wp\/v2\/comments?post=117890"}],"version-history":[{"count":0,"href":"https:\/\/www.europesays.com\/fi\/wp-json\/wp\/v2\/posts\/117890\/revisions"}],"wp:featuredmedia":[{"embeddable":true,"href":"https:\/\/www.europesays.com\/fi\/wp-json\/wp\/v2\/media\/117891"}],"wp:attachment":[{"href":"https:\/\/www.europesays.com\/fi\/wp-json\/wp\/v2\/media?parent=117890"}],"wp:term":[{"taxonomy":"category","embeddable":true,"href":"https:\/\/www.europesays.com\/fi\/wp-json\/wp\/v2\/categories?post=117890"},{"taxonomy":"post_tag","embeddable":true,"href":"https:\/\/www.europesays.com\/fi\/wp-json\/wp\/v2\/tags?post=117890"}],"curies":[{"name":"wp","href":"https:\/\/api.w.org\/{rel}","templated":true}]}}