{"id":117896,"date":"2025-12-16T12:36:10","date_gmt":"2025-12-16T12:36:10","guid":{"rendered":"https:\/\/www.europesays.com\/fi\/117896\/"},"modified":"2025-12-16T12:36:10","modified_gmt":"2025-12-16T12:36:10","slug":"lisaa-tuulivoimaa-pohjalaiskuntiin-halsualle-kauhavalle-ja-soiniin-alkaa-rakentua-44-tuulivoimalaa-etela-pohjanmaa","status":"publish","type":"post","link":"https:\/\/www.europesays.com\/fi\/117896\/","title":{"rendered":"Lis\u00e4\u00e4 tuulivoimaa pohjalaiskuntiin: Halsualle, Kauhavalle ja Soiniin alkaa rakentua 44 tuulivoimalaa | Etel\u00e4-Pohjanmaa"},"content":{"rendered":"<p class=\"aw-1gybjub aw-5vja16 kEtdKx kmuxyA yle__article__paragraph\">Energiayhti\u00f6 OX2 tiedottaa, ett\u00e4 se investoi kolmeen tuulivoimahankkeeseen yhteens\u00e4 noin 400 miljoonaa euroa. Ensimm\u00e4iset otetaan k\u00e4ytt\u00f6\u00f6n vuonna 2027.<\/p>\n<p><img decoding=\"async\" alt=\"OX2 Mets\u00e4lamminkankaan tuulipuisto Vaalassa. \" src=\"https:\/\/www.europesays.com\/fi\/wp-content\/uploads\/2025\/12\/39-116162464e70974254dc.jpeg\" class=\"aw-1l9m598 hKVVvP\"\/><\/p>\n<p>Avaa kuvien katselu<\/p>\n<p>OX2 kertoo, ett\u00e4 kolmen tuulivoimahankkeen investointi on yhteens\u00e4 noin 400 miljoonaa euroa. Rakennusty\u00f6t ovat kahdessa jo k\u00e4ynniss\u00e4. Kuvituskuva. Kuva: Petteri L\u00f6pp\u00f6nen<\/p>\n<p class=\"aw-1gybjub aw-1p7kakr kEtdKx cEmitX yle__article__paragraph\">Energiayhti\u00f6 OX2 kertoo, ett\u00e4 Halsualla Kanniston tuulipuiston, Kauhavalla Salo-Ylikosken ja Soinissa Korkeamaan tuulipuiston rakentaminen alkaa.<\/p>\n<p class=\"aw-1gybjub aw-1p7kakr kEtdKx cEmitX yle__article__paragraph\">Yhti\u00f6 kertoo investoivansa kolmeen hankkeeseen yhteens\u00e4 noin 400 miljoonaa euroa.<\/p>\n<p class=\"aw-1gybjub aw-1p7kakr kEtdKx cEmitX yle__article__paragraph\">Suunnitteluty\u00f6t ovat k\u00e4ynniss\u00e4 kaikissa kolmessa hankkeessa, rakennusty\u00f6t ovat alkaneet pintamaan poistolla jo Halsualla ja Kauhavalla.<\/p>\n<p class=\"aw-1gybjub aw-1p7kakr kEtdKx cEmitX yle__article__paragraph\">Valmistuttuaan tuulipuistot tuottavat s\u00e4hk\u00f6energiaa yhteens\u00e4 noin 860 GWh vuosittain. Valmistumisen j\u00e4lkeen tuulipuistojen hallinnoinnista vastaa OX2.<\/p>\n<p class=\"aw-1gybjub aw-1p7kakr kEtdKx cEmitX yle__article__paragraph\">\u2013 T\u00e4m\u00e4 toinen merkitt\u00e4v\u00e4 investointimme Suomeen t\u00e4n\u00e4 vuonna on j\u00e4lleen osoitus siit\u00e4, ett\u00e4 t\u00e4\u00e4ll\u00e4 voi investoida uusiutuvan energian tuotantoon ja mahdollistaa s\u00e4hk\u00f6nkulutuksen kasvu niin, ett\u00e4 s\u00e4hk\u00f6n hinta kuluttajille pysyy jatkossakin edullisena\u201d, OX2 Finlandin maajohtaja <strong class=\"aw-ak79eh KyCXm yle__article__strong\">Veli-Pekka Alkula<\/strong> toteaa yhti\u00f6n tiedotteessa.<\/p>\n<p class=\"aw-1gybjub aw-1p7kakr kEtdKx cEmitX yle__article__paragraph\">Halsualle rakentuu 20 tuulivoimalaa, joiden k\u00e4ytt\u00f6\u00f6nottoa suunnitellaan vuodelle 2028, Kauhavalle tulee 17 tuulivoimalaa ja Soiniin 7. Kauhavan ja Soinin tuulivoimapuistojen k\u00e4ytt\u00f6\u00f6nottoa suunnitellaan vuodelle 2027.<\/p>\n<p>Useita hankkeita<\/p>\n<p class=\"aw-1gybjub aw-1p7kakr kEtdKx cEmitX yle__article__paragraph\">OX2 kertoo tehneens\u00e4 t\u00e4n\u00e4 vuonna Suomessa investointip\u00e4\u00e4t\u00f6ksen yhteens\u00e4 noin 750 MW:sta tuulivoimaa. Lis\u00e4ksi sill\u00e4 on 18 muuta maatuulivoimahanketta Suomessa.<\/p>\n<p class=\"aw-1gybjub aw-1p7kakr kEtdKx cEmitX yle__article__paragraph\">Yhti\u00f6n kohteita ovat esimerkiksi Lestij\u00e4rven tuulipuisto sek\u00e4 Isojoen-Karijoen alueelle rakentuva Rajam\u00e4enkyl\u00e4n tuulipuisto.<\/p>\n<p class=\"aw-1gybjub aw-1p7kakr kEtdKx cEmitX yle__article__paragraph\">Nyt tehtyjen investointip\u00e4\u00e4t\u00f6sten j\u00e4lkeen OX2:n hallinnoima kapasiteetti on yhti\u00f6n mukaan tulevaisuudessa yli 2\u00a0500 MW.<\/p>\n<p class=\"aw-1gybjub aw-1p7kakr kEtdKx cEmitX yle__article__paragraph\">OX2-yhti\u00f6n lis\u00e4ksi tuulivoimahankkeita rahoittavat KfW IPEX-Bank, NatWest, Nordea ja SEB. OX2:n mukaan hankkeille on sovittu pitk\u00e4aikaiset PPA- eli s\u00e4hk\u00f6nostosopimukset kansainv\u00e4lisesti toimivien yritysten kanssa.<\/p>\n","protected":false},"excerpt":{"rendered":"Energiayhti\u00f6 OX2 tiedottaa, ett\u00e4 se investoi kolmeen tuulivoimahankkeeseen yhteens\u00e4 noin 400 miljoonaa euroa. Ensimm\u00e4iset otetaan k\u00e4ytt\u00f6\u00f6n vuonna 2027.&hellip;\n","protected":false},"author":2,"featured_media":117897,"comment_status":"","ping_status":"","sticky":false,"template":"","format":"standard","meta":{"footnotes":""},"categories":[76],"tags":[79,77,2038,1377,33,31,30,2028,1672,451,2031,11720,32,78,2025,8229,4009],"class_list":{"0":"post-117896","1":"post","2":"type-post","3":"status-publish","4":"format-standard","5":"has-post-thumbnail","7":"category-talous","8":"tag-business","9":"tag-economy","10":"tag-energia","11":"tag-etela-pohjanmaa","12":"tag-fi","13":"tag-finland","14":"tag-finnish","15":"tag-halsua","16":"tag-kauhava","17":"tag-keski-pohjanmaa","18":"tag-ox2","19":"tag-soini","20":"tag-suomi","21":"tag-talous","22":"tag-tuulienergia","23":"tag-uusiutuvat-energialahteet","24":"tag-vesi-ja-energiahuolto"},"share_on_mastodon":{"url":"https:\/\/pubeurope.com\/@fi\/115729281139311598","error":""},"_links":{"self":[{"href":"https:\/\/www.europesays.com\/fi\/wp-json\/wp\/v2\/posts\/117896","targetHints":{"allow":["GET"]}}],"collection":[{"href":"https:\/\/www.europesays.com\/fi\/wp-json\/wp\/v2\/posts"}],"about":[{"href":"https:\/\/www.europesays.com\/fi\/wp-json\/wp\/v2\/types\/post"}],"author":[{"embeddable":true,"href":"https:\/\/www.europesays.com\/fi\/wp-json\/wp\/v2\/users\/2"}],"replies":[{"embeddable":true,"href":"https:\/\/www.europesays.com\/fi\/wp-json\/wp\/v2\/comments?post=117896"}],"version-history":[{"count":0,"href":"https:\/\/www.europesays.com\/fi\/wp-json\/wp\/v2\/posts\/117896\/revisions"}],"wp:featuredmedia":[{"embeddable":true,"href":"https:\/\/www.europesays.com\/fi\/wp-json\/wp\/v2\/media\/117897"}],"wp:attachment":[{"href":"https:\/\/www.europesays.com\/fi\/wp-json\/wp\/v2\/media?parent=117896"}],"wp:term":[{"taxonomy":"category","embeddable":true,"href":"https:\/\/www.europesays.com\/fi\/wp-json\/wp\/v2\/categories?post=117896"},{"taxonomy":"post_tag","embeddable":true,"href":"https:\/\/www.europesays.com\/fi\/wp-json\/wp\/v2\/tags?post=117896"}],"curies":[{"name":"wp","href":"https:\/\/api.w.org\/{rel}","templated":true}]}}