{"id":117914,"date":"2025-12-16T13:03:09","date_gmt":"2025-12-16T13:03:09","guid":{"rendered":"https:\/\/www.europesays.com\/fi\/117914\/"},"modified":"2025-12-16T13:03:09","modified_gmt":"2025-12-16T13:03:09","slug":"paatettiinko-berliinissa-lahettaa-eurooppalaisia-joukkoja-ukrainaan-professori-vastaa-ulkomaat","status":"publish","type":"post","link":"https:\/\/www.europesays.com\/fi\/117914\/","title":{"rendered":"P\u00e4\u00e4tettiink\u00f6 Berliiniss\u00e4 l\u00e4hett\u00e4\u00e4 eurooppalaisia joukkoja Ukrainaan? Professori vastaa | Ulkomaat"},"content":{"rendered":"<p class=\"aw-1gybjub aw-1p7kakr kEtdKx cEmitX yle__article__paragraph\">Ukrainan sodan ratkaisusta neuvoteltiin kahden p\u00e4iv\u00e4n ajan Berliiniss\u00e4.<\/p>\n<p class=\"aw-1gybjub aw-1p7kakr kEtdKx cEmitX yle__article__paragraph\">My\u00f6h\u00e4\u00e4n maanantai-iltana kymmenen maata allekirjoitti <a class=\"aw-iao6s4 iHOxEa yle__article__link\" href=\"https:\/\/www.presidentti.fi\/statement-by-chancellor-merz-prime-minister-frederiksen-president-stubb-president-macron-prime-minister-meloni-prime-minister-schoof-prime-minister-store-prime-minister-tusk-prime-minister-kri\/\" role=\"link\" rel=\"nofollow noopener\" target=\"_blank\">julkilausuman<\/a>, jossa sek\u00e4 eurooppalaiset ett\u00e4 Yhdysvallat sitoutuvat ty\u00f6skentelem\u00e4\u00e4n tarjotakseen Ukrainalle vankat turvatakuut ja taloudellista tukea. Presidentti <strong class=\"aw-ak79eh KyCXm yle__article__strong\">Alexander Stubb oli yksi julkilausuman allekirjoittajista.<\/strong><\/p>\n<p class=\"aw-1gybjub aw-1p7kakr kEtdKx cEmitX yle__article__paragraph\">Yhdysvallat, Ukraina ja Eurooppa ovat nyt aiempaa l\u00e4hemp\u00e4n\u00e4 yhteist\u00e4 linjaa <a class=\"aw-iao6s4 iHOxEa yle__article__link\" href=\"https:\/\/yle.fi\/a\/74-20199815\" role=\"link\" rel=\"nofollow noopener\" target=\"_blank\">Ukrainan rauhan kysymyksiss\u00e4<\/a>, Stubb arvioi neuvotteluiden j\u00e4lkeen.<\/p>\n<p class=\"aw-1gybjub aw-1p7kakr kEtdKx cEmitX yle__article__paragraph\">Helsingin yliopiston maailmanpolitiikan professori <strong class=\"aw-ak79eh KyCXm yle__article__strong\">Teivo Teivainen<\/strong> analysoi Ylelle neuvottelujen tuloksia.<\/p>\n<p class=\"aw-1gybjub aw-1p7kakr kEtdKx cEmitX yle__article__paragraph\">Katso t\u00e4st\u00e4 nelj\u00e4 kysymyst\u00e4 ja vastausta.<\/p>\n<p class=\"aw-1gybjub aw-1p7kakr kEtdKx cEmitX yle__article__paragraph\"><strong class=\"aw-ak79eh KyCXm yle__article__strong\">1. Eurooppalaiset johtajat ja Yhdysvallat sitoutuvat vahvoihin turvatakuisiin Ukrainalle. N\u00e4hd\u00e4\u00e4nk\u00f6 Ukrainassa sittenkin eurooppalaisia joukkoja?<\/strong><\/p>\n<p class=\"aw-1gybjub aw-1p7kakr kEtdKx cEmitX yle__article__paragraph\">\u2013 Se on aika ep\u00e4selv\u00e4\u00e4. Nyt koetetaan rakentaa j\u00e4rjestely\u00e4, joka antaisi Ukrainalle samanlaisen turvallisuudentunteen kuin Naton turvatakuut mutta ilman, ett\u00e4 Ven\u00e4j\u00e4 kokisi Ukrainan saavuttaneen Nato-j\u00e4senyytt\u00e4 vastaavan aseman, Teivainen sanoo.<\/p>\n<p><img decoding=\"async\" alt=\"Teivo Teivainen.\" src=\"https:\/\/www.europesays.com\/fi\/wp-content\/uploads\/2025\/12\/39-1375549672b096c4eb3b.jpeg\" loading=\"lazy\" class=\"aw-1l9m598 hKVVvP\"\/><\/p>\n<p>Avaa kuvien katselu<\/p>\n<p>Helsingin yliopiston maailmanpolitiikan professori Teivo Teivainen Kuva: Susanna Pesonen \/ Yle<\/p>\n<p class=\"aw-1gybjub aw-1p7kakr kEtdKx cEmitX yle__article__paragraph\">Teivaisen mukaan neuvottelustrategiana on tarjota Ukrainalle niin vahvoja takuita, ett\u00e4 Ukraina olisi valmis suostumaan joihinkin Ven\u00e4j\u00e4n vaatimuksista nimenomaan alueluovutusten osalta.<\/p>\n<p class=\"aw-1gybjub aw-1p7kakr kEtdKx cEmitX yle__article__paragraph\">T\u00e4m\u00e4 on kannustanut eurooppalaisia Naton j\u00e4senmaita, mukaan lukien Suomea, ehk\u00e4 panostamaan hieman enemm\u00e4n turvaj\u00e4rjestelyihin ja turvatakuisiin, jotta saadaan sellainen paketti, joka kelpaa Yhdysvalloille &#8211; ja sit\u00e4 kautta ehk\u00e4 my\u00f6s Ven\u00e4j\u00e4lle, Teivainen sanoo.<\/p>\n<p class=\"aw-1gybjub aw-1p7kakr kEtdKx cEmitX yle__article__paragraph\"><strong class=\"aw-ak79eh KyCXm yle__article__strong\">2. Joulukuun alussa p\u00e4\u00e4ministeri Petteri Orpo<\/strong> <a class=\"aw-iao6s4 iHOxEa yle__article__link\" href=\"https:\/\/yle.fi\/a\/74-20197349\" role=\"link\" rel=\"nofollow noopener\" target=\"_blank\"><strong class=\"aw-ak79eh KyCXm yle__article__strong\">totesi<\/strong><\/a><strong class=\"aw-ak79eh KyCXm yle__article__strong\">, ettei Suomi lupaa Ukrainalle turvatakuita, vaan osallistuu \u201dturvallisuusj\u00e4rjestelyihin\u201d. Mik\u00e4 on muuttunut?<\/strong><\/p>\n<p class=\"aw-1gybjub aw-1p7kakr kEtdKx cEmitX yle__article__paragraph\">Teivaisen mukaan Suomen halukkuus osallistua turvaj\u00e4rjestelyihin on kenties hieman kasvanut.<\/p>\n<p class=\"aw-1gybjub aw-1p7kakr kEtdKx cEmitX yle__article__paragraph\">\u2013 Suomessahan korostetaan, ett\u00e4 Suomi on Ven\u00e4j\u00e4n naapurimaa, Teivainen sanoo.<\/p>\n<p class=\"aw-1gybjub aw-1p7kakr kEtdKx cEmitX yle__article__paragraph\">Siksi sitoutuminen turvatakuuj\u00e4rjestelyyn tavalla, joka voisi ajaa Suomen osaksi aseellista konfliktia, olisi Suomelle Ven\u00e4j\u00e4n rajanaapurina hyvin erilainen tilanne kuin jos turvatakuun antaisi jokin kauempana sijaitseva valtio.<\/p>\n<p class=\"aw-1gybjub aw-1p7kakr kEtdKx cEmitX yle__article__paragraph\">Teivaisen mukaan presidentti Stubbin n\u00e4kyv\u00e4 aktiivisuus ja niin sanottu sukkuladiplomatia liittyy juuri t\u00e4h\u00e4n.<\/p>\n<p class=\"aw-1gybjub aw-1p7kakr kEtdKx cEmitX yle__article__paragraph\">\u2013 Se ehk\u00e4 osittain hiukan paikkaa sit\u00e4, ett\u00e4 Suomi ei Ven\u00e4j\u00e4n rajamaana ihan samalla tavalla osallistuisi turvatakuisiin kuin jokin Ven\u00e4j\u00e4st\u00e4 kauempana oleva maa, Teivainen sanoo.<\/p>\n<p class=\"aw-1gybjub aw-1p7kakr kEtdKx cEmitX yle__article__paragraph\"><strong class=\"aw-ak79eh KyCXm yle__article__strong\">Katso, kuinka Teivainen arvioi Suomen halukkuutta taata Ukrainan turvallisuutta:<\/strong><\/p>\n<p class=\"aw-1gybjub aw-1p7kakr kEtdKx cEmitX yle__article__paragraph\">Eurooppalaisista maista Ranskalla ja Britannialla on merkitt\u00e4v\u00e4 rooli turvatakuissa. Se liittyy osittain my\u00f6s ydinasepelotteeseen, Teivainen sanoo.<\/p>\n<p class=\"aw-1gybjub aw-1p7kakr kEtdKx cEmitX yle__article__paragraph\">Toisaalta on korostettu, ett\u00e4 Yhdysvallat on se, joka toimii viime k\u00e4dess\u00e4 pelotteena ja takaajana. Muiden maiden roolista on ollut paljon v\u00e4hemm\u00e4n puhetta.<\/p>\n<p class=\"aw-1gybjub aw-1p7kakr kEtdKx cEmitX yle__article__paragraph\"><strong class=\"aw-ak79eh KyCXm yle__article__strong\">3. Voivatko eurooppalaisten maiden johtajat luottaa, ett\u00e4 Yhdysvallat tosipaikan tullen takaa Ukrainan turvallisuuden?<\/strong><\/p>\n<p class=\"aw-1gybjub aw-1p7kakr kEtdKx cEmitX yle__article__paragraph\">Yhdysvaltojen halu tulla Euroopan avuksi mahdollisissa sotilaallisissa konflikteissa on ollut monin tavoin koetuksella. Se n\u00e4kyy my\u00f6s siin\u00e4, mink\u00e4laista tukea Ukraina voi saada, Teivainen sanoo.<\/p>\n<p class=\"aw-1gybjub aw-1p7kakr kEtdKx cEmitX yle__article__paragraph\">\u2013 Uskon, ett\u00e4 t\u00e4llainen huoli ja ep\u00e4varmuus on eurooppalaisten neuvottelijoiden mieless\u00e4. Mutta toisaalta neuvottelutaktiikkana on koettaa saada nyt [Yhdysvaltain presidentti\u00e4] <strong class=\"aw-ak79eh KyCXm yle__article__strong\">Donald Trumpia<\/strong> miellytt\u00e4v\u00e4 sopimus aikaan.<\/p>\n<p class=\"aw-1gybjub aw-1p7kakr kEtdKx cEmitX yle__article__paragraph\">\u2013 Sellaisen saamiseksi on ehk\u00e4 aika turha esitt\u00e4\u00e4 huolta siit\u00e4, ett\u00e4 tuleeko Yhdysvallat viime k\u00e4dess\u00e4 tukemaan.<\/p>\n<p class=\"aw-1gybjub aw-1p7kakr kEtdKx cEmitX yle__article__paragraph\"><strong class=\"aw-ak79eh KyCXm yle__article__strong\">4. Julkilausuman mukaan Yhdysvallat johtaisi tulitauon \u201dseurannan ja varmentamisen mekanismia\u201d. Mit\u00e4 t\u00e4m\u00e4 tarkoittaisi k\u00e4yt\u00e4nn\u00f6ss\u00e4, onko odotettavissa Yhdysvaltain joukkoja Ukrainan maaper\u00e4lle?<\/strong><\/p>\n<p class=\"aw-1gybjub aw-1p7kakr kEtdKx cEmitX yle__article__paragraph\">\u2013 T\u00e4m\u00e4kin on viel\u00e4 ilmassa, miten yksityiskohdat mahdollisen sopimuksen valvonnasta muotoutuvat, professori Teivainen sanoo.<\/p>\n<p class=\"aw-1gybjub aw-1p7kakr kEtdKx cEmitX yle__article__paragraph\">\u2013 Yhdysvalloilla on ollut aika nihke\u00e4 suhtautuminen siihen, ett\u00e4 etenk\u00e4\u00e4n maajoukkoja Yhdysvalloista tulisi Ukrainaan mit\u00e4\u00e4n sopimusta valvomaan. Ilmatilan valvonta ja muut toimet ovat olleet enemm\u00e4n esill\u00e4.<\/p>\n<p class=\"aw-1gybjub aw-1p7kakr kEtdKx cEmitX yle__article__paragraph\">Yhdysvaltalaisten joukkojen l\u00e4hett\u00e4minen Ukrainan maaper\u00e4lle voisi her\u00e4tt\u00e4\u00e4 vastustusta jo Trumpin omissa tukijoukoissa, Maga-porukassa, Teivainen huomauttaa.<\/p>\n<p class=\"aw-1gybjub aw-1p7kakr kEtdKx cEmitX yle__article__paragraph\"><strong class=\"aw-ak79eh KyCXm yle__article__strong\">Katso videolta, kuinka Yhdysvaltain presidentti Donald Trump kommentoi Berliinin rauhanneuvottelujen edistymist\u00e4:<\/strong><\/p>\n","protected":false},"excerpt":{"rendered":"Ukrainan sodan ratkaisusta neuvoteltiin kahden p\u00e4iv\u00e4n ajan Berliiniss\u00e4. My\u00f6h\u00e4\u00e4n maanantai-iltana kymmenen maata allekirjoitti julkilausuman, jossa sek\u00e4 eurooppalaiset ett\u00e4&hellip;\n","protected":false},"author":2,"featured_media":117915,"comment_status":"","ping_status":"","sticky":false,"template":"","format":"standard","meta":{"footnotes":""},"categories":[14],"tags":[3406,22,23,26,27,33,31,30,17,24,25,28,29,15,18,21,4083,32,19,20,5045,56,16,987,59,60,61],"class_list":{"0":"post-117914","1":"post","2":"type-post","3":"status-publish","4":"format-standard","5":"has-post-thumbnail","7":"category-ulkomaat","8":"tag-alexander-stubb","9":"tag-breaking-news","10":"tag-breakingnews","11":"tag-featured-news","12":"tag-featurednews","13":"tag-fi","14":"tag-finland","15":"tag-finnish","16":"tag-headlines","17":"tag-latest-news","18":"tag-latestnews","19":"tag-main-news","20":"tag-mainnews","21":"tag-news","22":"tag-otsikot","23":"tag-paauutiset","24":"tag-rauhanneuvottelut","25":"tag-suomi","26":"tag-top-stories","27":"tag-topstories","28":"tag-turvatakuut","29":"tag-ulkomaat","30":"tag-uutiset","31":"tag-venajan-hyokkays","32":"tag-world","33":"tag-world-news","34":"tag-worldnews"},"share_on_mastodon":{"url":"https:\/\/pubeurope.com\/@fi\/115729387233320216","error":""},"_links":{"self":[{"href":"https:\/\/www.europesays.com\/fi\/wp-json\/wp\/v2\/posts\/117914","targetHints":{"allow":["GET"]}}],"collection":[{"href":"https:\/\/www.europesays.com\/fi\/wp-json\/wp\/v2\/posts"}],"about":[{"href":"https:\/\/www.europesays.com\/fi\/wp-json\/wp\/v2\/types\/post"}],"author":[{"embeddable":true,"href":"https:\/\/www.europesays.com\/fi\/wp-json\/wp\/v2\/users\/2"}],"replies":[{"embeddable":true,"href":"https:\/\/www.europesays.com\/fi\/wp-json\/wp\/v2\/comments?post=117914"}],"version-history":[{"count":0,"href":"https:\/\/www.europesays.com\/fi\/wp-json\/wp\/v2\/posts\/117914\/revisions"}],"wp:featuredmedia":[{"embeddable":true,"href":"https:\/\/www.europesays.com\/fi\/wp-json\/wp\/v2\/media\/117915"}],"wp:attachment":[{"href":"https:\/\/www.europesays.com\/fi\/wp-json\/wp\/v2\/media?parent=117914"}],"wp:term":[{"taxonomy":"category","embeddable":true,"href":"https:\/\/www.europesays.com\/fi\/wp-json\/wp\/v2\/categories?post=117914"},{"taxonomy":"post_tag","embeddable":true,"href":"https:\/\/www.europesays.com\/fi\/wp-json\/wp\/v2\/tags?post=117914"}],"curies":[{"name":"wp","href":"https:\/\/api.w.org\/{rel}","templated":true}]}}