{"id":117926,"date":"2025-12-16T13:28:08","date_gmt":"2025-12-16T13:28:08","guid":{"rendered":"https:\/\/www.europesays.com\/fi\/117926\/"},"modified":"2025-12-16T13:28:08","modified_gmt":"2025-12-16T13:28:08","slug":"kadet-ristiin-ettei-keskuspankki-hosu-koronnostojen-kanssa","status":"publish","type":"post","link":"https:\/\/www.europesays.com\/fi\/117926\/","title":{"rendered":"K\u00e4det ristiin, ettei keskuspankki hosu koronnostojen kanssa"},"content":{"rendered":"<p>Suomen kannalta olisi sit\u00e4 parempi, mit\u00e4 my\u00f6hemmin Euroopan keskuspankki muuttaa ohjauskorkoa.<\/p>\n<p class=\"article-body mb-nof-24 px-nof-16\">Euroalueella odotetaan, mit\u00e4 Euroopan keskuspankki p\u00e4\u00e4tt\u00e4\u00e4 ohjauskorostaan torstaina. Markkinoilla koronlaskuihin ei en\u00e4\u00e4 uskota. Suomessa liikepankit ennakoivat seuraavaksi koronnostoja, mutta aikataulu on viel\u00e4 ep\u00e4selv\u00e4: EKP nostaa ohjauskorkoja joko ensi vuonna tai viimeist\u00e4\u00e4n vuonna 2027. Kuten aina, korkojen nousu on Suomen ontuvalle taloudelle myrkky\u00e4.<\/p>\n<p class=\"article-body mb-nof-24 px-nof-16\">Meille on parempi, jos EKP muuttaa ohjauskorkoa mahdollisimman kaukana tulevaisuudessa, jotta talous ehtisi edes v\u00e4h\u00e4n elpy\u00e4. Suomessa inflaatio on viel\u00e4kin reilusti alle euroalueen tason.<\/p>\n<p class=\"article-body mb-nof-24 px-nof-16\">Yleisin asuntolainojen viitekorko eli 12 kuukauden markkinakoko on k\u00e4\u00e4ntynyt taas loivaan nousuun noin 2,3 prosentin kieppeille. Kuluttajan kannalta se tarkoittaa, ett\u00e4 t\u00e4t\u00e4 halvemmalla ei rahaa en\u00e4\u00e4 saa.<\/p>\n<p class=\"article-body mb-nof-24 px-nof-16\">Torstaina kuullaan Suomessa my\u00f6s valtiovarainministeri\u00f6n talousennuste, jota on ruuvattu alemmaksi edellisest\u00e4. Nyt saataneen my\u00f6s arviota siit\u00e4, mik\u00e4 on talouden <a class=\"article-genericlink\" href=\"https:\/\/www.hs.fi\/talous\/art-2000011634955.html\" rel=\"nofollow noopener\" target=\"_blank\">\u201dtuntematon jarru\u201d<\/a>, josta ministeri\u00f6n ylijohtaja Mikko Spolander marraskuussa puhui Helsingin Sanomissa.<\/p>\n<p class=\"article-body mb-nof-24 px-nof-16\">Spolanderin haastattelun j\u00e4lkeen Suomen on ollut pakko ottaa Euroopan komissiolta suosituksia siit\u00e4, miten p\u00e4\u00e4st\u00e4 pois tarkkailuluokalta. Viime viikolla kerrottiin my\u00f6s, ett\u00e4 valtio joutuu ottamaan t\u00e4n\u00e4 vuonna velkaa 3,5 miljardia enemm\u00e4n kuin on budjetoitu. Velan tarve nousee 17,8 miljardiin euroon. Enemm\u00e4n on tarvittu vain koronavuonna 2020. Toistuvat huonot uutiset eiv\u00e4t voi olla vaikuttamatta kuluttajien odotuksiin siit\u00e4, millaisia omaan talouteen ulottuvia p\u00e4\u00e4t\u00f6ksi\u00e4 valtiolta on l\u00e4hivuosina tiedossa.<\/p>\n<p class=\"article-body mb-nof-24 px-nof-16\">\u201dTuntematon jarru\u201d on yhdistelm\u00e4 suomalaista pessimismi\u00e4 ja aitoa rahapulaa. Akava Worksin p\u00e4\u00e4ekonomisti Pasi Sorjonen kertoi viime viikolla, miten keskituloisen, 4\u202f200 euroa ansaitsevan on viime vuosina k\u00e4ynyt. Vuosien 2022\u20132025 aikana reaalisista bruttotuloista on kadonnut yhteens\u00e4 9\u202f350 euroa ja verojen j\u00e4lkeisist\u00e4 nettotuloista 5\u202f900 euroa. Se on my\u00f6s arvio menetetyst\u00e4 kulutusmahdollisuudesta. Viel\u00e4 huonommin on k\u00e4ynyt ty\u00f6tt\u00f6miksi joutuneille.<\/p>\n<p class=\"article-body mb-nof-24 px-nof-16\">Suomessa rahasta on pulaa, mutta pahimmillaan se loppuu. EU:n huippukokouksesta pit\u00e4isi tulla selkoa siit\u00e4, miten parissa kuukaudessa tyhjilleen menev\u00e4\u00e4 Ukrainan kassaa tuetaan. Mik\u00e4li Ven\u00e4j\u00e4n j\u00e4\u00e4dytettyjen varojen k\u00e4yt\u00f6st\u00e4 sotakorvauslainan my\u00f6nt\u00e4miseksi ei p\u00e4\u00e4st\u00e4 sopuun, on EU:lla edess\u00e4 joko yhteisvelka tai toistuvien, lyhytaikaisesti Ukrainaa auttavien pienempien raha-apujen my\u00f6nt\u00e4minen. Vaikka iso potti p\u00e4\u00e4tett\u00e4isiin ottaa k\u00e4ytt\u00f6\u00f6n, Ukraina tarvitsee joka tapauksessa kev\u00e4ttalvella noin kymmenen miljardin euroa siltarahoituksena.<\/p>\n","protected":false},"excerpt":{"rendered":"Suomen kannalta olisi sit\u00e4 parempi, mit\u00e4 my\u00f6hemmin Euroopan keskuspankki muuttaa ohjauskorkoa. Euroalueella odotetaan, mit\u00e4 Euroopan keskuspankki p\u00e4\u00e4tt\u00e4\u00e4 ohjauskorostaan&hellip;\n","protected":false},"author":2,"featured_media":117927,"comment_status":"","ping_status":"","sticky":false,"template":"","format":"standard","meta":{"footnotes":""},"categories":[76],"tags":[157,79,77,33,31,30,32,78],"class_list":{"0":"post-117926","1":"post","2":"type-post","3":"status-publish","4":"format-standard","5":"has-post-thumbnail","7":"category-talous","8":"tag-aamulehti","9":"tag-business","10":"tag-economy","11":"tag-fi","12":"tag-finland","13":"tag-finnish","14":"tag-suomi","15":"tag-talous"},"share_on_mastodon":{"url":"https:\/\/pubeurope.com\/@fi\/115729485342370085","error":""},"_links":{"self":[{"href":"https:\/\/www.europesays.com\/fi\/wp-json\/wp\/v2\/posts\/117926","targetHints":{"allow":["GET"]}}],"collection":[{"href":"https:\/\/www.europesays.com\/fi\/wp-json\/wp\/v2\/posts"}],"about":[{"href":"https:\/\/www.europesays.com\/fi\/wp-json\/wp\/v2\/types\/post"}],"author":[{"embeddable":true,"href":"https:\/\/www.europesays.com\/fi\/wp-json\/wp\/v2\/users\/2"}],"replies":[{"embeddable":true,"href":"https:\/\/www.europesays.com\/fi\/wp-json\/wp\/v2\/comments?post=117926"}],"version-history":[{"count":0,"href":"https:\/\/www.europesays.com\/fi\/wp-json\/wp\/v2\/posts\/117926\/revisions"}],"wp:featuredmedia":[{"embeddable":true,"href":"https:\/\/www.europesays.com\/fi\/wp-json\/wp\/v2\/media\/117927"}],"wp:attachment":[{"href":"https:\/\/www.europesays.com\/fi\/wp-json\/wp\/v2\/media?parent=117926"}],"wp:term":[{"taxonomy":"category","embeddable":true,"href":"https:\/\/www.europesays.com\/fi\/wp-json\/wp\/v2\/categories?post=117926"},{"taxonomy":"post_tag","embeddable":true,"href":"https:\/\/www.europesays.com\/fi\/wp-json\/wp\/v2\/tags?post=117926"}],"curies":[{"name":"wp","href":"https:\/\/api.w.org\/{rel}","templated":true}]}}