{"id":11793,"date":"2025-08-21T04:46:09","date_gmt":"2025-08-21T04:46:09","guid":{"rendered":"https:\/\/www.europesays.com\/fi\/11793\/"},"modified":"2025-08-21T04:46:09","modified_gmt":"2025-08-21T04:46:09","slug":"taloudellisesti-tassa-ei-ollut-mitaan-jarkea","status":"publish","type":"post","link":"https:\/\/www.europesays.com\/fi\/11793\/","title":{"rendered":"\u201dTaloudellisesti t\u00e4ss\u00e4 ei ollut mit\u00e4\u00e4n j\u00e4rke\u00e4\u201d"},"content":{"rendered":"<p>\n            Mauri Pekkarinen viihtyy vesill\u00e4, mutta kalastajaksi mies ei tunnustaudu. \u2013 En osaa muuta kuin onkia ja heitt\u00e4\u00e4 verkkoja veteen, h\u00e4n hym\u00e4ht\u00e4\u00e4.<br \/>\n            Matti Matikainen\n        <\/p>\n<p class=\"subtitle \">Mauri j\u00e4tt\u00e4ytyi viime vuonna sivuun politiikan isoista ympyr\u00f6ist\u00e4.<\/p>\n<p class=\"article-content article-content-width !bg-background\">Politiikan ikiliikkujana<br \/>\ntunnettu , 77, ohjaa s\u00e4hk\u00f6moottorilla lipuvan soutuveneen<br \/>\nkotirantaansa Jyv\u00e4skyl\u00e4n kupeessa Korpilahden Oittilassa.\u00a0<\/p>\n<p class=\"article-content article-content-width !bg-background\">P\u00e4ij\u00e4nteen rannalla<br \/>\nseisoo moderni vierastalo, jonka edustalla komeilee rantalentopallokentt\u00e4.<\/p>\n<p>Entinen kes\u00e4paikka<\/p>\n<p class=\"article-content article-content-width !bg-background\">Kauempana rannasta<br \/>\nsijaitsee vanha Vespuolen kyl\u00e4koulu, jonka konkaripoliitikko on yhdess\u00e4 puolisonsa<br \/>\n kanssa kunnostanut kaikessa hiljaisuudessa vakituiseksi kodikseen. He<br \/>\nostivat paikan vuonna 2015.<\/p>\n<p class=\"article-content article-content-width !bg-background\">\u2013 Hankimme t\u00e4m\u00e4n alkujaan<br \/>\nkes\u00e4paikaksi. Lopulta innostuttiin maaseutuel\u00e4m\u00e4st\u00e4 niin paljon, ett\u00e4 muutimme<br \/>\nt\u00e4nne kokonaan sek\u00e4 rakennettiin rantaan yhdistetty vierasmaja ja sauna, Mauri<br \/>\nviitoittaa.<\/p>\n<p>                <img decoding=\"async\" src=\"https:\/\/www.europesays.com\/fi\/wp-content\/uploads\/2025\/08\/1896812.webp\" width=\"576\" height=\"274\" alt=\"Maurin ja Raijan tontille on noussut uusi ja moderni sauna sek\u00e4 vierastalo.\" loading=\"lazy\" \/>            <\/p>\n<p>\n            Maurin ja Raijan tontille on noussut uusi ja moderni sauna sek\u00e4 vierastalo.<\/p>\n<p class=\"article-content article-content-width !bg-background\">Paitsi rantatalon<br \/>\npystytt\u00e4miseen, my\u00f6s 350-neli\u00f6isen koulun kunnostamiseen on uponnut rahaa.<br \/>\nVuonna 1910 rakennettua koulua oli remontoitu edellisen kerran 1980-luvun<br \/>\nalussa.<\/p>\n<p class=\"article-content article-content-width !bg-background\">\u2013 Olemme laittaneet t\u00e4h\u00e4n<br \/>\nniin paljon rahaa, ettei t\u00e4ss\u00e4 ole ollut taloudellisesti mit\u00e4\u00e4n j\u00e4rke\u00e4. Ainakin<br \/>\nparisataatuhatta euroa on mennyt. Mutta t\u00e4m\u00e4 on tehty koko sukumme yhteiseen<br \/>\nk\u00e4ytt\u00f6\u00f6n. Paikaksi, johon kaikki voivat kokoontua, Mauri huomauttaa.<\/p>\n<p class=\"article-content article-content-width !bg-background\">Maurilla ja Raijalla on nelj\u00e4<br \/>\nlasta sek\u00e4 kymmenen lastenlasta, jotka usein majoittuvat vierastalossa. <\/p>\n<p class=\"article-content article-content-width !bg-background\">\u2013 Parhaillaan t\u00e4\u00e4ll\u00e4 on 20<br \/>\nhengen porukka. Kun lapset tulevat puolisoidensa ja lapsiensa kanssa k\u00e4ym\u00e4\u00e4n, silloin<br \/>\nriitt\u00e4\u00e4 menoa ja vilskett\u00e4.<\/p>\n<p>        <a itemprop=\"url\" href=\"https:\/\/www.seiska.fi\/kotimaa\/ben-zyskowiczista-erikoinen-paljastus-arkadianmaella-hyytava-tunnelma\/1896363\" rel=\"nofollow noopener\" target=\"_blank\"><\/p>\n<p>\nErikoinen paljastus\n<\/p>\n<p class=\"section-date\">\n        <strong class=\"article-section\" data-section=\"kotimaa\"><br \/>\n            kotimaa<br \/>\n        <\/strong><br \/>\n        14.8. 17:00\n    <\/p>\n<p>    Ben Zyskowiczista erikoinen paljastus \u2013 Arkadianm\u00e4ell\u00e4 hyyt\u00e4v\u00e4 tunnelma<\/p>\n<p itemprop=\"description\" class=\"subtitle \">\n    Suomen pitk\u00e4aikaisin istuva kansanedustaja toipuu aivoinfarktista.\n<\/p>\n<p>        <\/a><\/p>\n<p>                <img decoding=\"async\" src=\"https:\/\/www.europesays.com\/fi\/wp-content\/uploads\/2025\/08\/1896779.webp\" width=\"576\" height=\"274\" alt=\"Mauri ja Raija Pekkarisen rakkaus on kest\u00e4nyt yli 50 vuotta.\" loading=\"lazy\" \/>            <\/p>\n<p>\n            Mauri ja Raija Pekkarisen rakkaus on kest\u00e4nyt yli 50 vuotta.<br \/>\n            Matti Matikainen\n        <\/p>\n<p>\u00a0Marjapensaat tyhjennetty<\/p>\n<p class=\"article-content article-content-width !bg-background\">\u2013 Mustikoita ja mansikoita<br \/>\non tullut ker\u00e4tty\u00e4 litrakaupalla. Parhaimpina p\u00e4ivin\u00e4 kymmenen litraa p\u00e4iv\u00e4ss\u00e4.<br \/>\nViinimarjapensaat on tyhjennetty, ja perunaakin nostettu omalta pellolta, Mauri<br \/>\npaljastaa.<\/p>\n<p class=\"article-content article-content-width !bg-background\">Oittilaan kuljetaan<br \/>\nJyv\u00e4skyl\u00e4st\u00e4 K\u00e4rkisten sillan kautta, joka on saanut julkisuutta Maurin<br \/>\nsiltana. Mauri oli vauhdittamassa sillan rakentamista toimiessaan 1990-luvulla<br \/>\nEsko Ahon hallituksessa sis\u00e4ministerin\u00e4. Hankkeelle kapuloita oli laittamassa<br \/>\nrattaisiin tuolloin valtiovarainministerin\u00e4 toiminut Iiro Viinanen. <\/p>\n<p class=\"article-content article-content-width !bg-background\">\u2013 Iiron kanssa sillasta<br \/>\nsyntyi tappelua. Se toi paljon polemiikkia, mutta kyll\u00e4h\u00e4n silta on tuonut<br \/>\nrahansa takaisin moninveroisesti. Se on ollut yksi Suomen edullisempia siltoja,<br \/>\njota ennen tarvittiin kaksi lossia ajamaan rinta rinnan autoja yli, Mauri<br \/>\nmuistuttaa.<\/p>\n<p>        <a itemprop=\"url\" href=\"https:\/\/www.seiska.fi\/kotimaa\/nautiskeli-lounasta-konkaripoliitikko-mauri-pekkarinen-heratti-huomiota-helsingissa-kuva\/408117\" rel=\"nofollow noopener\" target=\"_blank\"><\/p>\n<p>\nKATSO KUVA\n<\/p>\n<p class=\"section-date\">\n        <strong class=\"article-section\" data-section=\"kotimaa\"><br \/>\n            kotimaa<br \/>\n        <\/strong><br \/>\n        21.7.2019 10:02\n    <\/p>\n<p>    Nautiskeli lounasta! Konkaripoliitikko Mauri Pekkarinen her\u00e4tti huomiota Helsingiss\u00e4 \u2013 kuva!<\/p>\n<p>        <\/a><\/p>\n<p>Teki hyv\u00e4\u00e4 mielelle<\/p>\n<p class=\"article-content article-content-width !bg-background\">Viel\u00e4 tuolloin Mauri ei<br \/>\nkyl\u00e4koulun hankintaa miettinyt.<\/p>\n<p class=\"article-content article-content-width !bg-background\">\u2013 En. T\u00e4m\u00e4 paikka tuli<br \/>\nvastaan yll\u00e4tt\u00e4en, vaikka onhan minun kerrottu junailleen kaiken. Ensin rakennuttaneen<br \/>\nsillan, sitten liitt\u00e4neen Korpilahden kunnan Jyv\u00e4skyl\u00e4\u00e4n, jotta voin lakkauttaa<br \/>\nkoulun ja ostaa sen itselleni, Mauri letkauttaa.<\/p>\n<p class=\"article-content article-content-width !bg-background\">Sen verran Mauri my\u00f6nt\u00e4\u00e4,<br \/>\nett\u00e4 muutto maalle on tehnyt hyv\u00e4\u00e4 mielelle.<\/p>\n<p class=\"article-content article-content-width !bg-background\">\u2013 On kiva nousta aamulla<br \/>\nvarhain ja n\u00e4hd\u00e4 luontoa, vehreytt\u00e4 ymp\u00e4rill\u00e4.<\/p>\n<p>        <a itemprop=\"url\" href=\"https:\/\/www.seiska.fi\/kotimaa\/viikon-kaak-juorut-poliitikkolegenda-mauri-pekkarinen-eksyksissa-vantaalla\/124041\" rel=\"nofollow noopener\" target=\"_blank\"><\/p>\n<p class=\"section-date\">\n        <strong class=\"article-section\" data-section=\"kotimaa\"><br \/>\n            kotimaa<br \/>\n        <\/strong><br \/>\n        19.3.2023 15:00\n    <\/p>\n<p>    Viikon K\u00e4\u00e4k-juorut: Poliitikkolegenda Mauri Pekkarinen eksyksiss\u00e4 Vantaalla <\/p>\n<p>        <\/a><\/p>\n<p>                <img decoding=\"async\" src=\"https:\/\/www.europesays.com\/fi\/wp-content\/uploads\/2025\/08\/1896789.webp\" width=\"576\" height=\"274\" alt=\"Syksyll\u00e4 78 vuotta t\u00e4ytt\u00e4v\u00e4 politiikan energiapakkaus puhkuu hyv\u00e4\u00e4 kuntoa.\" loading=\"lazy\" \/>            <\/p>\n<p>\n            Syksyll\u00e4 78 vuotta t\u00e4ytt\u00e4v\u00e4 politiikan energiapakkaus puhkuu hyv\u00e4\u00e4 kuntoa.<br \/>\n            Mauri Pekkarinen\n        <\/p>\n<p>\u00a0Politiikan tyhji\u00f6 vei<br \/>\ny\u00f6unet<\/p>\n<p class=\"article-content article-content-width !bg-background\">Maallemuuttoa karumpi el\u00e4m\u00e4nmuutos<br \/>\nMauri Pekkariselle oli p\u00e4\u00e4t\u00f6s j\u00e4tt\u00e4yty\u00e4 viime vuonna sivuun politiikan isoista ympyr\u00f6ist\u00e4.<br \/>\nSe j\u00e4tti tyhji\u00f6n, mik\u00e4 oli konkaripoliitikolle kova paikka.<\/p>\n<p class=\"article-content article-content-width !bg-background\">\u2013 Se oli niin hirve\u00e4\u00e4,<br \/>\netten saanut nukuttua pitk\u00e4\u00e4n aikaan. Se otti niin koville, ett\u00e4 minulta<br \/>\nmeniv\u00e4t v\u00e4lill\u00e4 y\u00f6unetkin, Mauri tunnustaa.<\/p>\n<p class=\"article-content article-content-width !bg-background\">Viimeiset vuodet<br \/>\n(2019\u20132024) politiikan energiapakkaus ahkeroi Brysseliss\u00e4 meppin\u00e4, mit\u00e4 ennen<br \/>\nh\u00e4n ehti toimia 40 vuoden ajan Keskustan kansanedustajana vuosina 1979\u20132019.<br \/>\nMinisterin\u00e4 Mauri toimi viidess\u00e4 eri hallituksessa kaikkiaan 12 vuotta.<\/p>\n<p class=\"article-content article-content-width !bg-background\">\u2013 Ajattelin sen riitt\u00e4v\u00e4n.<br \/>\nHalusin olla enemm\u00e4n kotona, mutta niin vain veri alkoi vet\u00e4\u00e4 takaisin, Mauri<br \/>\nhuokaa.<\/p>\n<p class=\"article-content article-content-width !bg-background\">Niinp\u00e4 Mauri teki kev\u00e4\u00e4n<br \/>\nkuntavaaleissa n\u00e4ytt\u00e4v\u00e4n paluun Jyv\u00e4skyl\u00e4n kaupunginvaltuustoon. H\u00e4n nousi vaalien<br \/>\n\u00e4\u00e4nikuninkaaksi, mik\u00e4 toi harteille valtuuston puheenjohtajan ty\u00f6t.<\/p>\n<p class=\"article-content article-content-width !bg-background\">\u2013 Kyse on osa-aikaisesta<br \/>\npuolip\u00e4iv\u00e4ty\u00f6st\u00e4, mik\u00e4 sopii tilanteeseeni hyvin.<\/p>\n<p>        <a itemprop=\"url\" href=\"https:\/\/www.seiska.fi\/kotimaa\/kuva-mauri-pekkarinen-tuskaili-lippuautomaatilla\/401352\" rel=\"nofollow noopener\" target=\"_blank\"><\/p>\n<p>\nKATSO KUVA\n<\/p>\n<p class=\"section-date\">\n        <strong class=\"article-section\" data-section=\"kotimaa\"><br \/>\n            kotimaa<br \/>\n        <\/strong><br \/>\n        14.9.2019 17:58\n    <\/p>\n<p>    Kuva! Mauri Pekkarinen tuskaili lippuautomaatilla!<\/p>\n<p>        <\/a><\/p>\n<p class=\"article-content article-content-width !bg-background\">\u00a0<\/p>\n<p>                <img decoding=\"async\" src=\"https:\/\/www.europesays.com\/fi\/wp-content\/uploads\/2025\/08\/1896798.webp\" width=\"576\" height=\"274\" alt=\"Politiikasta vet\u00e4ytyminen oli konkaripoliitikolle kova paikka\" loading=\"lazy\" \/>            <\/p>\n<p>\n            Politiikasta vet\u00e4ytyminen oli konkaripoliitikolle kova paikka<br \/>\n            Matti Matikainen\n        <\/p>\n<p>Ei el\u00e4kkeelle<\/p>\n<p class=\"article-content article-content-width !bg-background\">El\u00e4kevuodet eiv\u00e4t Mauria<br \/>\ninnosta, vaikka loppuvuodesta mittariin tulee 78 vuotta.<\/p>\n<p class=\"article-content article-content-width !bg-background\">\u2013 Kaikki on kiinni<br \/>\nterveydest\u00e4, mutta olen hyv\u00e4ss\u00e4 kunnossa, ja pyrin el\u00e4m\u00e4\u00e4n terveellisesti.<\/p>\n<p class=\"article-content article-content-width !bg-background\">Terveydest\u00e4 veteraanipoliitikko<br \/>\nsai opetuksen vuonna 2017 saadun eturauhassy\u00f6v\u00e4n my\u00f6t\u00e4, joka hoidettiin<br \/>\nleikkauksella.<\/p>\n<p>                <img decoding=\"async\" src=\"https:\/\/www.europesays.com\/fi\/wp-content\/uploads\/2025\/08\/1896808.webp\" width=\"576\" height=\"720\" alt=\"Syksyll\u00e4 78 vuotta t\u00e4ytt\u00e4v\u00e4 politiikan energiapakkaus puhkuu hyv\u00e4\u00e4 kuntoa.\" loading=\"lazy\" \/>            <\/p>\n<p>\n            Syksyll\u00e4 78 vuotta t\u00e4ytt\u00e4v\u00e4 politiikan energiapakkaus puhkuu hyv\u00e4\u00e4 kuntoa.<br \/>\n            Matti Matikainen\n        <\/p>\n<p class=\"article-content article-content-width !bg-background\">\u2013 El\u00e4m\u00e4 on rajallista, ja<br \/>\nvoi tapahtua milloin mit\u00e4kin. Koskaan ei tied\u00e4, mit\u00e4 tapahtuu.<\/p>\n<p class=\"article-content article-content-width !bg-background\">Raija-puoliso on seissyt<br \/>\nMaurin tukena yli 50 vuotta. Pari on ollut naimisissa vuodesta 1972 saakka.<\/p>\n<p class=\"article-content article-content-width !bg-background\"> \u2013 Toisen kunnioittaminen on kaiken l\u00e4ht\u00f6kohta. Sen p\u00e4\u00e4lle<br \/>\nei voi muuta kuin arvostaa Raijan kyky\u00e4 joustaa ja kantaa vastuuta ison perheen<br \/>\nhoitamisesta, kun olen ollut luomassa uraa politiikan parissa, Mauri kiittelee. <\/p>\n<p>        <a itemprop=\"url\" href=\"https:\/\/www.seiska.fi\/vain-seiskassa\/farmin-pehtoorin-perhe-kasvoi-uudella-jasenella\/1710888\" rel=\"nofollow noopener\" target=\"_blank\"><\/p>\n<p>\nFarmi Suomen pehtoori\n<\/p>\n<p class=\"section-date\">\n        <strong class=\"article-section\" data-section=\"vain seiskassa\"><br \/>\n            vain seiskassa<br \/>\n        <\/strong><br \/>\n        11.6. 06:30\n    <\/p>\n<p>    Farmin pehtoorin perhe kasvoi uudella j\u00e4senell\u00e4<\/p>\n<p itemprop=\"description\" class=\"subtitle \">\n    Terho ja Anita H\u00e4kkinen iloitsevat perheens\u00e4 kasvamisesta.\n<\/p>\n<p>        <\/a><\/p>\n<p>        <a itemprop=\"url\" href=\"https:\/\/www.seiska.fi\/kotimaa\/oho-suomen-presidentit-tapasivat\/1892318\" rel=\"nofollow noopener\" target=\"_blank\"><\/p>\n<p>\nOho!\n<\/p>\n<p class=\"section-date\">\n        <strong class=\"article-section\" data-section=\"kotimaa\"><br \/>\n            kotimaa<br \/>\n        <\/strong><br \/>\n        9.8. 09:30\n    <\/p>\n<p>    Oho! Suomen presidentit tapasivat<\/p>\n<p itemprop=\"description\" class=\"subtitle \">\n    Kultarannassa muisteltiin presidentin kes\u00e4asuntoa kuuden presidentin ajalta.\n<\/p>\n<p>        <\/a><\/p>\n","protected":false},"excerpt":{"rendered":"Mauri Pekkarinen viihtyy vesill\u00e4, mutta kalastajaksi mies ei tunnustaudu. \u2013 En osaa muuta kuin onkia ja heitt\u00e4\u00e4 verkkoja&hellip;\n","protected":false},"author":2,"featured_media":11794,"comment_status":"","ping_status":"","sticky":false,"template":"","format":"standard","meta":{"footnotes":""},"categories":[136],"tags":[542,407,137,33,31,30,408,5095,441,3184,637,32,109],"class_list":{"0":"post-11793","1":"post","2":"type-post","3":"status-publish","4":"format-standard","5":"has-post-thumbnail","7":"category-julkkikset","8":"tag-asuminen","9":"tag-celebrities","10":"tag-entertainment","11":"tag-fi","12":"tag-finland","13":"tag-finnish","14":"tag-julkkikset","15":"tag-keskusta","16":"tag-maaseutu","17":"tag-mauri-pekkarinen","18":"tag-politiikka","19":"tag-suomi","20":"tag-viihde"},"share_on_mastodon":{"url":"","error":""},"_links":{"self":[{"href":"https:\/\/www.europesays.com\/fi\/wp-json\/wp\/v2\/posts\/11793","targetHints":{"allow":["GET"]}}],"collection":[{"href":"https:\/\/www.europesays.com\/fi\/wp-json\/wp\/v2\/posts"}],"about":[{"href":"https:\/\/www.europesays.com\/fi\/wp-json\/wp\/v2\/types\/post"}],"author":[{"embeddable":true,"href":"https:\/\/www.europesays.com\/fi\/wp-json\/wp\/v2\/users\/2"}],"replies":[{"embeddable":true,"href":"https:\/\/www.europesays.com\/fi\/wp-json\/wp\/v2\/comments?post=11793"}],"version-history":[{"count":0,"href":"https:\/\/www.europesays.com\/fi\/wp-json\/wp\/v2\/posts\/11793\/revisions"}],"wp:featuredmedia":[{"embeddable":true,"href":"https:\/\/www.europesays.com\/fi\/wp-json\/wp\/v2\/media\/11794"}],"wp:attachment":[{"href":"https:\/\/www.europesays.com\/fi\/wp-json\/wp\/v2\/media?parent=11793"}],"wp:term":[{"taxonomy":"category","embeddable":true,"href":"https:\/\/www.europesays.com\/fi\/wp-json\/wp\/v2\/categories?post=11793"},{"taxonomy":"post_tag","embeddable":true,"href":"https:\/\/www.europesays.com\/fi\/wp-json\/wp\/v2\/tags?post=11793"}],"curies":[{"name":"wp","href":"https:\/\/api.w.org\/{rel}","templated":true}]}}