{"id":117965,"date":"2025-12-16T14:16:08","date_gmt":"2025-12-16T14:16:08","guid":{"rendered":"https:\/\/www.europesays.com\/fi\/117965\/"},"modified":"2025-12-16T14:16:08","modified_gmt":"2025-12-16T14:16:08","slug":"kylian-mbappe-voitti-riidan-psg-joutuu-maksamaan-hirmusumman","status":"publish","type":"post","link":"https:\/\/www.europesays.com\/fi\/117965\/","title":{"rendered":"Kylian Mbapp\u00e9 voitti riidan \u2013 PSG joutuu maksamaan hirmusumman"},"content":{"rendered":"<p>Oikeus katsoi futarin olleen oikeassa.<\/p>\n<p><img decoding=\"async\" class=\"image image-show image-preview\" src=\"https:\/\/www.europesays.com\/fi\/wp-content\/uploads\/2025\/12\/9d54894438316ec79ffaa21360b0fb2fe5cc7ea517469e35417c48432aeb4442.jpg\" alt=\"\"\/><img decoding=\"async\" class=\"image image-show\" src=\"https:\/\/www.europesays.com\/fi\/wp-content\/uploads\/2025\/12\/1765894568_658_9d54894438316ec79ffaa21360b0fb2fe5cc7ea517469e35417c48432aeb4442.jpg\" alt=\"\"\/><\/p>\n<p>Kylian Mbapp\u00e9 voitti oikeusv\u00e4\u00e4nn\u00f6n PSG:t\u00e4 vastaan. AOP<\/p>\n<p class=\"paragraph\"><strong>Kylian Mbapp\u00e9<\/strong> on voittanut oikeusjutun PSG:t\u00e4 vastaan, kertoo <a href=\"https:\/\/www.bbc.com\/sport\/football\/articles\/cd0k3m1xzr8o\" target=\"_blank\" rel=\"noopener nofollow\">BBC<\/a>.<\/p>\n<p class=\"paragraph\">Pariisin tuomioistuin asettui riidassa jalkapalloilijan puolelle, joten PSG joutuu maksamaan hy\u00f6kk\u00e4\u00e4j\u00e4lle 60\u00a0miljoonaa euroa maksamattomia palkkoja ja bonuksia.<\/p>\n<p class=\"paragraph\">Mbapp\u00e9 vaati alun perin entiselt\u00e4 seuraltaan per\u00e4ti 263\u00a0miljoonaa euroa. PSG puolestaan vaati vastakanteessaan ex-kippariltaan 240\u00a0miljoonaa euroa.<\/p>\n<p class=\"paragraph\">Osapuolet ajautuivat Mbapp\u00e9n PSG-uran loppuvaiheessa sopimuskiistaan. Maalitykki vaati palkkojen lis\u00e4ksi seuralta vahingonkorvauksia ep\u00e4asiallisesta kohtelusta.<\/p>\n<p class=\"paragraph\">PSG puolestaan vaati Mbapp\u00e9lta korvauksia ep\u00e4onnistuneesta siirrosta Saudi-Arabian Al-Hilaliin vuonna 2023. Siirron arvo olisi ollut PSG:n mukaan 300\u00a0miljoonaa euroa.<\/p>\n<p class=\"paragraph\">Kun siirto Saudi-Arabiaan meni puihin, Mbapp\u00e9 siirtyi seuraavana kes\u00e4n\u00e4 Real Madridiin ilman siirtokorvausta, sill\u00e4 miehen sopimus PSG:n kanssa oli p\u00e4\u00e4ttynyt.<\/p>\n<p class=\"paragraph\">\u2013 Olemme tyytyv\u00e4isi\u00e4 t\u00e4h\u00e4n p\u00e4\u00e4t\u00f6kseen. T\u00e4m\u00e4 oli odotettavissa, koska palkkoja ei maksettu, Mbapp\u00e9n asianajaja <strong>Frederique Cassereau<\/strong> totesi.<\/p>\n<p class=\"paragraph\">Miehen mukaan oikeuden p\u00e4\u00e4t\u00f6s vahvistaa sen, ett\u00e4 allekirjoitetuista sopimuksista t\u00e4ytyy pit\u00e4\u00e4 kiinni ja niit\u00e4 pit\u00e4<\/p>\n","protected":false},"excerpt":{"rendered":"Oikeus katsoi futarin olleen oikeassa. Kylian Mbapp\u00e9 voitti oikeusv\u00e4\u00e4nn\u00f6n PSG:t\u00e4 vastaan. AOP Kylian Mbapp\u00e9 on voittanut oikeusjutun PSG:t\u00e4&hellip;\n","protected":false},"author":2,"featured_media":117966,"comment_status":"","ping_status":"","sticky":false,"template":"","format":"standard","meta":{"footnotes":""},"categories":[158],"tags":[35,33,31,30,43,42,53,41,159,32,860,160],"class_list":{"0":"post-117965","1":"post","2":"type-post","3":"status-publish","4":"format-standard","5":"has-post-thumbnail","7":"category-urheilu","8":"tag-24h","9":"tag-fi","10":"tag-finland","11":"tag-finnish","12":"tag-jalkapallo","13":"tag-jalkapalloon-perustuvat-lajit","14":"tag-laki-oikeus-ja-rikos","15":"tag-liikunta-ja-urheilu","16":"tag-sports","17":"tag-suomi","18":"tag-tyoelama","19":"tag-urheilu"},"share_on_mastodon":{"url":"https:\/\/pubeurope.com\/@fi\/115729674283436985","error":""},"_links":{"self":[{"href":"https:\/\/www.europesays.com\/fi\/wp-json\/wp\/v2\/posts\/117965","targetHints":{"allow":["GET"]}}],"collection":[{"href":"https:\/\/www.europesays.com\/fi\/wp-json\/wp\/v2\/posts"}],"about":[{"href":"https:\/\/www.europesays.com\/fi\/wp-json\/wp\/v2\/types\/post"}],"author":[{"embeddable":true,"href":"https:\/\/www.europesays.com\/fi\/wp-json\/wp\/v2\/users\/2"}],"replies":[{"embeddable":true,"href":"https:\/\/www.europesays.com\/fi\/wp-json\/wp\/v2\/comments?post=117965"}],"version-history":[{"count":0,"href":"https:\/\/www.europesays.com\/fi\/wp-json\/wp\/v2\/posts\/117965\/revisions"}],"wp:featuredmedia":[{"embeddable":true,"href":"https:\/\/www.europesays.com\/fi\/wp-json\/wp\/v2\/media\/117966"}],"wp:attachment":[{"href":"https:\/\/www.europesays.com\/fi\/wp-json\/wp\/v2\/media?parent=117965"}],"wp:term":[{"taxonomy":"category","embeddable":true,"href":"https:\/\/www.europesays.com\/fi\/wp-json\/wp\/v2\/categories?post=117965"},{"taxonomy":"post_tag","embeddable":true,"href":"https:\/\/www.europesays.com\/fi\/wp-json\/wp\/v2\/tags?post=117965"}],"curies":[{"name":"wp","href":"https:\/\/api.w.org\/{rel}","templated":true}]}}