{"id":117970,"date":"2025-12-16T14:20:10","date_gmt":"2025-12-16T14:20:10","guid":{"rendered":"https:\/\/www.europesays.com\/fi\/117970\/"},"modified":"2025-12-16T14:20:10","modified_gmt":"2025-12-16T14:20:10","slug":"tassa-on-vuoden-auto-suomessa-2026","status":"publish","type":"post","link":"https:\/\/www.europesays.com\/fi\/117970\/","title":{"rendered":"T\u00e4ss\u00e4 on Vuoden auto Suomessa 2026"},"content":{"rendered":"<p>Auto- ja liikennetoimittajat ovat valinneet Vuoden Auto Suomessa 2026 -voittajaksi Mercedes-Benz CLA:n. <\/p>\n<p><img decoding=\"async\" class=\"image image-show image-preview\" src=\"https:\/\/www.europesays.com\/fi\/wp-content\/uploads\/2025\/12\/861fdfd0db355906b1215e22588ad3e8993012d7d006ffff7bf6c01d3144589e.jpg\" alt=\"\"\/><img decoding=\"async\" class=\"image image-show\" src=\"https:\/\/www.europesays.com\/fi\/wp-content\/uploads\/2025\/12\/1765894810_227_861fdfd0db355906b1215e22588ad3e8993012d7d006ffff7bf6c01d3144589e.jpg\" alt=\"\"\/><\/p>\n<p>Vuoden auto Suomessa 2026 -voittaja on Mercedes-Benz CLA. Henri Posa<\/p>\n<p class=\"paragraph\">Vuoden Auto Suomessa palkinnon on voittanut Mercedes-Benz CLA selke\u00e4ll\u00e4 piste-erolla kakkoseksi tulleeseen Renault 5:een. Voittajaa ei voida pit\u00e4\u00e4 varsinaisena yll\u00e4tyksen\u00e4, sill\u00e4 uusi t\u00e4yss\u00e4hk\u00f6inen CLA on kauttaaltaan saanut kehuja eri automedioissa.<\/p>\n<p class=\"paragraph\">Iltalehden omassa koeajossa toimittaja Arttu Toivonen luonnehti CLA:sta mm. n\u00e4in:<\/p>\n<p class=\"paragraph\">\u2013 T\u00e4ss\u00e4 on nyt s\u00e4hk\u00f6auto, jonka kanssa toimintamatka- tai laturiahdistukset eiv\u00e4t en\u00e4\u00e4 ahdistele.<\/p>\n<p class=\"paragraph\">\u2013 Uusi CLA onnistuu siin\u00e4, miss\u00e4 kaikki eiv\u00e4t viel\u00e4k\u00e4\u00e4n onnistu. Se on sek\u00e4 erinomainen s\u00e4hk\u00f6auto, ett\u00e4 erinomainen auto.<\/p>\n<p class=\"paragraph\">Lue kattava koeajoraportti CLA:sta <a href=\"https:\/\/www.iltalehti.fi\/autotestit\/2141672f-b60b-4d48-96e4-6faf2f7575a5\" rel=\"nofollow noopener\" target=\"_blank\">t\u00e4\u00e4lt\u00e4<\/a>.<\/p>\n<p>Voittaja. Mercedeksen maahantuojan Vehon edustajat poseerasivat ylpe\u00e4n\u00e4 CLA:n vierell\u00e4. Henri Posa<\/p>\n<p>Muita voittajia<\/p>\n<p class=\"paragraph\">Samassa yhteydess\u00e4 valittiin my\u00f6s yleis\u00f6n suosikki, josta my\u00f6s Iltalehden lukijat saivat \u00e4\u00e4nest\u00e4\u00e4. Yleis\u00f6n suosikki oli \u0160koda Elroq. Lis\u00e4ksi julkistustilaisuudessa autotoimittajat p\u00e4\u00e4siv\u00e4t valitsemaan vuoden kauneimman auton, joka oli Mazda 6e.<\/p>\n<p class=\"paragraph\">Vuoden Auto Suomessa -valinnan nyt jo 12. kerran tehneen Auto- ja liikennetoimittajat AuLi ry:n yli sadasta j\u00e4senest\u00e4 t\u00e4m\u00e4nkertaiseen valintaan osallistuu 53 toimittajaa, jotka keskittyv\u00e4t ty\u00f6ss\u00e4\u00e4n p\u00e4\u00e4asiassa henkil\u00f6autojen testaukseen.<\/p>\n<p class=\"paragraph\">Ensimm\u00e4isell\u00e4 kierroksella kukin tuomari nimesi 35 ehdokkaan joukosta kuusi finalistiehdokasta. Ennen finalistiehdokkaiden nime\u00e4mist\u00e4 tuomareilla oli 13.11. mahdollisuus koeajaa kaikkia ehdokkaita Riihim\u00e4en ABC:ll\u00e4 j\u00e4rjestetyss\u00e4 suuressa koeajotilaisuudessa.<\/p>\n<p class=\"paragraph\">Edelt\u00e4v\u00e4n\u00e4 vuonna kilpailussa voittajaksi nousi Kia EV3 -s\u00e4hk\u00f6auto, joka on menestynyt varsin hyvin t\u00e4n\u00e4 vuonna ensirekister\u00f6intitilastoissa.<\/p>\n<p>FAKTAT<\/p>\n<p class=\"paragraph\">Sija 1:  Mercedes-Benz CLA, 215 pistett\u00e4<\/p>\n<p class=\"paragraph\">Sija 2:  Renault 5, 178 pistett\u00e4<\/p>\n<p class=\"paragraph\">Sija 3: \u0160koda Elroq, 131 pistett\u00e4<\/p>\n<p class=\"paragraph\">Sija 4: Dacia Bigster<\/p>\n<p class=\"paragraph\">Sija 5: Smart #5<\/p>\n<p class=\"paragraph\">Sija 6: Kia EV4<\/p>\n","protected":false},"excerpt":{"rendered":"Auto- ja liikennetoimittajat ovat valinneet Vuoden Auto Suomessa 2026 -voittajaksi Mercedes-Benz CLA:n. Vuoden auto Suomessa 2026 -voittaja on&hellip;\n","protected":false},"author":2,"featured_media":117971,"comment_status":"","ping_status":"","sticky":false,"template":"","format":"standard","meta":{"footnotes":""},"categories":[76],"tags":[35,648,79,77,33,31,30,121,1048,82,32,78,128],"class_list":{"0":"post-117970","1":"post","2":"type-post","3":"status-publish","4":"format-standard","5":"has-post-thumbnail","7":"category-talous","8":"tag-24h","9":"tag-autot","10":"tag-business","11":"tag-economy","12":"tag-fi","13":"tag-finland","14":"tag-finnish","15":"tag-liikenne-ja-kuljetus","16":"tag-maakulkuneuvot","17":"tag-moottoriajoneuvot","18":"tag-suomi","19":"tag-talous","20":"tag-tieliikenne"},"share_on_mastodon":{"url":"https:\/\/pubeurope.com\/@fi\/115729689961835453","error":""},"_links":{"self":[{"href":"https:\/\/www.europesays.com\/fi\/wp-json\/wp\/v2\/posts\/117970","targetHints":{"allow":["GET"]}}],"collection":[{"href":"https:\/\/www.europesays.com\/fi\/wp-json\/wp\/v2\/posts"}],"about":[{"href":"https:\/\/www.europesays.com\/fi\/wp-json\/wp\/v2\/types\/post"}],"author":[{"embeddable":true,"href":"https:\/\/www.europesays.com\/fi\/wp-json\/wp\/v2\/users\/2"}],"replies":[{"embeddable":true,"href":"https:\/\/www.europesays.com\/fi\/wp-json\/wp\/v2\/comments?post=117970"}],"version-history":[{"count":0,"href":"https:\/\/www.europesays.com\/fi\/wp-json\/wp\/v2\/posts\/117970\/revisions"}],"wp:featuredmedia":[{"embeddable":true,"href":"https:\/\/www.europesays.com\/fi\/wp-json\/wp\/v2\/media\/117971"}],"wp:attachment":[{"href":"https:\/\/www.europesays.com\/fi\/wp-json\/wp\/v2\/media?parent=117970"}],"wp:term":[{"taxonomy":"category","embeddable":true,"href":"https:\/\/www.europesays.com\/fi\/wp-json\/wp\/v2\/categories?post=117970"},{"taxonomy":"post_tag","embeddable":true,"href":"https:\/\/www.europesays.com\/fi\/wp-json\/wp\/v2\/tags?post=117970"}],"curies":[{"name":"wp","href":"https:\/\/api.w.org\/{rel}","templated":true}]}}