{"id":117978,"date":"2025-12-16T14:35:08","date_gmt":"2025-12-16T14:35:08","guid":{"rendered":"https:\/\/www.europesays.com\/fi\/117978\/"},"modified":"2025-12-16T14:35:08","modified_gmt":"2025-12-16T14:35:08","slug":"eveliina-uosukainen-upeissa-raskauskuvissa-seiska","status":"publish","type":"post","link":"https:\/\/www.europesays.com\/fi\/117978\/","title":{"rendered":"Eveliina Uosukainen upeissa raskauskuvissa | Seiska"},"content":{"rendered":"<p>\n            20250916, Helsinki. Eveliina Uosukaisen 365 Hyv\u00e4 el\u00e4m\u00e4 -kirjan julkistamistilaisuus. Kuvassa Eveliina Uosukainen.<br \/>\n            Timo Korhonen\n        <\/p>\n<p class=\"subtitle \">Esikoistaan odottava Eveliina s\u00e4v\u00e4ytt\u00e4\u00e4 treenivideoillaan.<\/p>\n<p class=\"article-content article-content-width !bg-background\">Hyvinvointivalmentaja  esittelee upeita raskaustyylej\u00e4\u00e4n.<\/p>\n<p class=\"font-weight-bold m-font-weight-bold article-content article-content-width !bg-background\">Video: Eve ja Joni kertovat miten tapasivat.<\/p>\n<p class=\"article-content article-content-width !bg-background\">Eveliina odottaa esikoista saapuvaksi perheeseen miehens\u00e4  kanssa.<\/p>\n<p class=\"article-content article-content-width !bg-background\">Pariskunta on jakanut avoimesti arkeaan sosiaalisessa mediassa ja kertonut uusperhe-el\u00e4m\u00e4st\u00e4\u00e4n. Jonilla on kaksi lasta edellisest\u00e4 suhteestaan.<\/p>\n<p class=\"article-content article-content-width !bg-background\">Eveliina on p\u00e4ivitt\u00e4nyt <a href=\"https:\/\/www.instagram.com\/p\/DSUTGkAgnI2\/\" target=\"_blank\" rel=\"nofollow noopener\">vastik\u00e4\u00e4n videon<\/a>, jolla ehk\u00e4isee h\u00e4pyliitoksen kipuja liikunnalla.<\/p>\n<p class=\"article-content article-content-width !bg-background\">Eve havainnollistaa videolla useita liikkeit\u00e4, jotka voivat auttaa kipuihin.<\/p>\n<p>        <a itemprop=\"url\" href=\"https:\/\/www.seiska.fi\/kotimaa\/esikoistaan-odottava-eveliina-uosukainen-sai-koskettavan-yllatyksen\/1994568\" rel=\"nofollow noopener\" target=\"_blank\"><\/p>\n<p>\nL\u00e4hipiiri yll\u00e4tti\n<\/p>\n<p class=\"section-date\">\n        <strong class=\"article-section\" data-section=\"kotimaa\"><br \/>\n            kotimaa<br \/>\n        <\/strong><br \/>\n        17.11. 08:56\n    <\/p>\n<p>Esikoistaan odottava Eveliina Uosukainen sai koskettavan yll\u00e4tyksen\n    <\/p>\n<p itemprop=\"description\" class=\"subtitle \">\n    Esikoistaan odottava Eveliina on kertonut avoimesti lapsen saaneen alkunsa tv-kameroiden l\u00e4sn\u00e4 ollessa.\n<\/p>\n<p>        <\/a><\/p>\n<p>Odottaa treenej\u00e4<\/p>\n<p class=\"article-content article-content-width !bg-background\"><a href=\"https:\/\/www.instagram.com\/stories\/roosaeveliinaa\/3788309584821807750\/\" target=\"_blank\" rel=\"nofollow noopener\">Tarinassaan <\/a>Eve paljastaa, ett\u00e4 odottaa jo p\u00e4\u00e4sev\u00e4ns\u00e4 takaisin kunnon treenien pariin.<\/p>\n<p class=\"article-content article-content-width !bg-background\">\u2013 Odotan jo kovasti, ett\u00e4 saan kropan pian takas itelleni ja p\u00e4\u00e4sis treenaa taas tavoitteellisesti. Kaipaan niin paljon kovia treenej\u00e4, Eve kertoo.<\/p>\n<p class=\"article-content article-content-width !bg-background\">Tarina on esill\u00e4 vuorokauden ajan sen julkaisusta.<\/p>\n<p class=\"article-content article-content-width !bg-background\">Joulukuussa Eve on my\u00f6s<a href=\"https:\/\/www.instagram.com\/p\/DR9dp5_CGMe\/?img_index=5\" target=\"_blank\" rel=\"nofollow noopener\"> julkaissut ihastuttavia perhekuvia<\/a>, joissa hehkuu raskausonnea puolisonsa Jonin kainalossa.<\/p>\n<p class=\"article-content article-content-width !bg-background\">Eve ja Joni poseeraavat l\u00e4hekk\u00e4in otoksissa, ja Eve esittelee raskausvatsaansa.<\/p>\n<p>        <a itemprop=\"url\" href=\"https:\/\/www.seiska.fi\/terveys\/raskaana-oleva-eveliina-uosukainen-avoimena-kaipaan-hoikkaa-kehoani\/1997910\" rel=\"nofollow noopener\" target=\"_blank\"><\/p>\n<p>\nEveliina Uosukainen avoimena\n<\/p>\n<p class=\"section-date\">\n        <strong class=\"article-section\" data-section=\"terveys\"><br \/>\n            terveys<br \/>\n        <\/strong><br \/>\n        19.11. 19:30\n    <\/p>\n<p>Raskaana oleva Eveliina Uosukainen avoimena: Kaipaan hoikkaa kehoani\n    <\/p>\n<p itemprop=\"description\" class=\"subtitle \">\n    Eve purkaa ajatuksiaan raskauden tuomista muutoksista kehossaan.\n<\/p>\n<p>        <\/a><\/p>\n<p>Herkk\u00e4 avautuminen<\/p>\n<p class=\"article-content article-content-width !bg-background\">Samalla kuvien yhteydess\u00e4 Eve avautuu rakkaudesta.<\/p>\n<p class=\"article-content article-content-width !bg-background\">\u2013 Meid\u00e4n rakkaus on ollut niin paljon enemm\u00e4n kun vain kahden ihmisen kohtaaminen.\u00a0Se on ollut kasvamista, opettelua, anteeksipyynt\u00f6j\u00e4 ja anteeksiantoa, h\u00e4n kirjoittaa.<\/p>\n<p class=\"article-content article-content-width !bg-background\">Arkeen on mahtunut my\u00f6s naurua ja pieni\u00e4 hetki\u00e4, jotka eiv\u00e4t j\u00e4\u00e4 mihink\u00e4\u00e4n muualle paitsi heid\u00e4n syd\u00e4miins\u00e4.<\/p>\n<p class=\"article-content article-content-width !bg-background\">\u2013 Ja jollain tavalla tuntuu, ett\u00e4 jokainen hetki, jokainen k\u00e4\u00e4nne, jokainen valinta on tuonut meid\u00e4t juuri t\u00e4h\u00e4n.<\/p>\n<p class=\"article-content article-content-width !bg-background\">\u2013 Siihen pisteeseen, jossa rakkaus ei en\u00e4\u00e4 ole vain kahden ihmisen v\u00e4list\u00e4, vaan se jatkuu jossakin meid\u00e4n edess\u00e4 \u2013 pienen syd\u00e4men rytmiss\u00e4, h\u00e4n p\u00e4\u00e4tt\u00e4\u00e4 herk\u00e4n julkaisunsa.<\/p>\n<p class=\"article-content article-content-width !bg-background\">Eve ja Joni <a href=\"https:\/\/www.seiska.fi\/kotimaa\/eveliina-uosukainen-ja-joni-rakas-seiskalle-vauva-sai-alkunsa-kuvauksissa\/1897521\" target=\"_blank\" rel=\"nofollow noopener\">kertoivat Seiskalle kes\u00e4ll\u00e4<\/a>, ett\u00e4 lapsi sai alkunsa Selviytyj\u00e4t Suomen kuvauksissa.<\/p>\n<p class=\"article-content article-content-width !bg-background\">Kaksikko muutti toukokuussa yhteen kerrostaloasuntoon Espooseen.<\/p>\n<p>        <a itemprop=\"url\" href=\"https:\/\/www.seiska.fi\/kotimaa\/jopas-nain-bile-daniin-yhdistetty-toimittajakaunotar-kommentoi-suhdetta-podcastissa\/1996938\" rel=\"nofollow noopener\" target=\"_blank\"><\/p>\n<p>\nBile-Danin uusi onni\n<\/p>\n<p class=\"section-date\">\n        <strong class=\"article-section\" data-section=\"kotimaa\"><br \/>\n            kotimaa<br \/>\n        <\/strong><br \/>\n        19.11. 17:00\n    <\/p>\n<p>Jopas! N\u00e4in Bile-Daniin yhdistetty toimittajakaunotar kommentoi suhdetta podcastissa\n    <\/p>\n<p itemprop=\"description\" class=\"subtitle \">\n    Seiska paljasti Daniel Lehtosen toimittajarakkaan.\n<\/p>\n<p>        <\/a><\/p>\n<p><script async src=\"\/\/www.instagram.com\/embed.js\"><\/script><\/p>\n","protected":false},"excerpt":{"rendered":"20250916, Helsinki. Eveliina Uosukaisen 365 Hyv\u00e4 el\u00e4m\u00e4 -kirjan julkistamistilaisuus. Kuvassa Eveliina Uosukainen. Timo Korhonen Esikoistaan odottava Eveliina s\u00e4v\u00e4ytt\u00e4\u00e4&hellip;\n","protected":false},"author":2,"featured_media":117979,"comment_status":"","ping_status":"","sticky":false,"template":"","format":"standard","meta":{"footnotes":""},"categories":[136],"tags":[407,137,2657,33,31,30,9835,2656,408,98,2443,651,32,109],"class_list":{"0":"post-117978","1":"post","2":"type-post","3":"status-publish","4":"format-standard","5":"has-post-thumbnail","7":"category-julkkikset","8":"tag-celebrities","9":"tag-entertainment","10":"tag-eveliina-uosukainen","11":"tag-fi","12":"tag-finland","13":"tag-finnish","14":"tag-hyvinvointivalmentaja","15":"tag-joni-rintala","16":"tag-julkkikset","17":"tag-perhe","18":"tag-raskaus","19":"tag-suhteet","20":"tag-suomi","21":"tag-viihde"},"share_on_mastodon":{"url":"https:\/\/pubeurope.com\/@fi\/115729748704078763","error":""},"_links":{"self":[{"href":"https:\/\/www.europesays.com\/fi\/wp-json\/wp\/v2\/posts\/117978","targetHints":{"allow":["GET"]}}],"collection":[{"href":"https:\/\/www.europesays.com\/fi\/wp-json\/wp\/v2\/posts"}],"about":[{"href":"https:\/\/www.europesays.com\/fi\/wp-json\/wp\/v2\/types\/post"}],"author":[{"embeddable":true,"href":"https:\/\/www.europesays.com\/fi\/wp-json\/wp\/v2\/users\/2"}],"replies":[{"embeddable":true,"href":"https:\/\/www.europesays.com\/fi\/wp-json\/wp\/v2\/comments?post=117978"}],"version-history":[{"count":0,"href":"https:\/\/www.europesays.com\/fi\/wp-json\/wp\/v2\/posts\/117978\/revisions"}],"wp:featuredmedia":[{"embeddable":true,"href":"https:\/\/www.europesays.com\/fi\/wp-json\/wp\/v2\/media\/117979"}],"wp:attachment":[{"href":"https:\/\/www.europesays.com\/fi\/wp-json\/wp\/v2\/media?parent=117978"}],"wp:term":[{"taxonomy":"category","embeddable":true,"href":"https:\/\/www.europesays.com\/fi\/wp-json\/wp\/v2\/categories?post=117978"},{"taxonomy":"post_tag","embeddable":true,"href":"https:\/\/www.europesays.com\/fi\/wp-json\/wp\/v2\/tags?post=117978"}],"curies":[{"name":"wp","href":"https:\/\/api.w.org\/{rel}","templated":true}]}}