{"id":117999,"date":"2025-12-16T15:06:09","date_gmt":"2025-12-16T15:06:09","guid":{"rendered":"https:\/\/www.europesays.com\/fi\/117999\/"},"modified":"2025-12-16T15:06:09","modified_gmt":"2025-12-16T15:06:09","slug":"nyt-ilmaiskatselussa-yleison-ja-kriitikoiden-ylistama-zombileffa-rotten-tomatoes-prosentti-95","status":"publish","type":"post","link":"https:\/\/www.europesays.com\/fi\/117999\/","title":{"rendered":"Nyt ilmaiskatselussa: Yleis\u00f6n ja kriitikoiden ylist\u00e4m\u00e4 zombileffa \u2013 Rotten Tomatoes -prosentti 95"},"content":{"rendered":"<p>P\u00f6rssimeklari Seok-woo on ty\u00f6h\u00f6ns\u00e4 uppoutunut ja emotionaalisesti et\u00e4inen is\u00e4, joka on viem\u00e4ss\u00e4 pienen tytt\u00e4rens\u00e4 tapaamaan \u00e4iti\u00e4\u00e4n Busaniin. Junamatka Soulista etel\u00e4\u00e4n saa kuitenkin painajaismaisen k\u00e4\u00e4nteen, kun juuri ennen l\u00e4ht\u00f6\u00e4 Etel\u00e4-Koreassa puhkeaa nopeasti levi\u00e4v\u00e4 zombie-epidemia \u2013 ja yksi tartunnan saanut ehtii junaan mukaan.<\/p>\n<p>Virus levi\u00e4\u00e4 vaunusta toiseen armottomalla vauhdilla, ja suljetussa tilassa matkustajat joutuvat tekem\u00e4\u00e4n nopeita, moraalisesti vaikeita valintoja. Selviyty\u00e4kseen Seok-woo ja h\u00e4nen tytt\u00e4rens\u00e4 liittoutuvat muutamien matkustajien kanssa: mukana on muun muassa vahvatahtoinen pian is\u00e4ksi tuleva mies, toisiaan tukeva teinipariskunta sek\u00e4 h\u00e4ik\u00e4ilem\u00e4t\u00f6n liikemies, joka asettaa oman etunsa kaiken edelle.<\/p>\n<p>Matka muuttuu ep\u00e4toivoiseksi kamppailuksi aikaa ja kuolemaa vastaan, jossa inhimillisyys, uhrautuvaisuus ja yhteisvastuu punnitaan \u00e4\u00e4rimmilleen.<\/p>\n<p>Train to Busan (Busanhaeng, 2016; Suomessa my\u00f6s nimell\u00e4 Juna Busaniin) on <strong>Yeon Sang-hon<\/strong> ohjaama etel\u00e4korealainen kauhuelokuva, joka yhdist\u00e4\u00e4 tehokkaan toimintaj\u00e4nnityksen tunteikkaaseen draamaan ja ter\u00e4v\u00e4\u00e4n yhteiskunnalliseen kommentaariin. Elokuvasta tuli kotimaassaan valtava menestys, ja se saavutti nopeasti kulttimaineen my\u00f6s kansainv\u00e4lisill\u00e4 markkinoilla.<\/p>\n<p>T\u00e4st\u00e4 toimintapitoisesta zombielokuvasta tuli sek\u00e4 kriitikkojen ett\u00e4 yleis\u00f6n suosikki:\u00a0<a href=\"https:\/\/www.rottentomatoes.com\/m\/train_to_busan\" target=\"_blank\" rel=\"noreferrer noopener nofollow\">Rotten Tomatoes<\/a>\u00a0-arvosana on 95 prosenttia, popcorn-mittari 89 prosenttia ja IMDb-arvosana on 7,6. Elokuvaa on usein pidetty yhten\u00e4 kaikkien aikojen parhaista zombielokuvista. Palkintojakin se ker\u00e4si\u00a0<a href=\"https:\/\/www.imdb.com\/title\/tt5700672\/awards\/\" target=\"_blank\" rel=\"noreferrer noopener nofollow\">kymmenitt\u00e4in<\/a>.<\/p>\n<p>T\u00e4m\u00e4n elokuvan voi katsoa katsoa ilmaiseksi Rakuten TV:ss\u00e4. Suoratoistoon on valittavissa suomenkielinen tekstitys ja \u00e4\u00e4niraidaksi joko 5.1 tai 2.0.<\/p>\n<p>Lue my\u00f6s: <a href=\"https:\/\/www.episodi.fi\/uutiset\/nyt-ilmaiskatselussa-kirpputoriloyto-muuttuu-painajaiseksi-demoni-valtaa-pienen-tyton\/\" title=\"Nyt ilmaiskatselussa: Kirpputoril\u00f6yt\u00f6 muuttuu painajaiseksi \u2013 demoni valtaa pienen tyt\u00f6n\" class=\"underline-custom !font-montserrat !font-bold !underline-offset-4 !decoration-4 !decoration-episodi-blue !text-md\" rel=\"nofollow noopener\" target=\"_blank\">Nyt ilmaiskatselussa: Kirpputoril\u00f6yt\u00f6 muuttuu painajaiseksi \u2013 demoni valtaa pienen tyt\u00f6n<\/a><\/p>\n<p>Katso\u00a0Train to Busan\u00a0<a href=\"https:\/\/www.rakuten.tv\/fi?content_type=movies&amp;content_id=train-to-busan\" target=\"_blank\" rel=\"noreferrer noopener nofollow\">t\u00e4\u00e4ll\u00e4<\/a>. Elokuvan ik\u00e4raja on K-16 ja sen kesto oli Episodin katselussa 120 minuuttia mainoksien kera. Huomioi, ett\u00e4 mainoksien m\u00e4\u00e4r\u00e4 voi vaihdella katselukohtaisesti.<\/p>\n<p>Elokuva on julkaistu Suomessa Blu-rayna ja DVD:n\u00e4.<\/p>\n<p>Alla traileri ja musiikkia elokuvasta.<\/p>\n<p><img loading=\"lazy\" decoding=\"async\" alt=\"YouTube video\" width=\"480\" height=\"360\" data-pin-nopin=\"true\" nopin=\"nopin\" class=\"perfmatters-lazy\" src=\"https:\/\/www.europesays.com\/fi\/wp-content\/uploads\/2025\/12\/1765897569_230_hqdefault.jpg\"\/><\/p>\n<p><img loading=\"lazy\" decoding=\"async\" alt=\"YouTube video\" width=\"480\" height=\"360\" data-pin-nopin=\"true\" nopin=\"nopin\" class=\"perfmatters-lazy\" src=\"https:\/\/www.europesays.com\/fi\/wp-content\/uploads\/2025\/12\/1765897569_925_hqdefault.jpg\"\/><\/p>\n<p>Lue my\u00f6s: <a href=\"https:\/\/www.episodi.fi\/uutiset\/nyt-ilmaiskatselussa-ongelmanuorille-tarkoitettu-koulu-katkee-kammottavan-salaisuuden\/\" title=\"Nyt ilmaiskatselussa: Ongelmanuorille tarkoitettu koulu k\u00e4tkee kammottavan salaisuuden\" class=\"underline-custom !font-montserrat !font-bold !underline-offset-4 !decoration-4 !decoration-episodi-blue !text-md\" rel=\"nofollow noopener\" target=\"_blank\">Nyt ilmaiskatselussa: Ongelmanuorille tarkoitettu koulu k\u00e4tkee kammottavan salaisuuden<\/a><\/p>\n<p>Lue my\u00f6s: <a href=\"https:\/\/www.episodi.fi\/uutiset\/vain-aikuisille-ilmaiskatselussa-quentin-tarantinon-suosikki-slasher-jossa-tappajat-yllattavat-ikansa-vuoksi\/\" title=\"Vain aikuisille: Ilmaiskatselussa Quentin Tarantinon suosikki \u2013 slasher, jossa tappajat yll\u00e4tt\u00e4v\u00e4t ik\u00e4ns\u00e4 vuoksi\" class=\"underline-custom !font-montserrat !font-bold !underline-offset-4 !decoration-4 !decoration-episodi-blue !text-md\" rel=\"nofollow noopener\" target=\"_blank\">Vain aikuisille: Ilmaiskatselussa Quentin Tarantinon suosikki \u2013 slasher, jossa tappajat yll\u00e4tt\u00e4v\u00e4t ik\u00e4ns\u00e4 vuoksi<\/a><\/p>\n<p>Lue my\u00f6s: <a href=\"https:\/\/www.episodi.fi\/uutiset\/suomalaisen-mestariteoksen-vaikuttavin-versio-viisituntinen-sotaelokuva-joka-koskettaa-syvalta\/\" title=\"Suomalaisen mestariteoksen vaikuttavin versio \u2013 viisituntinen sotaelokuva, joka koskettaa syv\u00e4lt\u00e4\" class=\"underline-custom !font-montserrat !font-bold !underline-offset-4 !decoration-4 !decoration-episodi-blue !text-md\" rel=\"nofollow noopener\" target=\"_blank\">Suomalaisen mestariteoksen vaikuttavin versio \u2013 viisituntinen sotaelokuva, joka koskettaa syv\u00e4lt\u00e4<\/a><\/p>\n<p>Lue my\u00f6s: <a href=\"https:\/\/www.episodi.fi\/uutiskirje\/?uutiskirjemainos=tekstilinkkimainos\" title=\"Tilaa Episodin uutiskirje ja voit voittaa leffalippuja! Nappaa tv-vinkit suoraan s\u00e4hk\u00f6postiin t\u00e4st\u00e4.\" class=\"underline-custom !font-montserrat !font-bold !underline-offset-4 !decoration-4 !decoration-episodi-blue !text-md\" rel=\"nofollow noopener\" target=\"_blank\">Tilaa Episodin uutiskirje ja voit voittaa leffalippuja! Nappaa katseluvinkit suoraan s\u00e4hk\u00f6postiin t\u00e4st\u00e4.<\/a><\/p>\n","protected":false},"excerpt":{"rendered":"P\u00f6rssimeklari Seok-woo on ty\u00f6h\u00f6ns\u00e4 uppoutunut ja emotionaalisesti et\u00e4inen is\u00e4, joka on viem\u00e4ss\u00e4 pienen tytt\u00e4rens\u00e4 tapaamaan \u00e4iti\u00e4\u00e4n Busaniin. Junamatka&hellip;\n","protected":false},"author":2,"featured_media":118000,"comment_status":"","ping_status":"","sticky":false,"template":"","format":"standard","meta":{"footnotes":""},"categories":[131],"tags":[155,137,33,173,31,30,172,500,32,109,21417],"class_list":{"0":"post-117999","1":"post","2":"type-post","3":"status-publish","4":"format-standard","5":"has-post-thumbnail","7":"category-elokuvat","8":"tag-elokuvat","9":"tag-entertainment","10":"tag-fi","11":"tag-film","12":"tag-finland","13":"tag-finnish","14":"tag-movies","15":"tag-rakuten-tv","16":"tag-suomi","17":"tag-viihde","18":"tag-zombi"},"share_on_mastodon":{"url":"https:\/\/pubeurope.com\/@fi\/115729870866978888","error":""},"_links":{"self":[{"href":"https:\/\/www.europesays.com\/fi\/wp-json\/wp\/v2\/posts\/117999","targetHints":{"allow":["GET"]}}],"collection":[{"href":"https:\/\/www.europesays.com\/fi\/wp-json\/wp\/v2\/posts"}],"about":[{"href":"https:\/\/www.europesays.com\/fi\/wp-json\/wp\/v2\/types\/post"}],"author":[{"embeddable":true,"href":"https:\/\/www.europesays.com\/fi\/wp-json\/wp\/v2\/users\/2"}],"replies":[{"embeddable":true,"href":"https:\/\/www.europesays.com\/fi\/wp-json\/wp\/v2\/comments?post=117999"}],"version-history":[{"count":0,"href":"https:\/\/www.europesays.com\/fi\/wp-json\/wp\/v2\/posts\/117999\/revisions"}],"wp:featuredmedia":[{"embeddable":true,"href":"https:\/\/www.europesays.com\/fi\/wp-json\/wp\/v2\/media\/118000"}],"wp:attachment":[{"href":"https:\/\/www.europesays.com\/fi\/wp-json\/wp\/v2\/media?parent=117999"}],"wp:term":[{"taxonomy":"category","embeddable":true,"href":"https:\/\/www.europesays.com\/fi\/wp-json\/wp\/v2\/categories?post=117999"},{"taxonomy":"post_tag","embeddable":true,"href":"https:\/\/www.europesays.com\/fi\/wp-json\/wp\/v2\/tags?post=117999"}],"curies":[{"name":"wp","href":"https:\/\/api.w.org\/{rel}","templated":true}]}}