{"id":118007,"date":"2025-12-16T15:13:16","date_gmt":"2025-12-16T15:13:16","guid":{"rendered":"https:\/\/www.europesays.com\/fi\/118007\/"},"modified":"2025-12-16T15:13:16","modified_gmt":"2025-12-16T15:13:16","slug":"saksalaispoliitikko-varoittaa-venajan-sijoittaneen-valko-venajalle-360-000-taisteluvalmista-sotilasta-seuraavat-kaksi-vuotta-ovat-kriittisia-uutissuomalainen","status":"publish","type":"post","link":"https:\/\/www.europesays.com\/fi\/118007\/","title":{"rendered":"Saksalaispoliitikko varoittaa Ven\u00e4j\u00e4n sijoittaneen Valko-Ven\u00e4j\u00e4lle 360\u2009000 taisteluvalmista sotilasta \u2013 &#8221;Seuraavat kaksi vuotta ovat kriittisi\u00e4&#8221; | Uutissuomalainen"},"content":{"rendered":"<p>Saksan kristillisdemokraattipuolue CDU:n poliitikko ja asevoimien entinen eversti <strong>Roderich Kiesewetter<\/strong> varoittaa Ven\u00e4j\u00e4n sotilaallisen l\u00e4sn\u00e4olon lis\u00e4\u00e4ntymisest\u00e4 Valko-Ven\u00e4j\u00e4ll\u00e4.<\/p>\n<p>Kiesewetter palveli Saksan asevoimissa vuoteen 2009 asti ja ty\u00f6skenteli useita vuosia Naton p\u00e4\u00e4majassa Belgiassa.<\/p>\n<p>Televisiokanava <a href=\"https:\/\/www.n-tv.de\/politik\/Kiesewetter-warnt-2026-und-2027-werden-kritisch-id30149007.html\" rel=\"nofollow noopener\" target=\"_blank\">NTV:lle<\/a> maanantaina puhunut Kiesewetter sanoo Ven\u00e4j\u00e4n kouluttavan satojatuhansia sotilaita, joita ei sijoiteta Ukrainaan, vaan Naton it\u00e4rajan tuntumassa sijaitsevan Valko-Ven\u00e4j\u00e4n alueelle.<\/p>\n<p>Kiesewetterin mukaan Ven\u00e4j\u00e4 on sijoittanut Valko-Ven\u00e4j\u00e4lle kaksi armeijakuntaa, joissa on yhteens\u00e4 350\u2009000\u2013360\u2009000 taisteluvalmista sotilasta.<\/p>\n<p>\u2013 T\u00e4m\u00e4 on huolestuttavaa, erityisesti Baltian maissa. T\u00e4llaisia kehityskulkuja on havaittu Ven\u00e4j\u00e4ll\u00e4 kahden viime vuoden ajan, mutta he eiv\u00e4t ole uskaltaneet kertoa yleis\u00f6lle, Kiesewetter sanoo.<\/p>\n<p>\u2013 (Ven\u00e4j\u00e4n presidentti <strong>Vladimir<\/strong>) <strong>Putin<\/strong> ei k\u00e4y sotaa erityisen menestyksekk\u00e4\u00e4sti Ukrainassa, mutta sotatalouden avulla h\u00e4n kouluttaa satojatuhansia sotilaita, joita ei koskaan k\u00e4ytet\u00e4 Ukrainassa, Kiesewetter jatkaa.<\/p>\n<p>Kiesewetter varoittaa, ett\u00e4 l\u00e4nnen ei tulisi olla liian naiivi Ven\u00e4j\u00e4n suhteissaan. Viime sunnuntaina ja eilen maanantaina Berliiniss\u00e4 k\u00e4ydyist\u00e4 neuvotteluista huolimatta h\u00e4n Kiesewetter ei usko Putinin tajuavan, ettei sodan k\u00e4yminen ole h\u00e4nelle kannattavaa.<\/p>\n<p>Kiesewetterin mukaan seuraavat kaksi vuotta ovat Euroopan kannalta ratkaisevia. Aikaikkuna on aiempiin Saksasta kuuluneisiin arvioihin verrattuna tiukempi, sill\u00e4 Saksan sotilasviranomaiset ovat arvioineet Ven\u00e4j\u00e4n olevan valmis sotaan Naton kanssa vuoteen 2029 menness\u00e4.<\/p>\n<p>\u2013 Vuodet 2026 ja 207 ovat kriittisi\u00e4. Jos selvi\u00e4mme niist\u00e4 \u2013\u2009kyvyll\u00e4mme puolustaa itse\u00e4mme, mutta my\u00f6s olemalla pelottelematta v\u00e4est\u00f6\u00e4mme, vaan sanomalla: Huomio, t\u00e4m\u00e4 voi tapahtua, olkaamme varovaisia \u2013 silloin olemme selvinneet, Kiesewetter toteaa.<\/p>\n","protected":false},"excerpt":{"rendered":"Saksan kristillisdemokraattipuolue CDU:n poliitikko ja asevoimien entinen eversti Roderich Kiesewetter varoittaa Ven\u00e4j\u00e4n sotilaallisen l\u00e4sn\u00e4olon lis\u00e4\u00e4ntymisest\u00e4 Valko-Ven\u00e4j\u00e4ll\u00e4. Kiesewetter palveli&hellip;\n","protected":false},"author":2,"featured_media":118008,"comment_status":"","ping_status":"","sticky":false,"template":"","format":"standard","meta":{"footnotes":""},"categories":[14],"tags":[22,23,2267,26,27,33,31,30,17,24,25,803,28,29,15,18,21,142,637,144,32,19,20,21377,56,16,1262,59,60,61],"class_list":{"0":"post-118007","1":"post","2":"type-post","3":"status-publish","4":"format-standard","5":"has-post-thumbnail","7":"category-ulkomaat","8":"tag-breaking-news","9":"tag-breakingnews","10":"tag-eurooppa","11":"tag-featured-news","12":"tag-featurednews","13":"tag-fi","14":"tag-finland","15":"tag-finnish","16":"tag-headlines","17":"tag-latest-news","18":"tag-latestnews","19":"tag-levottomuudet-ja-sodat","20":"tag-main-news","21":"tag-mainnews","22":"tag-news","23":"tag-otsikot","24":"tag-paauutiset","25":"tag-poliitikot","26":"tag-politiikka","27":"tag-presidentti","28":"tag-suomi","29":"tag-top-stories","30":"tag-topstories","31":"tag-ukrainan-kriisi","32":"tag-ulkomaat","33":"tag-uutiset","34":"tag-venajan-politiikka","35":"tag-world","36":"tag-world-news","37":"tag-worldnews"},"share_on_mastodon":{"url":"","error":"Validation failed: Text character limit of 500 exceeded"},"_links":{"self":[{"href":"https:\/\/www.europesays.com\/fi\/wp-json\/wp\/v2\/posts\/118007","targetHints":{"allow":["GET"]}}],"collection":[{"href":"https:\/\/www.europesays.com\/fi\/wp-json\/wp\/v2\/posts"}],"about":[{"href":"https:\/\/www.europesays.com\/fi\/wp-json\/wp\/v2\/types\/post"}],"author":[{"embeddable":true,"href":"https:\/\/www.europesays.com\/fi\/wp-json\/wp\/v2\/users\/2"}],"replies":[{"embeddable":true,"href":"https:\/\/www.europesays.com\/fi\/wp-json\/wp\/v2\/comments?post=118007"}],"version-history":[{"count":0,"href":"https:\/\/www.europesays.com\/fi\/wp-json\/wp\/v2\/posts\/118007\/revisions"}],"wp:featuredmedia":[{"embeddable":true,"href":"https:\/\/www.europesays.com\/fi\/wp-json\/wp\/v2\/media\/118008"}],"wp:attachment":[{"href":"https:\/\/www.europesays.com\/fi\/wp-json\/wp\/v2\/media?parent=118007"}],"wp:term":[{"taxonomy":"category","embeddable":true,"href":"https:\/\/www.europesays.com\/fi\/wp-json\/wp\/v2\/categories?post=118007"},{"taxonomy":"post_tag","embeddable":true,"href":"https:\/\/www.europesays.com\/fi\/wp-json\/wp\/v2\/tags?post=118007"}],"curies":[{"name":"wp","href":"https:\/\/api.w.org\/{rel}","templated":true}]}}