{"id":118009,"date":"2025-12-16T15:15:24","date_gmt":"2025-12-16T15:15:24","guid":{"rendered":"https:\/\/www.europesays.com\/fi\/118009\/"},"modified":"2025-12-16T15:15:24","modified_gmt":"2025-12-16T15:15:24","slug":"poliisi-kouvolassa-kirjastossa-riehuneen-verisen-miehen-liikkeista-lisatietoa-epaillaan-useista-rikoksista-kymenlaakso","status":"publish","type":"post","link":"https:\/\/www.europesays.com\/fi\/118009\/","title":{"rendered":"Poliisi: Kouvolassa kirjastossa riehuneen verisen miehen liikkeist\u00e4 lis\u00e4tietoa \u2013 ep\u00e4ill\u00e4\u00e4n useista rikoksista | Kymenlaakso"},"content":{"rendered":"<p class=\"aw-1gybjub aw-5vja16 kEtdKx kmuxyA yle__article__paragraph\">Mies ehti muun muassa sotkea Kouvolan Kuusankosken kirjaston verell\u00e4\u00e4n, heitell\u00e4 kirjoja vartijaa kohti ja anastaa polkupy\u00f6r\u00e4n ennen kiinniottoaan.<\/p>\n<p><img decoding=\"async\" alt=\"Sis\u00e4\u00e4nk\u00e4ynti rakennukseen, jossa on lasiovet.\" src=\"https:\/\/www.europesays.com\/fi\/wp-content\/uploads\/2025\/12\/39-157050869411edf90ebe.jpeg\" class=\"aw-1l9m598 hKVVvP\"\/><\/p>\n<p>Avaa kuvien katselu<\/p>\n<p>Mies sotki viime perjantaina kirjaston sis\u00e4\u00e4ntuloa. Tiistaina v\u00e4likohtauksesta ei n\u00e4kynyt en\u00e4\u00e4 j\u00e4lki\u00e4. Kuva: Vesa Grekula \/ Yle<\/p>\n<p class=\"aw-1gybjub aw-1p7kakr kEtdKx cEmitX yle__article__paragraph\">Poliisi on saanut useita ilmoituksia sekavasti k\u00e4ytt\u00e4ytyneest\u00e4 miehest\u00e4 Kouvolan Kuusankoskella.<\/p>\n<p class=\"aw-1gybjub aw-1p7kakr kEtdKx cEmitX yle__article__paragraph\"><a class=\"aw-iao6s4 iHOxEa yle__article__link\" href=\"https:\/\/yle.fi\/a\/74-20199931\" role=\"link\" rel=\"nofollow noopener\" target=\"_blank\">Yle uutisoi<\/a> aiemmin tiistana verta vuotavasta ja sekavasti k\u00e4ytt\u00e4ytyv\u00e4st\u00e4 miehest\u00e4, mink\u00e4 vuoksi Kuusankosken kirjasto piti sulkea perjantaina normaalia aikaisemmin.<\/p>\n<p class=\"aw-1gybjub aw-1p7kakr kEtdKx cEmitX yle__article__paragraph\">Poliisi ep\u00e4ilee miest\u00e4 ry\u00f6st\u00f6st\u00e4, virkamiehen v\u00e4kivaltaisesta vastustamisesta, pahoinpitelyst\u00e4 ja vahingonteosta.<\/p>\n<p class=\"aw-1gybjub aw-1p7kakr kEtdKx cEmitX yle__article__paragraph\">Poliisi oli saanut perjantaina 12. joulukuuta noin kello 17.20 ilmoituksen, jonka mukaan Kuusankoskella sijaitsevassa ravintolassa ja sen pihapiiriss\u00e4 kuljeskeli sekavasti k\u00e4ytt\u00e4ytynyt mies. Mies oli liikkeell\u00e4 ilman paitaa ja h\u00e4nell\u00e4 oli k\u00e4siss\u00e4\u00e4n verta.<\/p>\n<p class=\"aw-1gybjub aw-1p7kakr kEtdKx cEmitX yle__article__paragraph\">Poliisipartio l\u00e4hti etsim\u00e4\u00e4n miest\u00e4, ja hetken kuluttua poliisille ilmoitettiin uudestaan samasta miehest\u00e4, t\u00e4ll\u00e4 kertaa Kuusankosken kirjaston luota. Mies sotki verell\u00e4\u00e4n kirjaston sis\u00e4\u00e4ntulon, wc-alueet ja kirjahyllyjen v\u00e4lej\u00e4. T\u00e4m\u00e4 my\u00f6s heitteli verisi\u00e4 kirjoja kohti vartijaa.<\/p>\n<p><img decoding=\"async\" alt=\"Siisti julkinen wc-tila, jossa on kaksi pesuallasta, peilit ja roskakori. Sein\u00e4t ja lattia ovat laatoitettuja.\" src=\"https:\/\/www.europesays.com\/fi\/wp-content\/uploads\/2025\/12\/39-15705336941230dbfb30.jpeg\" loading=\"lazy\" class=\"aw-1l9m598 hKVVvP\"\/><\/p>\n<p>Avaa kuvien katselu<\/p>\n<p>Kirjaston vessan lattia oli sotkeutunut v\u00e4likohtauksessa verell\u00e4 lavuaarien edustalta. Vessa siivottiin ennen kirjaston avautumista. Kuva: Vesa Grekula \/ Yle<\/p>\n<p class=\"aw-1gybjub aw-1p7kakr kEtdKx cEmitX yle__article__paragraph\">T\u00e4m\u00e4n j\u00e4lkeen verinen kulkija poistui kirjastosta.<\/p>\n<p class=\"aw-1gybjub aw-1p7kakr kEtdKx cEmitX yle__article__paragraph\">Poliisi kertoo, ett\u00e4 mies oli kaatanut polkupy\u00f6r\u00e4ll\u00e4 kulkeneen naisen ja anastanut h\u00e4nelt\u00e4 polkupy\u00f6r\u00e4n. T\u00e4m\u00e4n j\u00e4lkeen mies oli py\u00f6r\u00e4illyt pois paikalta Kuusankoskella sijaitsevan kerrostalon pihaan.<\/p>\n<p class=\"aw-1gybjub aw-1p7kakr kEtdKx cEmitX yle__article__paragraph\">Kerrostalon pihalla olleiden ihmisten mukaan mies oli kohdistanut pihalla v\u00e4kivaltaa my\u00f6s toiseen sivulliseen. T\u00e4m\u00e4n j\u00e4lkeen mies oli rikkonut kerrostalon rappuk\u00e4yt\u00e4v\u00e4n lasioven ja mennyt sis\u00e4\u00e4n rappuk\u00e4yt\u00e4v\u00e4\u00e4n.<\/p>\n<p class=\"aw-1gybjub aw-1p7kakr kEtdKx cEmitX yle__article__paragraph\">Poliisipartio l\u00f6ysi miehen rappuk\u00e4yt\u00e4v\u00e4st\u00e4 ja joutui k\u00e4ytt\u00e4m\u00e4\u00e4n voimakeinoja, jotta mies saatiin turvallisesti poliisin mukaan.<\/p>\n","protected":false},"excerpt":{"rendered":"Mies ehti muun muassa sotkea Kouvolan Kuusankosken kirjaston verell\u00e4\u00e4n, heitell\u00e4 kirjoja vartijaa kohti ja anastaa polkupy\u00f6r\u00e4n ennen kiinniottoaan.&hellip;\n","protected":false},"author":2,"featured_media":118010,"comment_status":"","ping_status":"","sticky":false,"template":"","format":"standard","meta":{"footnotes":""},"categories":[12],"tags":[22,23,26,27,33,31,30,17,2471,71,737,8800,464,55,24,25,28,29,15,18,21,52,1263,32,19,20,16,40],"class_list":{"0":"post-118009","1":"post","2":"type-post","3":"status-publish","4":"format-standard","5":"has-post-thumbnail","7":"category-suomi","8":"tag-breaking-news","9":"tag-breakingnews","10":"tag-featured-news","11":"tag-featurednews","12":"tag-fi","13":"tag-finland","14":"tag-finnish","15":"tag-headlines","16":"tag-kirjastot","17":"tag-kotimaa","18":"tag-kouvola","19":"tag-kuusankoski","20":"tag-kymenlaakso","21":"tag-lainvalvonta","22":"tag-latest-news","23":"tag-latestnews","24":"tag-main-news","25":"tag-mainnews","26":"tag-news","27":"tag-otsikot","28":"tag-paauutiset","29":"tag-poliisi","30":"tag-rikosepailyt","31":"tag-suomi","32":"tag-top-stories","33":"tag-topstories","34":"tag-uutiset","35":"tag-vakivalta"},"share_on_mastodon":{"url":"https:\/\/pubeurope.com\/@fi\/115729907298401412","error":""},"_links":{"self":[{"href":"https:\/\/www.europesays.com\/fi\/wp-json\/wp\/v2\/posts\/118009","targetHints":{"allow":["GET"]}}],"collection":[{"href":"https:\/\/www.europesays.com\/fi\/wp-json\/wp\/v2\/posts"}],"about":[{"href":"https:\/\/www.europesays.com\/fi\/wp-json\/wp\/v2\/types\/post"}],"author":[{"embeddable":true,"href":"https:\/\/www.europesays.com\/fi\/wp-json\/wp\/v2\/users\/2"}],"replies":[{"embeddable":true,"href":"https:\/\/www.europesays.com\/fi\/wp-json\/wp\/v2\/comments?post=118009"}],"version-history":[{"count":0,"href":"https:\/\/www.europesays.com\/fi\/wp-json\/wp\/v2\/posts\/118009\/revisions"}],"wp:featuredmedia":[{"embeddable":true,"href":"https:\/\/www.europesays.com\/fi\/wp-json\/wp\/v2\/media\/118010"}],"wp:attachment":[{"href":"https:\/\/www.europesays.com\/fi\/wp-json\/wp\/v2\/media?parent=118009"}],"wp:term":[{"taxonomy":"category","embeddable":true,"href":"https:\/\/www.europesays.com\/fi\/wp-json\/wp\/v2\/categories?post=118009"},{"taxonomy":"post_tag","embeddable":true,"href":"https:\/\/www.europesays.com\/fi\/wp-json\/wp\/v2\/tags?post=118009"}],"curies":[{"name":"wp","href":"https:\/\/api.w.org\/{rel}","templated":true}]}}