{"id":118011,"date":"2025-12-16T15:17:20","date_gmt":"2025-12-16T15:17:20","guid":{"rendered":"https:\/\/www.europesays.com\/fi\/118011\/"},"modified":"2025-12-16T15:17:20","modified_gmt":"2025-12-16T15:17:20","slug":"vammaisten-lasten-hoitoyksikko-pikku-koivu-suljettiin-vantaalla-henkilokunnan-osaamisessa-puutteita-uusimaa","status":"publish","type":"post","link":"https:\/\/www.europesays.com\/fi\/118011\/","title":{"rendered":"Vammaisten lasten hoitoyksikk\u00f6 Pikku-Koivu suljettiin Vantaalla \u2013 henkil\u00f6kunnan osaamisessa puutteita | Uusimaa"},"content":{"rendered":"<p class=\"aw-1gybjub aw-5vja16 kEtdKx kmuxyA yle__article__paragraph\">Hyvinvointialue on tehnyt rikosilmoituksen hoitoyksik\u00f6ss\u00e4 havaittujen puutteiden vuoksi.<\/p>\n<p><img decoding=\"async\" alt=\"Kuvituskuvia erityislapsi-, ADHD-juttuihin. Kuvattu 30.1.2024.\" src=\"https:\/\/www.europesays.com\/fi\/wp-content\/uploads\/2025\/12\/39-123621265ba3f18e365e.jpeg\" class=\"aw-1l9m598 hKVVvP\"\/><\/p>\n<p>Avaa kuvien katselu<\/p>\n<p>Pikku-Koivun toiminta keskeytettiin asiakasturvallisuuden varmistamiseksi. Kuvituskuva. Kuva: Rami Moilanen \/ Yle<\/p>\n<p class=\"aw-1gybjub aw-1p7kakr kEtdKx cEmitX yle__article__paragraph\">Vantaan ja Keravan hyvinvointialue <a class=\"aw-iao6s4 iHOxEa yle__article__link\" href=\"https:\/\/vakehyva.fi\/fi\/ajankohtaista\/ajankohtaista\/vammaisten-lasten-lyhytaikaishoidon-yksikko-pikku-koivu-suljetaan-tilapaisesti\" role=\"link\" rel=\"nofollow noopener\" target=\"_blank\">on sulkenut tilap\u00e4isesti<\/a> vammaisten lasten lyhytaikaishoidon yksik\u00f6n Pikku-Koivun Vantaalla. Syyn\u00e4 sulkuun on toiminnassa ilmenneet puutteet.<\/p>\n<p class=\"aw-1gybjub aw-1p7kakr kEtdKx cEmitX yle__article__paragraph\">Hyvinvointialueen vammais- ja vanhuspalvelujen toimialajohtaja <strong class=\"aw-ak79eh KyCXm yle__article__strong\">Minna Lahnalampi-Lahtinen<\/strong> kertoo Ylelle, ett\u00e4 yksik\u00f6n toiminta p\u00e4\u00e4tettiin keskeytt\u00e4\u00e4 asiakasturvallisuuden varmistamiseksi.<\/p>\n<p class=\"aw-1gybjub aw-1p7kakr kEtdKx cEmitX yle__article__paragraph\">Kyseess\u00e4 on Lahnalampi-Lahtisen mukaan poikkeuksellinen toimenpide.<\/p>\n<p class=\"aw-1gybjub aw-1p7kakr kEtdKx cEmitX yle__article__paragraph\">Pikku-Koivu tarjoaa ymp\u00e4rivuorokautista tilap\u00e4ishoitoa 3\u201317-vuotiaille lapsille ja nuorille. Yksik\u00f6ss\u00e4 on kuusi asiakaspaikkaa ja noin 15 vakituista ty\u00f6ntekij\u00e4\u00e4.<\/p>\n<p>Puutteita osaamisessa<\/p>\n<p class=\"aw-1gybjub aw-1p7kakr kEtdKx cEmitX yle__article__paragraph\">Puutteet yksik\u00f6n toiminnassa ovat tulleet esille hyvinvointialueen oman laadunvalvonnan yhteydess\u00e4 syksyll\u00e4. Lahnalampi-Lahtisen mukaan yksik\u00f6ss\u00e4 on my\u00f6s ollut tilanteita, joissa asiakasturvallisuus on vaarantunut.<\/p>\n<p class=\"aw-1gybjub aw-1p7kakr kEtdKx cEmitX yle__article__paragraph\">Hyvinvointialue on tehnyt n\u00e4ist\u00e4 tilanteista rikosilmoitukset poliisille ja ilmoituksen aluehallintovirastoon.<\/p>\n<p class=\"aw-1gybjub aw-1p7kakr kEtdKx cEmitX yle__article__paragraph\">Lahnalampi-Lahtisen mukaan ongelmat liittyv\u00e4t erityisesti henkil\u00f6kunnan osaamiseen ja asiakkaiden kohtaamiseen.<\/p>\n<p class=\"aw-1gybjub aw-1p7kakr kEtdKx cEmitX yle__article__paragraph\">\u2013 Meid\u00e4n pit\u00e4\u00e4 pysty\u00e4 varmistamaan osaamisen taso, ett\u00e4 pystymme varmistamaan my\u00f6s asiakasturvallisuuden, toimialajohtaja toteaa.<\/p>\n<p class=\"aw-1gybjub aw-1p7kakr kEtdKx cEmitX yle__article__paragraph\">Toimialajohtaja ei avaa tarkemmin havaittuja puutteita vedoten k\u00e4ynniss\u00e4 olevaan poliisitutkintaan.<\/p>\n<p class=\"aw-1gybjub aw-1p7kakr kEtdKx cEmitX yle__article__paragraph\">Lahnalampi-Lahtisen mukaan yksik\u00f6ss\u00e4 ei kuitenkaan ole sattunut vakavia fyysisi\u00e4 vahinkoja. H\u00e4nen mukaansa vammaispalveluissa on erityisen t\u00e4rke\u00e4\u00e4 varmistaa asiakkaiden itsem\u00e4\u00e4r\u00e4\u00e4misoikeuden toteutuminen ja vastata asiakkaiden yksil\u00f6llisiin tarpeisiin.<\/p>\n<p class=\"aw-1gybjub aw-1p7kakr kEtdKx cEmitX yle__article__paragraph\">Vantaan ja Keravan hyvinvointialue on my\u00f6s ryhtynyt ty\u00f6njohdollisiin toimenpiteisiin yksik\u00f6ss\u00e4. Lahnalampi-Lahtinen ei kuitenkaan kommentoi, onko kyse irtisanomisista tai kuinka montaa ty\u00f6ntekij\u00e4\u00e4 toimenpiteet koskevat.<\/p>\n","protected":false},"excerpt":{"rendered":"Hyvinvointialue on tehnyt rikosilmoituksen hoitoyksik\u00f6ss\u00e4 havaittujen puutteiden vuoksi. Avaa kuvien katselu Pikku-Koivun toiminta keskeytettiin asiakasturvallisuuden varmistamiseksi. Kuvituskuva. Kuva:&hellip;\n","protected":false},"author":2,"featured_media":118012,"comment_status":"","ping_status":"","sticky":false,"template":"","format":"standard","meta":{"footnotes":""},"categories":[5],"tags":[22,23,26,27,33,31,30,17,2218,71,24,25,28,29,15,18,21,1263,32,19,20,1168,16,21418],"class_list":{"0":"post-118011","1":"post","2":"type-post","3":"status-publish","4":"format-standard","5":"has-post-thumbnail","7":"category-otsikot","8":"tag-breaking-news","9":"tag-breakingnews","10":"tag-featured-news","11":"tag-featurednews","12":"tag-fi","13":"tag-finland","14":"tag-finnish","15":"tag-headlines","16":"tag-hyvinvointialueet","17":"tag-kotimaa","18":"tag-latest-news","19":"tag-latestnews","20":"tag-main-news","21":"tag-mainnews","22":"tag-news","23":"tag-otsikot","24":"tag-paauutiset","25":"tag-rikosepailyt","26":"tag-suomi","27":"tag-top-stories","28":"tag-topstories","29":"tag-uusimaa","30":"tag-uutiset","31":"tag-vammaispalvelut"},"share_on_mastodon":{"url":"","error":""},"_links":{"self":[{"href":"https:\/\/www.europesays.com\/fi\/wp-json\/wp\/v2\/posts\/118011","targetHints":{"allow":["GET"]}}],"collection":[{"href":"https:\/\/www.europesays.com\/fi\/wp-json\/wp\/v2\/posts"}],"about":[{"href":"https:\/\/www.europesays.com\/fi\/wp-json\/wp\/v2\/types\/post"}],"author":[{"embeddable":true,"href":"https:\/\/www.europesays.com\/fi\/wp-json\/wp\/v2\/users\/2"}],"replies":[{"embeddable":true,"href":"https:\/\/www.europesays.com\/fi\/wp-json\/wp\/v2\/comments?post=118011"}],"version-history":[{"count":0,"href":"https:\/\/www.europesays.com\/fi\/wp-json\/wp\/v2\/posts\/118011\/revisions"}],"wp:featuredmedia":[{"embeddable":true,"href":"https:\/\/www.europesays.com\/fi\/wp-json\/wp\/v2\/media\/118012"}],"wp:attachment":[{"href":"https:\/\/www.europesays.com\/fi\/wp-json\/wp\/v2\/media?parent=118011"}],"wp:term":[{"taxonomy":"category","embeddable":true,"href":"https:\/\/www.europesays.com\/fi\/wp-json\/wp\/v2\/categories?post=118011"},{"taxonomy":"post_tag","embeddable":true,"href":"https:\/\/www.europesays.com\/fi\/wp-json\/wp\/v2\/tags?post=118011"}],"curies":[{"name":"wp","href":"https:\/\/api.w.org\/{rel}","templated":true}]}}