{"id":118019,"date":"2025-12-16T15:36:09","date_gmt":"2025-12-16T15:36:09","guid":{"rendered":"https:\/\/www.europesays.com\/fi\/118019\/"},"modified":"2025-12-16T15:36:09","modified_gmt":"2025-12-16T15:36:09","slug":"brad-pitt-haluttiin-uuteen-batman-elokuvaan-kiinnostusta-oli-mutta-homma-meni-puihin","status":"publish","type":"post","link":"https:\/\/www.europesays.com\/fi\/118019\/","title":{"rendered":"Brad Pitt haluttiin uuteen Batman-elokuvaan &#8211; kiinnostusta oli, mutta homma meni puihin"},"content":{"rendered":"<p>Brad Pitt elokuvassa Once Upon a Time in Hollywood \/ Kuva: \u00a9 2018 CTMG, Inc.<\/p>\n<p>The Batman Part II:een huhutulla Brad Pittill\u00e4 on muita kiireit\u00e4.<\/p>\n<p>Tuoreiden huhujen mukaan Brad Pitti\u00e4 kaavailtiin Matt Reevesin tulevaan <a href=\"https:\/\/muropaketti.com\/avainsana\/the-batman-2\/\" rel=\"nofollow noopener\" target=\"_blank\">The Batman Part II <\/a>-elokuvaan Harvey Dentin tai t\u00e4m\u00e4n is\u00e4n rooliin. <a href=\"https:\/\/view.email.hollywoodreporter.com\/?qs=07df8d08af65dc83ca229ede4d5bb65005f2a5bc344aa2315cc92c4bf5b0dfc6c46278e0ffce7e5f5eb51fe6e1d37924cb8100924b8da862e53b371093678a8dd267c9bcb489e2f4\" target=\"_blank\" rel=\"noreferrer noopener nofollow\">The Hollywood Reporterin<\/a> mukaan n\u00e4in ei kuitenkaan ole tapahtumassa.<\/p>\n<p>Syyn\u00e4 t\u00e4h\u00e4n kerrotaan olevan muut kiireet. Pitt on piakkoin ryhtym\u00e4ss\u00e4 kuvaamaan Edward Bergerin ohjaamaa elokuvaa The Riders. T\u00e4m\u00e4 tarkoittaa kuvausten aikataulullista p\u00e4\u00e4llek\u00e4isyytt\u00e4, sill\u00e4 uuden Batmanin kuvausten on m\u00e4\u00e4r\u00e4 alkaa toukokuussa 2026.<\/p>\n<p>Robert Pattinson palaa p\u00e4\u00e4osaan Matt Reevesin ohjaamassa ja k\u00e4sikirjoittamassa jatko-osassa. Muita tuttuihin rooleihin palaavia n\u00e4yttelij\u00f6it\u00e4 ovat ainakin Colin Farrell, Andy Serkis ja Jeffrey Wright. Uutena mukaan liittyy Scarlett Johansson, jonka <a href=\"https:\/\/muropaketti.com\/elokuvat\/elokuvauutiset\/scarlett-johanssonin-rooli-uudessa-batman-elokuvassa-saattoi-juuri-paljastua\/\" rel=\"nofollow noopener\" target=\"_blank\">on huhuttu olevan<\/a> elokuvassa Harvey Dentin vaimo Gilda Gold.<\/p>\n<p>The Batman Part II saa n\u00e4ill\u00e4 n\u00e4kymin ensi-iltansa 1. lokakuuta 2027.<\/p>\n","protected":false},"excerpt":{"rendered":"Brad Pitt elokuvassa Once Upon a Time in Hollywood \/ Kuva: \u00a9 2018 CTMG, Inc. The Batman Part&hellip;\n","protected":false},"author":2,"featured_media":118020,"comment_status":"","ping_status":"","sticky":false,"template":"","format":"standard","meta":{"footnotes":""},"categories":[131],"tags":[1294,155,137,33,173,31,30,2447,172,32,1022,109],"class_list":{"0":"post-118019","1":"post","2":"type-post","3":"status-publish","4":"format-standard","5":"has-post-thumbnail","7":"category-elokuvat","8":"tag-brad-pitt","9":"tag-elokuvat","10":"tag-entertainment","11":"tag-fi","12":"tag-film","13":"tag-finland","14":"tag-finnish","15":"tag-matt-reeves","16":"tag-movies","17":"tag-suomi","18":"tag-the-batman-2","19":"tag-viihde"},"share_on_mastodon":{"url":"https:\/\/pubeurope.com\/@fi\/115729988601629120","error":""},"_links":{"self":[{"href":"https:\/\/www.europesays.com\/fi\/wp-json\/wp\/v2\/posts\/118019","targetHints":{"allow":["GET"]}}],"collection":[{"href":"https:\/\/www.europesays.com\/fi\/wp-json\/wp\/v2\/posts"}],"about":[{"href":"https:\/\/www.europesays.com\/fi\/wp-json\/wp\/v2\/types\/post"}],"author":[{"embeddable":true,"href":"https:\/\/www.europesays.com\/fi\/wp-json\/wp\/v2\/users\/2"}],"replies":[{"embeddable":true,"href":"https:\/\/www.europesays.com\/fi\/wp-json\/wp\/v2\/comments?post=118019"}],"version-history":[{"count":0,"href":"https:\/\/www.europesays.com\/fi\/wp-json\/wp\/v2\/posts\/118019\/revisions"}],"wp:featuredmedia":[{"embeddable":true,"href":"https:\/\/www.europesays.com\/fi\/wp-json\/wp\/v2\/media\/118020"}],"wp:attachment":[{"href":"https:\/\/www.europesays.com\/fi\/wp-json\/wp\/v2\/media?parent=118019"}],"wp:term":[{"taxonomy":"category","embeddable":true,"href":"https:\/\/www.europesays.com\/fi\/wp-json\/wp\/v2\/categories?post=118019"},{"taxonomy":"post_tag","embeddable":true,"href":"https:\/\/www.europesays.com\/fi\/wp-json\/wp\/v2\/tags?post=118019"}],"curies":[{"name":"wp","href":"https:\/\/api.w.org\/{rel}","templated":true}]}}