{"id":118025,"date":"2025-12-16T15:42:11","date_gmt":"2025-12-16T15:42:11","guid":{"rendered":"https:\/\/www.europesays.com\/fi\/118025\/"},"modified":"2025-12-16T15:42:11","modified_gmt":"2025-12-16T15:42:11","slug":"kahden-porilaisen-k-marketin-kauppias-niko-rantala-lahtee-kauppiaaksi-jalasjarvelle","status":"publish","type":"post","link":"https:\/\/www.europesays.com\/fi\/118025\/","title":{"rendered":"Kahden porilaisen K-marketin kauppias Niko Rantala l\u00e4htee kauppiaaksi Jalasj\u00e4rvelle"},"content":{"rendered":"<p>39-vuotiaan kauppiaan ura jatkuu Etel\u00e4-Pohjanmaalla.<\/p>\n<p class=\"article-body mb-nof-24 px-nof-16\">Pori<\/p>\n<p class=\"article-body mb-nof-24 px-nof-16\">Kahta porilaista ruokakauppaa jo usean vuoden ajan vet\u00e4nyt <a class=\"article-personlink\" href=\"https:\/\/www.satakunnankansa.fi\/haku\/?query=Niko%20Rantala\" rel=\"nofollow noopener\" target=\"_blank\">Niko Rantala<\/a> l\u00e4htee kev\u00e4\u00e4ll\u00e4 pois Porista, selvi\u00e4\u00e4 Keskon tiedotteesta. 39-vuotias Rantala aloittaa maaliskuussa K-supermarket Jalasj\u00e4rven kauppiaana.<\/p>\n<p class=\"article-body mb-nof-24 px-nof-16\">Rantalan kauppiasura alkoi Porissa reilut kahdeksan vuotta sitten, jolloin h\u00e4n otti johdettavakseen per\u00e4ti nelj\u00e4 Keskon omistukseen siirtynytt\u00e4 ja K-marketeiksi muutettua entist\u00e4 Siwaa ja Valintataloa. Kaupoista kaksi p\u00e4\u00e4tyi nopeasti Keskon lakkautuslistalle, joten viimeiset kuusi vuotta Rantala on ollut kauppiaana kahdessa kaupassa: K-market Viikin\u00e4isiss\u00e4 ja K-market Kalevanpuistossa.<\/p>\n","protected":false},"excerpt":{"rendered":"39-vuotiaan kauppiaan ura jatkuu Etel\u00e4-Pohjanmaalla. Pori Kahta porilaista ruokakauppaa jo usean vuoden ajan vet\u00e4nyt Niko Rantala l\u00e4htee kev\u00e4\u00e4ll\u00e4&hellip;\n","protected":false},"author":2,"featured_media":118026,"comment_status":"","ping_status":"","sticky":false,"template":"","format":"standard","meta":{"footnotes":""},"categories":[76],"tags":[79,77,33,31,30,80,32,78],"class_list":{"0":"post-118025","1":"post","2":"type-post","3":"status-publish","4":"format-standard","5":"has-post-thumbnail","7":"category-talous","8":"tag-business","9":"tag-economy","10":"tag-fi","11":"tag-finland","12":"tag-finnish","13":"tag-satakunnan-kansa","14":"tag-suomi","15":"tag-talous"},"share_on_mastodon":{"url":"https:\/\/pubeurope.com\/@fi\/115730012229540155","error":""},"_links":{"self":[{"href":"https:\/\/www.europesays.com\/fi\/wp-json\/wp\/v2\/posts\/118025","targetHints":{"allow":["GET"]}}],"collection":[{"href":"https:\/\/www.europesays.com\/fi\/wp-json\/wp\/v2\/posts"}],"about":[{"href":"https:\/\/www.europesays.com\/fi\/wp-json\/wp\/v2\/types\/post"}],"author":[{"embeddable":true,"href":"https:\/\/www.europesays.com\/fi\/wp-json\/wp\/v2\/users\/2"}],"replies":[{"embeddable":true,"href":"https:\/\/www.europesays.com\/fi\/wp-json\/wp\/v2\/comments?post=118025"}],"version-history":[{"count":0,"href":"https:\/\/www.europesays.com\/fi\/wp-json\/wp\/v2\/posts\/118025\/revisions"}],"wp:featuredmedia":[{"embeddable":true,"href":"https:\/\/www.europesays.com\/fi\/wp-json\/wp\/v2\/media\/118026"}],"wp:attachment":[{"href":"https:\/\/www.europesays.com\/fi\/wp-json\/wp\/v2\/media?parent=118025"}],"wp:term":[{"taxonomy":"category","embeddable":true,"href":"https:\/\/www.europesays.com\/fi\/wp-json\/wp\/v2\/categories?post=118025"},{"taxonomy":"post_tag","embeddable":true,"href":"https:\/\/www.europesays.com\/fi\/wp-json\/wp\/v2\/tags?post=118025"}],"curies":[{"name":"wp","href":"https:\/\/api.w.org\/{rel}","templated":true}]}}