{"id":118027,"date":"2025-12-16T15:43:07","date_gmt":"2025-12-16T15:43:07","guid":{"rendered":"https:\/\/www.europesays.com\/fi\/118027\/"},"modified":"2025-12-16T15:43:07","modified_gmt":"2025-12-16T15:43:07","slug":"britannian-oikeistopoliitikko-otti-lahjuksia-venajalta-nyt-alkaa-tutkinta-uutisia-lyhyesti","status":"publish","type":"post","link":"https:\/\/www.europesays.com\/fi\/118027\/","title":{"rendered":"Britannian oikeistopoliitikko otti lahjuksia Ven\u00e4j\u00e4lt\u00e4 \u2013 nyt alkaa tutkinta | Uutisia lyhyesti"},"content":{"rendered":"<p class=\"aw-1gybjub aw-5vja16 kEtdKx kmuxyA yle__article__paragraph\">Reform UK -puolueen aluejohtaja kehui EU-parlamentissa Ven\u00e4j\u00e4\u00e4 lahjuksia vastaan. <\/p>\n<p class=\"aw-1gybjub aw-1p7kakr kEtdKx cEmitX yle__article__paragraph\">Britannian hallitus aloittaa laajan selvityksen ulkomaiden taloudellisesta vaikutuksesta maan politiikkaan.<\/p>\n<p class=\"aw-1gybjub aw-1p7kakr kEtdKx cEmitX yle__article__paragraph\">Hallituksen mukaan selvitys on seurausta viime kuussa paljastuneesta skandaalista, jossa brittil\u00e4inen eurokansanedustaja tuomittiin syylliseksi lahjusten vastaanottamiseen Ven\u00e4j\u00e4lt\u00e4.<\/p>\n<p class=\"aw-1gybjub aw-1p7kakr kEtdKx cEmitX yle__article__paragraph\">Oikeistopopulistisen ja eurovastaisen Reform UK -puolueen eurokansanedustaja ja puolueen Walesin alueen johtaja <strong class=\"aw-ak79eh KyCXm yle__article__strong\">Nathan Gill<\/strong> tuomittiin 10,5 vuodeksi vankeuteen lahjusten ottamisesta.<\/p>\n<p class=\"aw-1gybjub aw-1p7kakr kEtdKx cEmitX yle__article__paragraph\">H\u00e4nen todettiin vastaanottaneen Ven\u00e4j\u00e4-my\u00f6nteiselt\u00e4 ukrainalaispoliitikolta noin 40 000 punnan eli noin 45 000 euron lahjukset vuosina 2018 \u2013 19. Vastineeksi h\u00e4n piti Ven\u00e4j\u00e4lle my\u00f6nteisi\u00e4 puheita europarlamentissa.<\/p>\n<p class=\"aw-1gybjub aw-1p7kakr kEtdKx cEmitX yle__article__paragraph\">\u2013 <strong class=\"aw-ak79eh KyCXm yle__article__strong\">Nigel Faragen<\/strong> (Reform UK:n puheenjohtajan) on heti tutkittava jokainen sentti puolueensa rakenteesta, j\u00e4senist\u00e4, lahjoittajista ja edustajista voidakseen antaa raudanlujat takeet, ett\u00e4 kaikki Ven\u00e4j\u00e4-mieliset j\u00e4\u00e4nteet puolueesta on poistettu, vaati tuolloin Britannian puolustusministeri <strong class=\"aw-ak79eh KyCXm yle__article__strong\">Al Carns<\/strong> <a class=\"aw-iao6s4 iHOxEa yle__article__link\" href=\"https:\/\/www.theguardian.com\/politics\/2025\/nov\/21\/nathan-gill-former-reform-uk-wales-leader-jailed-bribes-pro-russia-statements-mep\" role=\"link\" rel=\"nofollow noopener\" target=\"_blank\">Guardian-lehden<\/a> mukaan.<\/p>\n<p class=\"aw-1gybjub aw-1p7kakr kEtdKx cEmitX yle__article__paragraph\">L\u00e4hde: Reuters<\/p>\n","protected":false},"excerpt":{"rendered":"Reform UK -puolueen aluejohtaja kehui EU-parlamentissa Ven\u00e4j\u00e4\u00e4 lahjuksia vastaan. Britannian hallitus aloittaa laajan selvityksen ulkomaiden taloudellisesta vaikutuksesta maan&hellip;\n","protected":false},"author":2,"featured_media":74,"comment_status":"","ping_status":"","sticky":false,"template":"","format":"standard","meta":{"footnotes":""},"categories":[14],"tags":[22,23,1775,19656,26,27,33,31,30,17,3553,3554,24,25,28,29,15,18,21,21419,32,19,20,56,16,547,59,60,61],"class_list":{"0":"post-118027","1":"post","2":"type-post","3":"status-publish","4":"format-standard","5":"has-post-thumbnail","7":"category-ulkomaat","8":"tag-breaking-news","9":"tag-breakingnews","10":"tag-britannia","11":"tag-britannian-politiikka","12":"tag-featured-news","13":"tag-featurednews","14":"tag-fi","15":"tag-finland","16":"tag-finnish","17":"tag-headlines","18":"tag-korruptio","19":"tag-lahjonta","20":"tag-latest-news","21":"tag-latestnews","22":"tag-main-news","23":"tag-mainnews","24":"tag-news","25":"tag-otsikot","26":"tag-paauutiset","27":"tag-reform-uk","28":"tag-suomi","29":"tag-top-stories","30":"tag-topstories","31":"tag-ulkomaat","32":"tag-uutiset","33":"tag-venaja","34":"tag-world","35":"tag-world-news","36":"tag-worldnews"},"share_on_mastodon":{"url":"https:\/\/pubeurope.com\/@fi\/115730016205722566","error":""},"_links":{"self":[{"href":"https:\/\/www.europesays.com\/fi\/wp-json\/wp\/v2\/posts\/118027","targetHints":{"allow":["GET"]}}],"collection":[{"href":"https:\/\/www.europesays.com\/fi\/wp-json\/wp\/v2\/posts"}],"about":[{"href":"https:\/\/www.europesays.com\/fi\/wp-json\/wp\/v2\/types\/post"}],"author":[{"embeddable":true,"href":"https:\/\/www.europesays.com\/fi\/wp-json\/wp\/v2\/users\/2"}],"replies":[{"embeddable":true,"href":"https:\/\/www.europesays.com\/fi\/wp-json\/wp\/v2\/comments?post=118027"}],"version-history":[{"count":0,"href":"https:\/\/www.europesays.com\/fi\/wp-json\/wp\/v2\/posts\/118027\/revisions"}],"wp:featuredmedia":[{"embeddable":true,"href":"https:\/\/www.europesays.com\/fi\/wp-json\/wp\/v2\/media\/74"}],"wp:attachment":[{"href":"https:\/\/www.europesays.com\/fi\/wp-json\/wp\/v2\/media?parent=118027"}],"wp:term":[{"taxonomy":"category","embeddable":true,"href":"https:\/\/www.europesays.com\/fi\/wp-json\/wp\/v2\/categories?post=118027"},{"taxonomy":"post_tag","embeddable":true,"href":"https:\/\/www.europesays.com\/fi\/wp-json\/wp\/v2\/tags?post=118027"}],"curies":[{"name":"wp","href":"https:\/\/api.w.org\/{rel}","templated":true}]}}