{"id":118067,"date":"2025-12-16T16:57:11","date_gmt":"2025-12-16T16:57:11","guid":{"rendered":"https:\/\/www.europesays.com\/fi\/118067\/"},"modified":"2025-12-16T16:57:11","modified_gmt":"2025-12-16T16:57:11","slug":"psg-joutuu-maksajaksi-kylian-mbappen-palkkakiistassa-urheilua-lyhyesti","status":"publish","type":"post","link":"https:\/\/www.europesays.com\/fi\/118067\/","title":{"rendered":"PSG joutuu maksajaksi Kylian Mbapp\u00e9n palkkakiistassa | Urheilua lyhyesti"},"content":{"rendered":"<p class=\"aw-1gybjub aw-5vja16 kEtdKx kmuxyA yle__article__paragraph\">Ranskalaisen jalkapallot\u00e4hden Kylian Mbapp\u00e9n ja h\u00e4nen entisen seuransa Paris Saint-Germainin palkkariitaan on saatu ratkaisu Ranskan ty\u00f6istuimessa.<\/p>\n<p><img decoding=\"async\" alt=\"Kylian Mbapp\u00e9 kuvassa PSG-paidassa.\" src=\"https:\/\/www.europesays.com\/fi\/wp-content\/uploads\/2025\/12\/39-157093569417d23300fc.jpeg\" class=\"aw-1l9m598 hKVVvP\"\/><\/p>\n<p>Avaa kuvien katselu<\/p>\n<p>Kylian Mbapp\u00e9 pelasi Paris Saint-Germainin riveiss\u00e4 seitsem\u00e4n kauden ajan. Kuva: Franck Fife\/AFP\/Lehtikuva<\/p>\n<p class=\"aw-1gybjub aw-1p7kakr kEtdKx cEmitX yle__article__paragraph\">Ranskan ty\u00f6tuomioistuin on velvoittanut Paris Saint-Germainin maksamaan entiselle hy\u00f6kk\u00e4\u00e4j\u00e4lleen <strong class=\"aw-ak79eh KyCXm yle__article__strong\">Kylian Mbapp\u00e9lle<\/strong> noin 60 miljoonaa euroa palkkariidassa, joka koski maksamattomia palkkoja ja bonuksia.<\/p>\n<p class=\"aw-1gybjub aw-1p7kakr kEtdKx cEmitX yle__article__paragraph\">Kes\u00e4kuussa 2024 PSG:st\u00e4 l\u00e4htenyt Mbapp\u00e9 oli vaatinut seuralta yli 260 miljoonaa euroa, kun taas PSG oli vaatinut Mbapp\u00e9lta 440 miljoonan euron korvauksia.<\/p>\n<p class=\"aw-1gybjub aw-1p7kakr kEtdKx cEmitX yle__article__paragraph\">Mbapp\u00e9n vaatimukset koskivat huhti\u2013kes\u00e4kuun palkkoja, lomakorvauksia ja allekirjoituspalkkioita. Mbapp\u00e9n mukaan palkat oli pid\u00e4tetty v\u00e4h\u00e4n ennen kuin h\u00e4n l\u00e4hti seurasta.<\/p>\n<p class=\"aw-1gybjub aw-1p7kakr kEtdKx cEmitX yle__article__paragraph\">Saudiarabialainen seura Al-Hilal oli kes\u00e4kuussa 2023 kiinnostunut ostamaan Mbapp\u00e9n PSG:lt\u00e4, mutta Mbapp\u00e9 kielt\u00e4ytyi siirrosta. Sen sijaan h\u00e4n siirtyi vuotta my\u00f6hemmin Real Madridiin ilmaiseksi. PSG pohjasi korvausvaatimuksensa muun muassa Al-Hilal-siirron kariutumiseen.<\/p>\n<p class=\"aw-1gybjub aw-1p7kakr kEtdKx cEmitX yle__article__paragraph\">Palkkakiistaa ratkottiin jo vuosi sitten Ranskan liigajoukkueiden yhdistyksen (LFP) k\u00e4sittelyss\u00e4. LFP m\u00e4\u00e4r\u00e4si PSG:n maksamaan r\u00e4stiss\u00e4 olevat palkat, mutta PSG valitti asiasta oikeuteen.<\/p>\n<p class=\"aw-1gybjub aw-1p7kakr kEtdKx cEmitX yle__article__paragraph\">PSG vetosi suulliseen sopimukseen, jonka mukaan Mbapp\u00e9 olisi luopunut oikeudestaan rahoihin. Pelaaja on kiist\u00e4nyt tehneens\u00e4 suullista sopimusta.<\/p>\n<p class=\"aw-1gybjub aw-1p7kakr kEtdKx cEmitX yle__article__paragraph\">Mbapp\u00e9n asianajajat ilmoittivat lausunnossaan ottavansa p\u00e4\u00e4t\u00f6ksen vastaan tyytyv\u00e4isin\u00e4.<\/p>\n<p class=\"aw-1gybjub aw-1p7kakr kEtdKx cEmitX yle__article__paragraph\">\u2013 Jopa ammattilaisjalkapallossa ty\u00f6lains\u00e4\u00e4d\u00e4nt\u00f6 koskee kaikkia, asianajajat totesivat.<\/p>\n<p class=\"aw-1gybjub aw-1p7kakr kEtdKx cEmitX yle__article__paragraph\">PSG ei ole viel\u00e4 ilmoittanut, aikooko se valittaa tuomiosta.<\/p>\n<p class=\"aw-1gybjub aw-1p7kakr kEtdKx cEmitX yle__article__paragraph\">Mbapp\u00e9 teki PSG:ss\u00e4 pelaamissaan 308 ottelussa 256 maalia. Seura voitti Mestarien liigan ensimm\u00e4ist\u00e4 kertaa viime kaudella \u2013 vasta Mbapp\u00e9n l\u00e4hdetty\u00e4.<\/p>\n<p class=\"aw-1gybjub aw-1p7kakr kEtdKx cEmitX yle__article__paragraph\">L\u00e4hteer: AFP, Reuters<\/p>\n","protected":false},"excerpt":{"rendered":"Ranskalaisen jalkapallot\u00e4hden Kylian Mbapp\u00e9n ja h\u00e4nen entisen seuransa Paris Saint-Germainin palkkariitaan on saatu ratkaisu Ranskan ty\u00f6istuimessa. Avaa kuvien&hellip;\n","protected":false},"author":2,"featured_media":118068,"comment_status":"","ping_status":"","sticky":false,"template":"","format":"standard","meta":{"footnotes":""},"categories":[158],"tags":[33,31,30,43,1622,13797,2823,12446,159,32,160],"class_list":{"0":"post-118067","1":"post","2":"type-post","3":"status-publish","4":"format-standard","5":"has-post-thumbnail","7":"category-urheilu","8":"tag-fi","9":"tag-finland","10":"tag-finnish","11":"tag-jalkapallo","12":"tag-jalkapalloilijat","13":"tag-kylian-mbappe","14":"tag-paris-saint-germain-fc","15":"tag-real-madrid-cf","16":"tag-sports","17":"tag-suomi","18":"tag-urheilu"},"share_on_mastodon":{"url":"https:\/\/pubeurope.com\/@fi\/115730307395037674","error":""},"_links":{"self":[{"href":"https:\/\/www.europesays.com\/fi\/wp-json\/wp\/v2\/posts\/118067","targetHints":{"allow":["GET"]}}],"collection":[{"href":"https:\/\/www.europesays.com\/fi\/wp-json\/wp\/v2\/posts"}],"about":[{"href":"https:\/\/www.europesays.com\/fi\/wp-json\/wp\/v2\/types\/post"}],"author":[{"embeddable":true,"href":"https:\/\/www.europesays.com\/fi\/wp-json\/wp\/v2\/users\/2"}],"replies":[{"embeddable":true,"href":"https:\/\/www.europesays.com\/fi\/wp-json\/wp\/v2\/comments?post=118067"}],"version-history":[{"count":0,"href":"https:\/\/www.europesays.com\/fi\/wp-json\/wp\/v2\/posts\/118067\/revisions"}],"wp:featuredmedia":[{"embeddable":true,"href":"https:\/\/www.europesays.com\/fi\/wp-json\/wp\/v2\/media\/118068"}],"wp:attachment":[{"href":"https:\/\/www.europesays.com\/fi\/wp-json\/wp\/v2\/media?parent=118067"}],"wp:term":[{"taxonomy":"category","embeddable":true,"href":"https:\/\/www.europesays.com\/fi\/wp-json\/wp\/v2\/categories?post=118067"},{"taxonomy":"post_tag","embeddable":true,"href":"https:\/\/www.europesays.com\/fi\/wp-json\/wp\/v2\/tags?post=118067"}],"curies":[{"name":"wp","href":"https:\/\/api.w.org\/{rel}","templated":true}]}}