{"id":118078,"date":"2025-12-16T17:16:10","date_gmt":"2025-12-16T17:16:10","guid":{"rendered":"https:\/\/www.europesays.com\/fi\/118078\/"},"modified":"2025-12-16T17:16:10","modified_gmt":"2025-12-16T17:16:10","slug":"senni-salminen-julkaisi-intiimin-kuvan-poseeraa-raskaana-olevan-puolisonsa-kanssa","status":"publish","type":"post","link":"https:\/\/www.europesays.com\/fi\/118078\/","title":{"rendered":"Senni Salminen julkaisi intiimin kuvan \u2013 Poseeraa raskaana olevan puolisonsa kanssa"},"content":{"rendered":"<p>Senni Salminen jakoi herk\u00e4n kuvan Instagramissa.<\/p>\n<p><img decoding=\"async\" class=\"image image-show image-preview\" src=\"https:\/\/www.europesays.com\/fi\/wp-content\/uploads\/2025\/12\/279f9b4cd99849aca3fdee2c90d960a0ad127fea01d0f85fd2aaab37951cd111.jpg\" alt=\"\"\/><img decoding=\"async\" class=\"image image-show\" src=\"https:\/\/www.europesays.com\/fi\/wp-content\/uploads\/2025\/09\/1758027008_542_279f9b4cd99849aca3fdee2c90d960a0ad127fea01d0f85fd2aaab37951cd111.jpg\" alt=\"\"\/><\/p>\n<p>Senni Salminen ja Stella Wickstr\u00f6m Urheilugaalassa 2025.  Mikko Huisko<\/p>\n<p class=\"paragraph\">Kolmiloikkaja <strong>Senni Salminen<\/strong>, 29, on jakanut Instagramissa henkil\u00f6kohtaisen hetken, joka on her\u00e4tt\u00e4nyt runsaasti huomiota sosiaalisessa mediassa.<\/p>\n<p class=\"paragraph\">Salminen julkaisi kuvan yhdess\u00e4 puolisonsa <strong>Stella Wickstr\u00f6min<\/strong>, 28, kanssa ja antoi samalla seuraajilleen uuden, l\u00e4mpim\u00e4n v\u00e4l\u00e4hdyksen pariskunnan perheenlis\u00e4yksen odotuksesta.<\/p>\n<p class=\"paragraph\">Julkaisu levisi nopeasti, ja se ker\u00e4si lyhyess\u00e4 ajassa kymmeni\u00e4 tuhansia tykk\u00e4yksi\u00e4. Kommenttikentt\u00e4 t\u00e4yttyi ihailuista, ja julkaisusta tykk\u00e4siv\u00e4t my\u00f6s monet suomalaisen urheilun tunnetut nimet.<\/p>\n<p class=\"paragraph\">Julkaisusta ovat tyk\u00e4nneet muun muassa aitajuoksija <strong>Lotta Harala<\/strong>, entinen koripallot\u00e4hti <strong>Shawn Huff<\/strong>, ex-nyrkkeilij\u00e4 <strong>Elina Gustafsson<\/strong> sek\u00e4 maastohiiht\u00e4j\u00e4t <strong>Krista P\u00e4rm\u00e4koski<\/strong> ja <strong>Perttu Hyv\u00e4rinen<\/strong>.<\/p>\n<p class=\"paragraph\">Raskaudesta kerrottiin julkisesti jo <a href=\"https:\/\/www.iltalehti.fi\/yleisurheilun-mm-2025\/bb4bb731-8876-40e5-9ce3-e622908d3d1c\" rel=\"nofollow noopener\" target=\"_blank\">aiemmin syksyll\u00e4<\/a> Tokion MM-kilpailujen yhteydess\u00e4, jolloin Salminen paljasti perheeseen tulevan lis\u00e4yst\u00e4. Salminen ja Wickstr\u00f6m ovat olleet yhdess\u00e4 noin kolmen vuoden ajan.<\/p>\n<p class=\"paragraph\">Urheilullisesti ja henkil\u00f6kohtaisesti kulunut vuosi on ollut Salmiselle poikkeuksellisen tunteikas. Kev\u00e4\u00e4ll\u00e4 h\u00e4n saavutti uransa <a href=\"https:\/\/www.iltalehti.fi\/yleisurheilu\/6d7e8854-f3a2-49c1-a406-169604b5ecd8\" rel=\"nofollow noopener\" target=\"_blank\">ensimm\u00e4isen arvokisamitalin<\/a> hallikauden EM-kisoissa, mik\u00e4 oli merkitt\u00e4v\u00e4 virstanpylv\u00e4s h\u00e4nen urallaan. Syksy toi mukanaan my\u00f6s raskaita hetki\u00e4, kun Salmisen <a href=\"https:\/\/www.iltalehti.fi\/yleisurheilu\/6bfbd0af-b8b1-44ed-beab-47afa4ae67d2\" rel=\"nofollow noopener\" target=\"_blank\">is\u00e4 kuoli<\/a>.<\/p>\n","protected":false},"excerpt":{"rendered":"Senni Salminen jakoi herk\u00e4n kuvan Instagramissa. Senni Salminen ja Stella Wickstr\u00f6m Urheilugaalassa 2025. Mikko Huisko Kolmiloikkaja Senni Salminen,&hellip;\n","protected":false},"author":2,"featured_media":36599,"comment_status":"","ping_status":"","sticky":false,"template":"","format":"standard","meta":{"footnotes":""},"categories":[136],"tags":[35,407,137,33,31,30,101,408,100,41,98,32,161,109],"class_list":{"0":"post-118078","1":"post","2":"type-post","3":"status-publish","4":"format-standard","5":"has-post-thumbnail","7":"category-julkkikset","8":"tag-24h","9":"tag-celebrities","10":"tag-entertainment","11":"tag-fi","12":"tag-finland","13":"tag-finnish","14":"tag-ihmissuhteet","15":"tag-julkkikset","16":"tag-lapset-ja-nuoret","17":"tag-liikunta-ja-urheilu","18":"tag-perhe","19":"tag-suomi","20":"tag-urheilutapahtumat","21":"tag-viihde"},"share_on_mastodon":{"url":"https:\/\/pubeurope.com\/@fi\/115730381974241137","error":""},"_links":{"self":[{"href":"https:\/\/www.europesays.com\/fi\/wp-json\/wp\/v2\/posts\/118078","targetHints":{"allow":["GET"]}}],"collection":[{"href":"https:\/\/www.europesays.com\/fi\/wp-json\/wp\/v2\/posts"}],"about":[{"href":"https:\/\/www.europesays.com\/fi\/wp-json\/wp\/v2\/types\/post"}],"author":[{"embeddable":true,"href":"https:\/\/www.europesays.com\/fi\/wp-json\/wp\/v2\/users\/2"}],"replies":[{"embeddable":true,"href":"https:\/\/www.europesays.com\/fi\/wp-json\/wp\/v2\/comments?post=118078"}],"version-history":[{"count":0,"href":"https:\/\/www.europesays.com\/fi\/wp-json\/wp\/v2\/posts\/118078\/revisions"}],"wp:featuredmedia":[{"embeddable":true,"href":"https:\/\/www.europesays.com\/fi\/wp-json\/wp\/v2\/media\/36599"}],"wp:attachment":[{"href":"https:\/\/www.europesays.com\/fi\/wp-json\/wp\/v2\/media?parent=118078"}],"wp:term":[{"taxonomy":"category","embeddable":true,"href":"https:\/\/www.europesays.com\/fi\/wp-json\/wp\/v2\/categories?post=118078"},{"taxonomy":"post_tag","embeddable":true,"href":"https:\/\/www.europesays.com\/fi\/wp-json\/wp\/v2\/tags?post=118078"}],"curies":[{"name":"wp","href":"https:\/\/api.w.org\/{rel}","templated":true}]}}