{"id":118081,"date":"2025-12-16T17:24:07","date_gmt":"2025-12-16T17:24:07","guid":{"rendered":"https:\/\/www.europesays.com\/fi\/118081\/"},"modified":"2025-12-16T17:24:07","modified_gmt":"2025-12-16T17:24:07","slug":"lara-croftilla-on-uusi-nayttelija-aikaisempi-tahti-kiitollinen-matkastaan-pelien-parissa","status":"publish","type":"post","link":"https:\/\/www.europesays.com\/fi\/118081\/","title":{"rendered":"Lara Croftilla on uusi n\u00e4yttelij\u00e4 \u2013 aikaisempi t\u00e4hti kiitollinen matkastaan pelien parissa"},"content":{"rendered":"<p>Hiljattain paljastetut seuraavat Tomb Raider -seikkailut tuovat sarjaan mukaan uuden p\u00e4\u00e4t\u00e4hden, <strong>Alix<\/strong> <strong>Wilton<\/strong> <strong>Reganin<\/strong>, joka vastaanottaa Lara Croftin manttelin roolissa aikaisemmin n\u00e4hdylt\u00e4 <strong>Camilla<\/strong> <strong>Luddingtonilta<\/strong>.<\/p>\n<p>Luddington kertoo tuoreessa Instagram-julkaisussaan olevansa kiitollinen faneilta saamasta palautteesta ja tekem\u00e4st\u00e4\u00e4n matkasta sarjan parissa.<\/p>\n<p>\u2013 Tomb Raider -fanit, ajattelin tehd\u00e4 p\u00e4ivityksen, koska olen kuullut niin monilta teist\u00e4. Haluan kertoa, ett\u00e4 olen rakastanut t\u00e4t\u00e4 fanikuntaa. Oli uskomaton kunnia p\u00e4\u00e4st\u00e4 niiden Lara Croftien joukkoon, jotka ovat tulleet ennen minua, ja h\u00e4n tulee olemaan aina osa minua. Survivor-trilogia oli vuosikymmen t\u00e4ynn\u00e4 seikkailuja, joita en koskaan, koskaan unohda. En voisi olla ylpe\u00e4mpi siit\u00e4, mit\u00e4 loimme, h\u00e4n sanailee.<\/p>\n<p>Samalla Luddington letkauttaa, ett\u00e4 mik\u00e4li Regan kaipailee jousipyssy\u00e4, voisi h\u00e4nell\u00e4 olla pari vinkki\u00e4 siihen, mist\u00e4 p\u00e4in Croft Manoria sellaisia l\u00f6yt\u00e4\u00e4.<\/p>\n<p>L\u00e4hde: Instagram<\/p>\n<p>Lue my\u00f6s: <a href=\"https:\/\/www.pelaaja.fi\/uutiset\/dead-island-3-on-tyon-alla-ilmestymisaikataulukin-selvilla\/\" title=\"Dead Island 3 on ty\u00f6n alla \u2013 ilmestymisaikataulukin selvill\u00e4\" class=\"underline-custom !font-pelaaja-otsikko !font-black !underline-offset-4 !decoration-4 !decoration-tilt-light !text-md\" rel=\"nofollow noopener\" target=\"_blank\">Dead Island 3 on ty\u00f6n alla \u2013 ilmestymisaikataulukin selvill\u00e4<\/a><\/p>\n<p>Lue my\u00f6s: <a href=\"https:\/\/www.pelaaja.fi\/uutiset\/alkuperainen-hollow-knight-julkaistaan-nintendo-switch-2lle-paivitetyin-ominaisuuksin\/\" title=\"Alkuper\u00e4inen Hollow Knight julkaistaan Nintendo Switch 2:lle p\u00e4ivitetyin ominaisuuksin\" class=\"underline-custom !font-pelaaja-otsikko !font-black !underline-offset-4 !decoration-4 !decoration-tilt-light !text-md\" rel=\"nofollow noopener\" target=\"_blank\">Alkuper\u00e4inen Hollow Knight julkaistaan Nintendo Switch 2:lle p\u00e4ivitetyin ominaisuuksin<\/a><\/p>\n","protected":false},"excerpt":{"rendered":"Hiljattain paljastetut seuraavat Tomb Raider -seikkailut tuovat sarjaan mukaan uuden p\u00e4\u00e4t\u00e4hden, Alix Wilton Reganin, joka vastaanottaa Lara Croftin&hellip;\n","protected":false},"author":2,"featured_media":118082,"comment_status":"","ping_status":"","sticky":false,"template":"","format":"standard","meta":{"footnotes":""},"categories":[130],"tags":[8560,137,33,31,30,8562,622,32,8006,109],"class_list":{"0":"post-118081","1":"post","2":"type-post","3":"status-publish","4":"format-standard","5":"has-post-thumbnail","7":"category-viihde","8":"tag-amazon","9":"tag-entertainment","10":"tag-fi","11":"tag-finland","12":"tag-finnish","13":"tag-lara-croft","14":"tag-nayttelijat","15":"tag-suomi","16":"tag-tomb-raider","17":"tag-viihde"},"share_on_mastodon":{"url":"https:\/\/pubeurope.com\/@fi\/115730413109390186","error":""},"_links":{"self":[{"href":"https:\/\/www.europesays.com\/fi\/wp-json\/wp\/v2\/posts\/118081","targetHints":{"allow":["GET"]}}],"collection":[{"href":"https:\/\/www.europesays.com\/fi\/wp-json\/wp\/v2\/posts"}],"about":[{"href":"https:\/\/www.europesays.com\/fi\/wp-json\/wp\/v2\/types\/post"}],"author":[{"embeddable":true,"href":"https:\/\/www.europesays.com\/fi\/wp-json\/wp\/v2\/users\/2"}],"replies":[{"embeddable":true,"href":"https:\/\/www.europesays.com\/fi\/wp-json\/wp\/v2\/comments?post=118081"}],"version-history":[{"count":0,"href":"https:\/\/www.europesays.com\/fi\/wp-json\/wp\/v2\/posts\/118081\/revisions"}],"wp:featuredmedia":[{"embeddable":true,"href":"https:\/\/www.europesays.com\/fi\/wp-json\/wp\/v2\/media\/118082"}],"wp:attachment":[{"href":"https:\/\/www.europesays.com\/fi\/wp-json\/wp\/v2\/media?parent=118081"}],"wp:term":[{"taxonomy":"category","embeddable":true,"href":"https:\/\/www.europesays.com\/fi\/wp-json\/wp\/v2\/categories?post=118081"},{"taxonomy":"post_tag","embeddable":true,"href":"https:\/\/www.europesays.com\/fi\/wp-json\/wp\/v2\/tags?post=118081"}],"curies":[{"name":"wp","href":"https:\/\/api.w.org\/{rel}","templated":true}]}}