{"id":118091,"date":"2025-12-16T17:43:12","date_gmt":"2025-12-16T17:43:12","guid":{"rendered":"https:\/\/www.europesays.com\/fi\/118091\/"},"modified":"2025-12-16T17:43:12","modified_gmt":"2025-12-16T17:43:12","slug":"keke-leppanen-paljastaa-arkielamansa-instagramissa-huumoria-ja-tyylia","status":"publish","type":"post","link":"https:\/\/www.europesays.com\/fi\/118091\/","title":{"rendered":"Keke Lepp\u00e4nen paljastaa arkiel\u00e4m\u00e4ns\u00e4 Instagramissa \u2013 huumoria ja tyyli\u00e4"},"content":{"rendered":"<p>            Seiska\n        <\/p>\n<p class=\"subtitle \">Uutisel\u00e4kel\u00e4inen pist\u00e4ytyi parturissa ja n\u00e4ytti, ett\u00e4 entiselt\u00e4 ammattipuhujalta juttu lent\u00e4\u00e4.<\/p>\n<p class=\"article-content article-content-width !bg-background\">Viime vuonna Maikkarin uutisista el\u00e4kkeelle j\u00e4\u00e4nyt  on someen hurahdettuaan julkaissut innokkaasti todella arkisia videoita ja yksityiskohtia muutoin verhon taakse j\u00e4\u00e4neest\u00e4 yksityisel\u00e4m\u00e4st\u00e4\u00e4n.<\/p>\n<p class=\"font-weight-bold m-font-weight-bold article-content article-content-width !bg-background\">Arkistovideo: t\u00e4lt\u00e4 n\u00e4ytt\u00e4\u00e4 MTV:n uutisstudion kulisseissa<\/p>\n<p class=\"article-content article-content-width !bg-background\">Toimittajapiireiss\u00e4 ja Keken muiden tuttavien kesken h\u00e4net tiedet\u00e4\u00e4n ikuiseksi huumorimieheksi. Samoin tunnetaan h\u00e4nen tapansa pukeutua paremmin kuin toimittajat yleens\u00e4.<\/p>\n<p class=\"article-content article-content-width !bg-background\">Molemmat Keken puolet yhdistyv\u00e4t h\u00e4nen tuoreimmalla Instagram-kelallaan.<\/p>\n<p class=\"article-content article-content-width !bg-background\">\u2013\u00a0Harmaa s\u00e4\u00e4, harmaa p\u00e4\u00e4. Kutrit ja kulmat kuntoon jouluksi! Koneenk\u00e4ytt\u00e4j\u00e4n\u00e4 ja kommentaattorina huikea , Keke kirjoittaa videonsa kuvatekstiss\u00e4.<\/p>\n<p class=\"article-content article-content-width !bg-background\">Sit\u00e4 Keke ei mainitse, kuka on kolmas paikalla ollut henkil\u00f6. Videon kuvaus on kuin ammattiluokkaa eik\u00e4 suinkaan tehty paikallaan j\u00f6k\u00f6tt\u00e4v\u00e4ll\u00e4 telineell\u00e4.<\/p>\n<p>Uutisel\u00e4kel\u00e4isen tukka on vaikea<\/p>\n<p class=\"article-content article-content-width !bg-background\">Pari kuukautta sitten 65 t\u00e4ytt\u00e4nyt Keke kyselee rauhallisena niit\u00e4 n\u00e4it\u00e4 ty\u00f6n edetess\u00e4.<\/p>\n<p class=\"article-content article-content-width !bg-background\">\u2013 Millainen urakka sulla on siin\u00e4, Keke kysyy niskavillojaan trimmaavalta Kirsilt\u00e4.<\/p>\n<p>        <a itemprop=\"url\" href=\"https:\/\/www.seiska.fi\/katso\/keijo-leppasen-puuhat-hammentavat-onko-pakko\/1979742\" rel=\"nofollow noopener\" target=\"_blank\"><\/p>\n<p>\nKeijo Lepp\u00e4nen\n<\/p>\n<p class=\"section-date\">\n        <strong class=\"article-section\" data-section=\"katso\"><br \/>\n            katso<br \/>\n        <\/strong><br \/>\n        1.11. 08:15\n    <\/p>\n<p>Keijo Lepp\u00e4sen puuhat h\u00e4mment\u00e4v\u00e4t: &#8221;Onko pakko?&#8221;\n    <\/p>\n<p itemprop=\"description\" class=\"subtitle \">\n    Entinen uutisankkuri Keijo Lepp\u00e4nen jakoi ty\u00f6nt\u00e4yteisen videon sosiaalisessa mediassa.\n<\/p>\n<p>        <\/a><\/p>\n<p class=\"article-content article-content-width !bg-background\">\u2013 No muuten ihan hyv\u00e4, mutta n\u00e4it\u00e4 py\u00f6rteit\u00e4 on ihan hirvest\u00e4. Ne ovat my\u00f6s aika vaikeita, Kirsi vastaa kursailematta.<\/p>\n<p class=\"article-content article-content-width !bg-background\">Ammattitaitoa kuvastaa se, ett\u00e4 v\u00e4lill\u00e4 naurahtelevakin parturi ei hetkeksik\u00e4\u00e4n menet\u00e4 tatsiaan ty\u00f6h\u00f6ns\u00e4, ja asiakkaan tarkka sukiminen ja hiusten k\u00e4sittely jatkuu virheett\u00e4 l\u00e4pi keskustelun.<\/p>\n<p>        <a itemprop=\"url\" href=\"https:\/\/www.seiska.fi\/kotimaa\/oho-keijo-leppanen-sai-oudon-lahjan\/1898002\" rel=\"nofollow noopener\" target=\"_blank\"><\/p>\n<p>\nKeijo Lepp\u00e4nen\n<\/p>\n<p class=\"section-date\">\n        <strong class=\"article-section\" data-section=\"kotimaa\"><br \/>\n            kotimaa<br \/>\n        <\/strong><br \/>\n        13.8. 13:04\n    <\/p>\n<p>Oho! Keijo Lepp\u00e4nen sai oudon lahjan\n    <\/p>\n<p itemprop=\"description\" class=\"subtitle \">\n    Keijo Lepp\u00e4nen viihtyi viikonloppuna Rovaniemelt\u00e4 ja sai matkamuiston.\n<\/p>\n<p>        <\/a><\/p>\n<p class=\"article-content article-content-width !bg-background\">Keke viel\u00e4 varmistaa, ett\u00e4 onk\u00e4 h\u00e4nen tukkansa tosiaan kovin py\u00f6rteinen, mihin parturi vastaa lyhyesti, ett\u00e4 on.<\/p>\n<p class=\"article-content article-content-width !bg-background\">\u2013 No py\u00f6rteit\u00e4 on kyll\u00e4 p\u00e4\u00e4n sis\u00e4ll\u00e4kin Keke kuittaa.<\/p>\n<p>V\u00e4ri k\u00e4sittelyyn ja kulmat kuntoon<\/p>\n<p class=\"article-content article-content-width !bg-background\">Tyylitajuinen Keke my\u00f6s kys\u00e4isee Kirsilt\u00e4, mit\u00e4 t\u00e4m\u00e4 on mielt\u00e4 h\u00e4nen harmaantuneista hiuksistaan.<\/p>\n<p class=\"article-content article-content-width !bg-background\">\u2013 Harmaa on Charmikas. Aina, Kirsi vastaa nonchalantisti tyynen\u00e4.<\/p>\n<p>        <a itemprop=\"url\" href=\"https:\/\/www.seiska.fi\/kotimaa\/podcast-keijo-leppaselta-kova-ulostulo-kollegoistaan-aika-paljon-on-huonosti-puhuvia\/1671009\" rel=\"nofollow noopener\" target=\"_blank\"><\/p>\n<p>\nPodcast:\n<\/p>\n<p class=\"section-date\">\n        <strong class=\"article-section\" data-section=\"kotimaa\"><br \/>\n            kotimaa<br \/>\n        <\/strong><br \/>\n        12.4. 06:00\n    <\/p>\n<p>Podcast: Keijo Lepp\u00e4selt\u00e4 kova ulostulo kollegoistaan \u2013 &#8221;Aika paljon on huonosti puhuvia&#8230;&#8221;\n    <\/p>\n<p itemprop=\"description\" class=\"subtitle \">\n    Ex-uutisankkurin mielest\u00e4 kaikilla ei tulisi olla p\u00e4\u00e4sy\u00e4 esimerkiksi radioty\u00f6h\u00f6n.\n<\/p>\n<p>        <\/a><\/p>\n<p class=\"article-content article-content-width !bg-background\">Keke yll\u00e4ttyy positiivisesta kommentista.<\/p>\n<p class=\"article-content article-content-width !bg-background\">\u2013 Tykk\u00e4\u00e4tk\u00f6? Oikeasti?<\/p>\n<p class=\"article-content article-content-width !bg-background\">Kirsi vastaa j\u00e4m\u00e4k\u00e4sti &#8221;Kyll\u00e4.&#8221;<\/p>\n<p class=\"article-content article-content-width !bg-background\">Seuraavaksi parturi trimmailee kamman ja s\u00e4hk\u00f6leikkurin kanssa aluetta, josta harva el\u00e4kel\u00e4ismies on ainakaan kauhean ylpe\u00e4: kulmakarvoja.<\/p>\n<p class=\"article-content article-content-width !bg-background\">Keken kerrotaan olevan huumorimiehi\u00e4 my\u00f6s itseironiassaan. Sen h\u00e4n osoittaa videollaankin.<\/p>\n<p class=\"article-content article-content-width !bg-background\">\u2013 Eik\u00f6 oo tuuheat? Keke kysyy.<\/p>\n<p class=\"article-content article-content-width !bg-background\">\u2013 On, on tuuheat, Kirsi vastaa ilmeenk\u00e4\u00e4n v\u00e4r\u00e4ht\u00e4m\u00e4tt\u00e4.<\/p>\n<p>        <a itemprop=\"url\" href=\"https:\/\/www.seiska.fi\/kotimaa\/no-nyt-keijo-leppanen-palasi-maikkarille\/1863370\" rel=\"nofollow noopener\" target=\"_blank\"><\/p>\n<p>\nMit\u00e4 ihmett\u00e4?\n<\/p>\n<p class=\"section-date\">\n        <strong class=\"article-section\" data-section=\"kotimaa\"><br \/>\n            kotimaa<br \/>\n        <\/strong><br \/>\n        17.7. 19:00\n    <\/p>\n<p>No nyt! Keijo Lepp\u00e4nen palasi Maikkarille\n    <\/p>\n<p itemprop=\"description\" class=\"subtitle \">\n    El\u00e4kkeelle j\u00e4\u00e4nytt\u00e4 Keijo Lepp\u00e4st\u00e4 ei kiikkustuoli kiinnosta.\n<\/p>\n<p>        <\/a><\/p>\n<p class=\"article-content article-content-width !bg-background\">Se jos jokin kertoo, ett\u00e4 parturi ja asiakas eiv\u00e4t ole tutustuneet aivan \u00e4skett\u00e4in vaan takana on pitk\u00e4 yhteinen luottamus.<\/p>\n","protected":false},"excerpt":{"rendered":"Seiska Uutisel\u00e4kel\u00e4inen pist\u00e4ytyi parturissa ja n\u00e4ytti, ett\u00e4 entiselt\u00e4 ammattipuhujalta juttu lent\u00e4\u00e4. Viime vuonna Maikkarin uutisista el\u00e4kkeelle j\u00e4\u00e4nyt on&hellip;\n","protected":false},"author":2,"featured_media":118092,"comment_status":"","ping_status":"","sticky":false,"template":"","format":"standard","meta":{"footnotes":""},"categories":[136],"tags":[407,11257,137,33,31,30,21425,20179,6422,21424,4298,4399,408,6972,16516,21423,212,10679,106,7675,32,2677,21427,14969,3884,7266,21426,109],"class_list":{"0":"post-118091","1":"post","2":"type-post","3":"status-publish","4":"format-standard","5":"has-post-thumbnail","7":"category-julkkikset","8":"tag-celebrities","9":"tag-elakelainen","10":"tag-entertainment","11":"tag-fi","12":"tag-finland","13":"tag-finnish","14":"tag-harmaat-hiukset","15":"tag-hauska-video","16":"tag-hiukset","17":"tag-hiusten-harmaantuminen","18":"tag-huumori","19":"tag-ikaantyminen","20":"tag-julkkikset","21":"tag-kampaus","22":"tag-keijo-leppanen","23":"tag-keke-leppanen","24":"tag-lifestyle","25":"tag-mtv-uutiset","26":"tag-muoti","27":"tag-parturi","28":"tag-suomi","29":"tag-tyyli","30":"tag-tyylitaituri","31":"tag-tyylitaju","32":"tag-ulkonako","33":"tag-uutisankkuri","34":"tag-uutistenlukija","35":"tag-viihde"},"share_on_mastodon":{"url":"https:\/\/pubeurope.com\/@fi\/115730487920944578","error":""},"_links":{"self":[{"href":"https:\/\/www.europesays.com\/fi\/wp-json\/wp\/v2\/posts\/118091","targetHints":{"allow":["GET"]}}],"collection":[{"href":"https:\/\/www.europesays.com\/fi\/wp-json\/wp\/v2\/posts"}],"about":[{"href":"https:\/\/www.europesays.com\/fi\/wp-json\/wp\/v2\/types\/post"}],"author":[{"embeddable":true,"href":"https:\/\/www.europesays.com\/fi\/wp-json\/wp\/v2\/users\/2"}],"replies":[{"embeddable":true,"href":"https:\/\/www.europesays.com\/fi\/wp-json\/wp\/v2\/comments?post=118091"}],"version-history":[{"count":0,"href":"https:\/\/www.europesays.com\/fi\/wp-json\/wp\/v2\/posts\/118091\/revisions"}],"wp:featuredmedia":[{"embeddable":true,"href":"https:\/\/www.europesays.com\/fi\/wp-json\/wp\/v2\/media\/118092"}],"wp:attachment":[{"href":"https:\/\/www.europesays.com\/fi\/wp-json\/wp\/v2\/media?parent=118091"}],"wp:term":[{"taxonomy":"category","embeddable":true,"href":"https:\/\/www.europesays.com\/fi\/wp-json\/wp\/v2\/categories?post=118091"},{"taxonomy":"post_tag","embeddable":true,"href":"https:\/\/www.europesays.com\/fi\/wp-json\/wp\/v2\/tags?post=118091"}],"curies":[{"name":"wp","href":"https:\/\/api.w.org\/{rel}","templated":true}]}}