{"id":118094,"date":"2025-12-16T17:48:11","date_gmt":"2025-12-16T17:48:11","guid":{"rendered":"https:\/\/www.europesays.com\/fi\/118094\/"},"modified":"2025-12-16T17:48:11","modified_gmt":"2025-12-16T17:48:11","slug":"brad-pittin-f1-elokuva-on-nyt-suoratoistossa-tarina-on-selvasti-keskivertoa-urheiluelokuvaa-fiksumpi","status":"publish","type":"post","link":"https:\/\/www.europesays.com\/fi\/118094\/","title":{"rendered":"Brad Pittin F1-elokuva on nyt suoratoistossa &#8211; &#8221;tarina on selv\u00e4sti keskivertoa urheiluelokuvaa fiksumpi&#8221;"},"content":{"rendered":"<p>Apple TV Plussasta voi nyt katsella elokuvan F1 (2025). Mik\u00e4li elokuvan haluaa n\u00e4hd\u00e4 ilman kuukausimaksua, se on my\u00f6s vuokrattavissa palveluista Apple TV, Rakuten TV, Amazon Video, Viaplay ja SF Anytime. Edullisimmillaan vuokraushinta tosin on 16,99 euroa.<\/p>\n<p>Sonny Hayes oli 90-luvun F1-kuljettaja, jonka ura katkesi tulokaskauden onnettomuuteen. H\u00e4n j\u00e4tti F1-sirkuksen ja on kiert\u00e4nyt muita autourheiluluokkia, kunnes tapaa vanhan kollegansa Rubenin, nykyisen APX F1-tallin omistajan. Ruben tarjoaa Sonnylle ainutlaatuisen paluun F1-sarjaan n\u00e4ytt\u00e4m\u00e4\u00e4n ep\u00e4ilij\u00f6illeen. Sonny palkataan talliin nuoren ja kilpailuhenkisen tulokaskuljettaja Joshua Pearcen tallikaveriksi.<\/p>\n<p>Pearce n\u00e4kee Sonnyn kilpailijana ja rasitteena, eik\u00e4 tallin tilanne parane, sill\u00e4 ensimm\u00e4inen yhteinen kisa on katastrofi. Kuljettajat kisaavat joukon viimeisin\u00e4 toisiaan vastaan, ja kolaroivat p\u00e4\u00e4tt\u00e4en kisan tuplakeskeytykseen. Koko tallin tulevaisuus on vaakalaudalla.<\/p>\n<p>N\u00e4yttelij\u00f6in\u00e4 <strong>Brad Pitt<\/strong>, <strong>Damson Idris<\/strong>, <strong>Kerry Condon<\/strong>, <strong>Tobias Menzies <\/strong>sekj\u00e4 <strong>Javier Bardem<\/strong>. Ohjaajana <strong>Joseph Kosinski<\/strong> (Top Gun: Maverick) Mainittakoon, ett\u00e4 Pitt tienasi t\u00e4st\u00e4 elokuvasta uransa enn\u00e4tyssumman, joka oli 30 miljoonaa dollaria.<\/p>\n<p><img loading=\"lazy\" height=\"365\" width=\"648\" class=\"wp-image-238599 sp-no-webp perfmatters-lazy\" alt=\"\" decoding=\"async\" src=\"https:\/\/www.europesays.com\/fi\/wp-content\/uploads\/2025\/12\/f1-movie-648x365.jpg\"  data-\/> <\/p>\n<p>Episodi antoi elokuvalle <a href=\"https:\/\/www.episodi.fi\/elokuvat\/f1\/\" target=\"_blank\" rel=\"noreferrer noopener nofollow\">arvostelussa<\/a> nelj\u00e4 t\u00e4hte\u00e4:<\/p>\n<p>\u201dBrad Pittin ja Javier Bardemin t\u00e4hditt\u00e4m\u00e4 Formula 1:n maailmasta kertova elokuva on eritt\u00e4in mainiota viihdett\u00e4 kes\u00e4n elokuvakatseluun. Sen tarina on selv\u00e4sti keskivertoa urheiluelokuvaa fiksumpi ja hahmot tuntuvat oikeilta ihmisilt\u00e4.\u201d<\/p>\n<p>Arvostelusivusto Rotten Tomatoesin listaamien kriitikoiden arvioista 82 prosenttia on my\u00f6nteisi\u00e4. Sivuston yhteenveto kuuluu:<\/p>\n<p>\u201dBrad Pittin rento magneettisuus ja Joseph Kosinskin kineettisen ohjauksen ahtama viritetty moottori viev\u00e4t F1-elokuvan vintage-viileydell\u00e4 maaliin saakka.\u201d<\/p>\n<p>Alla traileri.<\/p>\n<p>Lue my\u00f6s: <a href=\"https:\/\/www.episodi.fi\/uutiset\/tassa-ovat-vuoden-suosituimmat-elokuvat-imdbn-mukaan\/\" title=\"T\u00e4ss\u00e4 ovat vuoden suosituimmat elokuvat IMDb:n mukaan \u2013 supersankarileffa ykk\u00f6sen\u00e4\" class=\"underline-custom !font-montserrat !font-bold !underline-offset-4 !decoration-4 !decoration-episodi-blue !text-md\" rel=\"nofollow noopener\" target=\"_blank\">T\u00e4ss\u00e4 ovat vuoden suosituimmat elokuvat IMDb:n mukaan \u2013 supersankarileffa ykk\u00f6sen\u00e4<\/a><\/p>\n<p>Lue my\u00f6s: <a href=\"https:\/\/www.episodi.fi\/uutiset\/nyt-apple-tvssa-kristen-wiig-ricky-martin-ja-laura-dern-jalleen-keskella-floridalaisen-seurapiirin-skandaaleja-koukuttava-draamasarja-jatkuu\/\" title=\"Nyt Apple TV:ss\u00e4: Kristen Wiig, Ricky Martin ja Laura Dern j\u00e4lleen keskell\u00e4 floridalaisen seurapiirin skandaaleja \u2013 koukuttava draamasarja jatkuu\" class=\"underline-custom !font-montserrat !font-bold !underline-offset-4 !decoration-4 !decoration-episodi-blue !text-md\" rel=\"nofollow noopener\" target=\"_blank\">Nyt Apple TV:ss\u00e4: Kristen Wiig, Ricky Martin ja Laura Dern j\u00e4lleen keskell\u00e4 floridalaisen seurapiirin skandaaleja \u2013 koukuttava draamasarja jatkuu<\/a><\/p>\n<p>Lue my\u00f6s: <a href=\"https:\/\/www.episodi.fi\/uutiset\/nyt-suoratoistossa-ben-stillerin-uusin-elokuva-on-henkilokohtainen-kurkistus\/\" title=\"Nyt suoratoistossa: Ben Stillerin uusin elokuva on henkil\u00f6kohtainen kurkistus\" class=\"underline-custom !font-montserrat !font-bold !underline-offset-4 !decoration-4 !decoration-episodi-blue !text-md\" rel=\"nofollow noopener\" target=\"_blank\">Nyt suoratoistossa: Ben Stillerin uusin elokuva on henkil\u00f6kohtainen kurkistus<\/a><\/p>\n<p><img loading=\"lazy\" decoding=\"async\" alt=\"YouTube video\" width=\"480\" height=\"360\" data-pin-nopin=\"true\" nopin=\"nopin\" class=\"perfmatters-lazy\" src=\"https:\/\/www.europesays.com\/fi\/wp-content\/uploads\/2025\/12\/1765907291_884_hqdefault.jpg\"\/><\/p>\n<p>L\u00e4hde: <a href=\"https:\/\/www.imdb.com\/title\/tt16311594\/?ref_=tttrv_ov_bk\" target=\"_blank\" rel=\"noreferrer noopener nofollow\">IMDb<\/a>, <a href=\"https:\/\/en.wikipedia.org\/wiki\/F1_(film)\" target=\"_blank\" rel=\"noreferrer noopener nofollow\">Wikipedia<\/a><\/p>\n<p>Lue my\u00f6s: <a href=\"https:\/\/www.episodi.fi\/uutiskirje\/?uutiskirjemainos=tekstilinkkimainos\" title=\"Tilaa Episodin uutiskirje ja voit voittaa leffalippuja! Nappaa tv-vinkit suoraan s\u00e4hk\u00f6postiin t\u00e4st\u00e4.\" class=\"underline-custom !font-montserrat !font-bold !underline-offset-4 !decoration-4 !decoration-episodi-blue !text-md\" rel=\"nofollow noopener\" target=\"_blank\">Tilaa Episodin uutiskirje ja voit voittaa leffalippuja! Nappaa katseluvinkit suoraan s\u00e4hk\u00f6postiin t\u00e4st\u00e4.<\/a><\/p>\n","protected":false},"excerpt":{"rendered":"Apple TV Plussasta voi nyt katsella elokuvan F1 (2025). Mik\u00e4li elokuvan haluaa n\u00e4hd\u00e4 ilman kuukausimaksua, se on my\u00f6s&hellip;\n","protected":false},"author":2,"featured_media":118095,"comment_status":"","ping_status":"","sticky":false,"template":"","format":"standard","meta":{"footnotes":""},"categories":[131],"tags":[5406,155,137,33,173,31,30,172,32,109],"class_list":{"0":"post-118094","1":"post","2":"type-post","3":"status-publish","4":"format-standard","5":"has-post-thumbnail","7":"category-elokuvat","8":"tag-apple-tv-plus","9":"tag-elokuvat","10":"tag-entertainment","11":"tag-fi","12":"tag-film","13":"tag-finland","14":"tag-finnish","15":"tag-movies","16":"tag-suomi","17":"tag-viihde"},"share_on_mastodon":{"url":"https:\/\/pubeurope.com\/@fi\/115730507860253065","error":""},"_links":{"self":[{"href":"https:\/\/www.europesays.com\/fi\/wp-json\/wp\/v2\/posts\/118094","targetHints":{"allow":["GET"]}}],"collection":[{"href":"https:\/\/www.europesays.com\/fi\/wp-json\/wp\/v2\/posts"}],"about":[{"href":"https:\/\/www.europesays.com\/fi\/wp-json\/wp\/v2\/types\/post"}],"author":[{"embeddable":true,"href":"https:\/\/www.europesays.com\/fi\/wp-json\/wp\/v2\/users\/2"}],"replies":[{"embeddable":true,"href":"https:\/\/www.europesays.com\/fi\/wp-json\/wp\/v2\/comments?post=118094"}],"version-history":[{"count":0,"href":"https:\/\/www.europesays.com\/fi\/wp-json\/wp\/v2\/posts\/118094\/revisions"}],"wp:featuredmedia":[{"embeddable":true,"href":"https:\/\/www.europesays.com\/fi\/wp-json\/wp\/v2\/media\/118095"}],"wp:attachment":[{"href":"https:\/\/www.europesays.com\/fi\/wp-json\/wp\/v2\/media?parent=118094"}],"wp:term":[{"taxonomy":"category","embeddable":true,"href":"https:\/\/www.europesays.com\/fi\/wp-json\/wp\/v2\/categories?post=118094"},{"taxonomy":"post_tag","embeddable":true,"href":"https:\/\/www.europesays.com\/fi\/wp-json\/wp\/v2\/tags?post=118094"}],"curies":[{"name":"wp","href":"https:\/\/api.w.org\/{rel}","templated":true}]}}