{"id":118100,"date":"2025-12-16T17:52:11","date_gmt":"2025-12-16T17:52:11","guid":{"rendered":"https:\/\/www.europesays.com\/fi\/118100\/"},"modified":"2025-12-16T17:52:11","modified_gmt":"2025-12-16T17:52:11","slug":"koopenhaminassa-poikkeuksellinen-naky-delfiineja-satama-altaassa-uutisia-lyhyesti","status":"publish","type":"post","link":"https:\/\/www.europesays.com\/fi\/118100\/","title":{"rendered":"K\u00f6\u00f6penhaminassa poikkeuksellinen n\u00e4ky: delfiinej\u00e4 satama-altaassa | Uutisia lyhyesti"},"content":{"rendered":"<p class=\"aw-1gybjub aw-1p7kakr kEtdKx cEmitX yle__article__paragraph\">K\u00f6\u00f6penhaminan satamassa uiskenteli maanantaina kaksi delfiini\u00e4, kertoo <a class=\"aw-iao6s4 iHOxEa yle__article__link\" href=\"https:\/\/www.dr.dk\/nyheder\/indland\/delfiner-svoemmer-rundt-i-koebenhavns-havn-ikke-set-foer-i-indre-danske-farvande\" role=\"link\" rel=\"nofollow noopener\" target=\"_blank\">Tanskan yleisradio DR<\/a>. El\u00e4inten n\u00e4htiin my\u00f6s hyppiv\u00e4n veden pinnalla.<\/p>\n<p class=\"aw-1gybjub aw-1p7kakr kEtdKx cEmitX yle__article__paragraph\">DR:n haastattelemien asiantuntijoiden mukaan delfiinej\u00e4 ei ole koskaan aiemmin n\u00e4hty Tanskan satamien sis\u00e4ll\u00e4.<\/p>\n<p class=\"aw-1gybjub aw-1p7kakr kEtdKx cEmitX yle__article__paragraph\">\u00d8resundin akvaarion meribiologi <strong class=\"aw-ak79eh KyCXm yle__article__strong\">Michael Hansen<\/strong> kertoo DR:lle, ett\u00e4 delfiinit olivat todenn\u00e4k\u00f6isesti ajautuneet satamaan seuratessaan saalista.<\/p>\n<p class=\"aw-1gybjub aw-1p7kakr kEtdKx cEmitX yle__article__paragraph\">Tanskan l\u00e4hist\u00f6ll\u00e4 el\u00e4v\u00e4t delfiinit sy\u00f6v\u00e4t muun muassa silli\u00e4, seiti\u00e4 ja pieni\u00e4 turskia.<\/p>\n","protected":false},"excerpt":{"rendered":"K\u00f6\u00f6penhaminan satamassa uiskenteli maanantaina kaksi delfiini\u00e4, kertoo Tanskan yleisradio DR. El\u00e4inten n\u00e4htiin my\u00f6s hyppiv\u00e4n veden pinnalla. DR:n haastattelemien&hellip;\n","protected":false},"author":2,"featured_media":118101,"comment_status":"","ping_status":"","sticky":false,"template":"","format":"standard","meta":{"footnotes":""},"categories":[112],"tags":[20989,33,31,30,1016,72,9779,118,32,1014,119,56],"class_list":{"0":"post-118100","1":"post","2":"type-post","3":"status-publish","4":"format-standard","5":"has-post-thumbnail","7":"category-tiede","8":"tag-delfiinit","9":"tag-fi","10":"tag-finland","11":"tag-finnish","12":"tag-koopenhamina","13":"tag-luonto","14":"tag-satamat","15":"tag-science","16":"tag-suomi","17":"tag-tanska","18":"tag-tiede","19":"tag-ulkomaat"},"share_on_mastodon":{"url":"https:\/\/pubeurope.com\/@fi\/115730523261574047","error":""},"_links":{"self":[{"href":"https:\/\/www.europesays.com\/fi\/wp-json\/wp\/v2\/posts\/118100","targetHints":{"allow":["GET"]}}],"collection":[{"href":"https:\/\/www.europesays.com\/fi\/wp-json\/wp\/v2\/posts"}],"about":[{"href":"https:\/\/www.europesays.com\/fi\/wp-json\/wp\/v2\/types\/post"}],"author":[{"embeddable":true,"href":"https:\/\/www.europesays.com\/fi\/wp-json\/wp\/v2\/users\/2"}],"replies":[{"embeddable":true,"href":"https:\/\/www.europesays.com\/fi\/wp-json\/wp\/v2\/comments?post=118100"}],"version-history":[{"count":0,"href":"https:\/\/www.europesays.com\/fi\/wp-json\/wp\/v2\/posts\/118100\/revisions"}],"wp:featuredmedia":[{"embeddable":true,"href":"https:\/\/www.europesays.com\/fi\/wp-json\/wp\/v2\/media\/118101"}],"wp:attachment":[{"href":"https:\/\/www.europesays.com\/fi\/wp-json\/wp\/v2\/media?parent=118100"}],"wp:term":[{"taxonomy":"category","embeddable":true,"href":"https:\/\/www.europesays.com\/fi\/wp-json\/wp\/v2\/categories?post=118100"},{"taxonomy":"post_tag","embeddable":true,"href":"https:\/\/www.europesays.com\/fi\/wp-json\/wp\/v2\/tags?post=118100"}],"curies":[{"name":"wp","href":"https:\/\/api.w.org\/{rel}","templated":true}]}}