{"id":118104,"date":"2025-12-16T17:55:11","date_gmt":"2025-12-16T17:55:11","guid":{"rendered":"https:\/\/www.europesays.com\/fi\/118104\/"},"modified":"2025-12-16T17:55:11","modified_gmt":"2025-12-16T17:55:11","slug":"putinin-intohimo-paljastui","status":"publish","type":"post","link":"https:\/\/www.europesays.com\/fi\/118104\/","title":{"rendered":"Putinin intohimo paljastui"},"content":{"rendered":"<p>Kremlin tiedottaja Dmitri Peskov paljasti Ven\u00e4j\u00e4n presidentin intohimon.<\/p>\n<p><img decoding=\"async\" class=\"image image-show image-preview\" src=\"https:\/\/www.europesays.com\/fi\/wp-content\/uploads\/2025\/12\/555657b95e6988350cc3ac08904d549005e35ac66bfc7059054b0523819efbf8.jpg\" alt=\"\"\/><img decoding=\"async\" class=\"image image-show\" src=\"https:\/\/www.europesays.com\/fi\/wp-content\/uploads\/2025\/12\/1765907711_52_555657b95e6988350cc3ac08904d549005e35ac66bfc7059054b0523819efbf8.jpg\" alt=\"\"\/><\/p>\n<p>Putin viihtyy ratin takana. EPA\/AOP<\/p>\n<p class=\"paragraph\">Ven\u00e4j\u00e4n presidentti <a href=\"https:\/\/www.iltalehti.fi\/henkilot\/Vladimir Putin\" class=\"article-link-person-page\" rel=\"nofollow noopener\" target=\"_blank\">Vladimir Putin<\/a> rakastaa autolla ajamista, paljastaa Kremlin tiedottaja <a href=\"https:\/\/www.iltalehti.fi\/henkilot\/Dmitri Peskov\" class=\"article-link-person-page\" rel=\"nofollow noopener\" target=\"_blank\">Dmitri Peskov<\/a> ven\u00e4l\u00e4ismedia <a href=\"https:\/\/www.vedomosti.ru\/politics\/news\/2025\/12\/14\/1163077-putin-peredvigaetsya\" target=\"_blank\" rel=\"noopener nofollow\">Vedomostin<\/a> mukaan.<\/p>\n<p class=\"paragraph\">Valtiollinen uutistoimisto <a href=\"https:\/\/tass.com\/politics\/2056279\" target=\"_blank\" rel=\"noopener nofollow\">Tass<\/a> puolestaan kertoo Putinin itsens\u00e4 sanoneen, ettei h\u00e4n aina liiku osana autosaattuetta vilkkuvien valojen loisteessa.<\/p>\n<p class=\"paragraph\">Presidentill\u00e4 kerrotaan olevan yli 50 vuoden kokemus ratin takaa. T\u00e4m\u00e4n ensimm\u00e4inen auto oli Zaporo\u017eets-merkkinen.<\/p>\n<p class=\"paragraph\">Tassin mukaan Putin ajaa usein itse alueella, miss\u00e4 h\u00e4nen residenssins\u00e4 sijaitsee. H\u00e4n on kuljettanut kyydiss\u00e4\u00e4n my\u00f6s ulkomaisia valtionp\u00e4\u00e4miehi\u00e4, kuten esimerkiksi Valko-Ven\u00e4j\u00e4n, Kazakstanin ja Uzbekistanin presidenttej\u00e4.<\/p>\n<p>Putinin kyydist\u00e4 on p\u00e4\u00e4ssyt nauttimaan my\u00f6s Pohjois-Korean johtaja Kim Jong-un. EPA\/AOP<\/p>\n<p>Syksyll\u00e4 2018 Putin tarjoili kyydin Egyptin presidentti Abdel Fattah el-Sisille. Alexei Druzhinin<\/p>\n<p class=\"paragraph\">Vedomosti kertoo Dmitri Peskovin todenneen my\u00f6s, ett\u00e4 Putin v\u00e4lill\u00e4 kulkee Moskovassa \u201dhiljaa\u201d. Kremlin tiedottajalta my\u00f6s kysyttiin, voisiko tavallinen moskovalainen autoilija n\u00e4hd\u00e4 Putinin ratin takana.<\/p>\n<p class=\"paragraph\">\u2013 Se on ep\u00e4todenn\u00e4k\u00f6ist\u00e4, vastasi Peskov.<\/p>\n","protected":false},"excerpt":{"rendered":"Kremlin tiedottaja Dmitri Peskov paljasti Ven\u00e4j\u00e4n presidentin intohimon. Putin viihtyy ratin takana. EPA\/AOP Ven\u00e4j\u00e4n presidentti Vladimir Putin rakastaa&hellip;\n","protected":false},"author":2,"featured_media":118105,"comment_status":"","ping_status":"","sticky":false,"template":"","format":"standard","meta":{"footnotes":""},"categories":[14],"tags":[35,22,23,26,27,33,31,30,17,24,25,28,29,15,18,21,142,637,32,19,20,56,16,638,1262,1665,59,60,61],"class_list":{"0":"post-118104","1":"post","2":"type-post","3":"status-publish","4":"format-standard","5":"has-post-thumbnail","7":"category-ulkomaat","8":"tag-24h","9":"tag-breaking-news","10":"tag-breakingnews","11":"tag-featured-news","12":"tag-featurednews","13":"tag-fi","14":"tag-finland","15":"tag-finnish","16":"tag-headlines","17":"tag-latest-news","18":"tag-latestnews","19":"tag-main-news","20":"tag-mainnews","21":"tag-news","22":"tag-otsikot","23":"tag-paauutiset","24":"tag-poliitikot","25":"tag-politiikka","26":"tag-suomi","27":"tag-top-stories","28":"tag-topstories","29":"tag-ulkomaat","30":"tag-uutiset","31":"tag-valtiovalta","32":"tag-venajan-politiikka","33":"tag-venalaiset-poliitikot","34":"tag-world","35":"tag-world-news","36":"tag-worldnews"},"share_on_mastodon":{"url":"https:\/\/pubeurope.com\/@fi\/115730535371112388","error":""},"_links":{"self":[{"href":"https:\/\/www.europesays.com\/fi\/wp-json\/wp\/v2\/posts\/118104","targetHints":{"allow":["GET"]}}],"collection":[{"href":"https:\/\/www.europesays.com\/fi\/wp-json\/wp\/v2\/posts"}],"about":[{"href":"https:\/\/www.europesays.com\/fi\/wp-json\/wp\/v2\/types\/post"}],"author":[{"embeddable":true,"href":"https:\/\/www.europesays.com\/fi\/wp-json\/wp\/v2\/users\/2"}],"replies":[{"embeddable":true,"href":"https:\/\/www.europesays.com\/fi\/wp-json\/wp\/v2\/comments?post=118104"}],"version-history":[{"count":0,"href":"https:\/\/www.europesays.com\/fi\/wp-json\/wp\/v2\/posts\/118104\/revisions"}],"wp:featuredmedia":[{"embeddable":true,"href":"https:\/\/www.europesays.com\/fi\/wp-json\/wp\/v2\/media\/118105"}],"wp:attachment":[{"href":"https:\/\/www.europesays.com\/fi\/wp-json\/wp\/v2\/media?parent=118104"}],"wp:term":[{"taxonomy":"category","embeddable":true,"href":"https:\/\/www.europesays.com\/fi\/wp-json\/wp\/v2\/categories?post=118104"},{"taxonomy":"post_tag","embeddable":true,"href":"https:\/\/www.europesays.com\/fi\/wp-json\/wp\/v2\/tags?post=118104"}],"curies":[{"name":"wp","href":"https:\/\/api.w.org\/{rel}","templated":true}]}}