{"id":118106,"date":"2025-12-16T17:56:09","date_gmt":"2025-12-16T17:56:09","guid":{"rendered":"https:\/\/www.europesays.com\/fi\/118106\/"},"modified":"2025-12-16T17:56:09","modified_gmt":"2025-12-16T17:56:09","slug":"taysistunnossa-esitettiin-velkajarrulainsaadannon-hylkaamista-aanestys-perjantaina","status":"publish","type":"post","link":"https:\/\/www.europesays.com\/fi\/118106\/","title":{"rendered":"T\u00e4ysistunnossa esitettiin velkajarrulains\u00e4\u00e4d\u00e4nn\u00f6n hylk\u00e4\u00e4mist\u00e4 &#8211; \u00e4\u00e4nestys perjantaina"},"content":{"rendered":"<p>Eduskunta keskusteli 16.12. t\u00e4ysistunnon toisessa k\u00e4sittelyss\u00e4 hallituksen esityksest\u00e4 laeiksi julkisen talouden hoitamisesta ja talouspolitiikan arviointineuvostosta. Kansanedustaja Minja Koskela (vas.) esitti keskustelussa lakiehdotusten hylk\u00e4\u00e4mist\u00e4.<\/p>\n<p>Koskelan mukaan hallituksen esitys tulisi valmistella uudestaan ilman kansallista lis\u00e4s\u00e4\u00e4ntely\u00e4 eli ns. velkajarrua, joka on EU-s\u00e4\u00e4ntely\u00e4 tiukempaa ja voi Koskelan mukaan aiheuttaa my\u00f6t\u00e4syklisen talouspolitiikan riskin.<\/p>\n<p>Vasemmistoliiton eduskuntaryhm\u00e4n toinen kansanedustaja Jessi Jokelainen kannatti hylk\u00e4ysesityst\u00e4, mik\u00e4 merkitsee, ett\u00e4 lakiehdotusten hyv\u00e4ksymisest\u00e4 \u00e4\u00e4nestet\u00e4\u00e4n perjantaina 19.12.<\/p>\n<p>Lakiehdotusten sis\u00e4ll\u00f6st\u00e4 p\u00e4\u00e4tettiin t\u00e4ysistunnon ensimm\u00e4isess\u00e4 k\u00e4sittelyss\u00e4 5.12.<\/p>\n<p><a href=\"https:\/\/www.eduskunta.fi\/FI\/vaski\/KasittelytiedotValtiopaivaasia\/Sivut\/HE_167+2025.aspx\" rel=\"nofollow noopener\" target=\"_blank\">HE 167\/2025 Finanssipoliittisten s\u00e4\u00e4nt\u00f6jen uudistaminen \u2013 k\u00e4sittelytiedot ja asiakirjat<\/a><\/p>\n<p>Lue lis\u00e4\u00e4: <a href=\"https:\/\/www.eduskunta.fi\/FI\/naineduskuntatoimii\/kirjasto\/aineistot\/kotimainen_oikeus\/LATI\/Sivut\/finanssipoliittiset-saannot.aspx\" rel=\"nofollow noopener\" target=\"_blank\">Eduskunnan kirjaston tietopaketti Finanssipoliittisten s\u00e4\u00e4nt\u00f6jen uudistaminen<\/a><\/p>\n<p>\u200bP\u00e4ivitetty 16.12. klo 18.48, kun \u00e4\u00e4nestyksen ajankohta varmistunut.<\/p>\n","protected":false},"excerpt":{"rendered":"Eduskunta keskusteli 16.12. t\u00e4ysistunnon toisessa k\u00e4sittelyss\u00e4 hallituksen esityksest\u00e4 laeiksi julkisen talouden hoitamisesta ja talouspolitiikan arviointineuvostosta. Kansanedustaja Minja Koskela&hellip;\n","protected":false},"author":2,"featured_media":36903,"comment_status":"","ping_status":"","sticky":false,"template":"","format":"standard","meta":{"footnotes":""},"categories":[12],"tags":[22,23,26,27,33,31,30,17,24,25,28,29,15,18,21,32,19,20,16],"class_list":{"0":"post-118106","1":"post","2":"type-post","3":"status-publish","4":"format-standard","5":"has-post-thumbnail","7":"category-suomi","8":"tag-breaking-news","9":"tag-breakingnews","10":"tag-featured-news","11":"tag-featurednews","12":"tag-fi","13":"tag-finland","14":"tag-finnish","15":"tag-headlines","16":"tag-latest-news","17":"tag-latestnews","18":"tag-main-news","19":"tag-mainnews","20":"tag-news","21":"tag-otsikot","22":"tag-paauutiset","23":"tag-suomi","24":"tag-top-stories","25":"tag-topstories","26":"tag-uutiset"},"share_on_mastodon":{"url":"https:\/\/pubeurope.com\/@fi\/115730539070400601","error":""},"_links":{"self":[{"href":"https:\/\/www.europesays.com\/fi\/wp-json\/wp\/v2\/posts\/118106","targetHints":{"allow":["GET"]}}],"collection":[{"href":"https:\/\/www.europesays.com\/fi\/wp-json\/wp\/v2\/posts"}],"about":[{"href":"https:\/\/www.europesays.com\/fi\/wp-json\/wp\/v2\/types\/post"}],"author":[{"embeddable":true,"href":"https:\/\/www.europesays.com\/fi\/wp-json\/wp\/v2\/users\/2"}],"replies":[{"embeddable":true,"href":"https:\/\/www.europesays.com\/fi\/wp-json\/wp\/v2\/comments?post=118106"}],"version-history":[{"count":0,"href":"https:\/\/www.europesays.com\/fi\/wp-json\/wp\/v2\/posts\/118106\/revisions"}],"wp:featuredmedia":[{"embeddable":true,"href":"https:\/\/www.europesays.com\/fi\/wp-json\/wp\/v2\/media\/36903"}],"wp:attachment":[{"href":"https:\/\/www.europesays.com\/fi\/wp-json\/wp\/v2\/media?parent=118106"}],"wp:term":[{"taxonomy":"category","embeddable":true,"href":"https:\/\/www.europesays.com\/fi\/wp-json\/wp\/v2\/categories?post=118106"},{"taxonomy":"post_tag","embeddable":true,"href":"https:\/\/www.europesays.com\/fi\/wp-json\/wp\/v2\/tags?post=118106"}],"curies":[{"name":"wp","href":"https:\/\/api.w.org\/{rel}","templated":true}]}}