{"id":118107,"date":"2025-12-16T17:57:12","date_gmt":"2025-12-16T17:57:12","guid":{"rendered":"https:\/\/www.europesays.com\/fi\/118107\/"},"modified":"2025-12-16T17:57:12","modified_gmt":"2025-12-16T17:57:12","slug":"hovioikeudelta-paatos-rovaniemella-pieleen-menneesta-hiustenvarjayksesta-korvausten-perinta-kampaamolta-jatkuu-lappi","status":"publish","type":"post","link":"https:\/\/www.europesays.com\/fi\/118107\/","title":{"rendered":"Hovioikeudelta p\u00e4\u00e4t\u00f6s Rovaniemell\u00e4 pieleen menneest\u00e4 hiustenv\u00e4rj\u00e4yksest\u00e4 \u2013 korvausten perint\u00e4 kampaamolta jatkuu | Lappi"},"content":{"rendered":"<p class=\"aw-1gybjub aw-5vja16 kEtdKx kmuxyA yle__article__paragraph\">Kampaamo vaati k\u00e4r\u00e4j\u00e4oikeuden tuomion t\u00e4yt\u00e4nt\u00f6\u00f6npanon keskeytt\u00e4mist\u00e4 ja ulosmitattujen varojen palauttamista.<\/p>\n<p><img decoding=\"async\" alt=\"Vaaka, sekoitusastia ja hiustenvaalennustuotteita.\" src=\"https:\/\/www.europesays.com\/fi\/wp-content\/uploads\/2025\/12\/39-153647968e8bf58859ae.jpeg\" class=\"aw-1l9m598 hKVVvP\"\/><\/p>\n<p>Avaa kuvien katselu<\/p>\n<p>Lapin k\u00e4r\u00e4j\u00e4oikeus tuomitsi kampaamoyritykselle korvauksia pieleen menneest\u00e4 hiustenv\u00e4rj\u00e4yksest\u00e4, joka aiheutti asiakkaalle muun muassa hiustenl\u00e4ht\u00f6\u00e4. Kuvituskuva. Kuva: Antti Ullakko \/ Yle<\/p>\n<p class=\"aw-1gybjub aw-1p7kakr kEtdKx cEmitX yle__article__paragraph\">Rovaniemen hovioikeus on hyl\u00e4nnyt kampaamoyrityksen vaatimuksen korvausten perimisen keskeytt\u00e4misest\u00e4.<\/p>\n<p class=\"aw-1gybjub aw-1p7kakr kEtdKx cEmitX yle__article__paragraph\">Lapin k\u00e4r\u00e4j\u00e4oikeus m\u00e4\u00e4r\u00e4si yrityksen maksamaan asiakkaalle l\u00e4hes 16\u00a0000 euron korvaukset. Tapauksessa on kysymys Rovaniemell\u00e4 pieleen menneest\u00e4 hiustenv\u00e4rj\u00e4yksest\u00e4 ja siit\u00e4 seuranneista henkisist\u00e4 ja fyysisist\u00e4, kivuista ja s\u00e4ryist\u00e4.<\/p>\n<p class=\"aw-1gybjub aw-1p7kakr kEtdKx cEmitX yle__article__paragraph\">Yritys vaati, ett\u00e4 k\u00e4r\u00e4j\u00e4oikeuden tuomion t\u00e4yt\u00e4nt\u00f6\u00f6npano keskeytet\u00e4\u00e4n ja ulosmitatut varat m\u00e4\u00e4r\u00e4t\u00e4\u00e4n palautettavaksi, kunnes asia on ratkaistu hovioikeudessa.<\/p>\n<p>Yhti\u00f6n mukaan ulosmittaus vaaransi palkat<\/p>\n<p class=\"aw-1gybjub aw-1p7kakr kEtdKx cEmitX yle__article__paragraph\">Yritys perusteli vaatimustaan muun muassa sill\u00e4, ett\u00e4 k\u00e4r\u00e4j\u00e4oikeuden tuomion oikeellisuutta oli perusteltua syyt\u00e4 ep\u00e4ill\u00e4.<\/p>\n<p class=\"aw-1gybjub aw-1p7kakr kEtdKx cEmitX yle__article__paragraph\">Lis\u00e4ksi ulosmittaus vaaransi yhti\u00f6n ty\u00f6ntekij\u00f6iden palkat, vuokrien ja sopimusvelvoitteiden hoitamisen sek\u00e4 p\u00e4ivitt\u00e4isen liiketoiminnan jatkuvuuden.<\/p>\n<p class=\"aw-1gybjub aw-1p7kakr kEtdKx cEmitX yle__article__paragraph\">Hovioikeuden mukaan yrityksen oikeusturva ei vaarannu t\u00e4yt\u00e4nt\u00f6\u00f6npanon vuoksi eik\u00e4 muutoksenhaku k\u00e4y merkityksett\u00f6m\u00e4ksi.<\/p>\n<p class=\"aw-1gybjub aw-1p7kakr kEtdKx cEmitX yle__article__paragraph\">Hovioikeus katsoi my\u00f6s, ett\u00e4 suoritetun ulosmittauksen vaikutusta yhti\u00f6n taloudelliseen tilanteeseen ei voida pit\u00e4\u00e4 sill\u00e4 tavoin kohtuuttomana, ett\u00e4 k\u00e4r\u00e4j\u00e4oikeuden tuomion t\u00e4yt\u00e4nt\u00f6\u00f6npanoa olisi t\u00e4ll\u00e4k\u00e4\u00e4n perusteella aihetta keskeytt\u00e4\u00e4.<\/p>\n<p>Kampaajaopiskelijaa ei tuomittu<\/p>\n<p class=\"aw-1gybjub aw-1p7kakr kEtdKx cEmitX yle__article__paragraph\">K\u00e4r\u00e4j\u00e4oikeudessa syytt\u00e4j\u00e4 vaati v\u00e4rj\u00e4yksen tehneelle kampaajaopiskelijalle tuomiota nuorena henkil\u00f6n\u00e4 tehdyst\u00e4 vammantuottamuksesta.<\/p>\n<p class=\"aw-1gybjub aw-1p7kakr kEtdKx cEmitX yle__article__paragraph\">Lapin k\u00e4r\u00e4j\u00e4oikeus hylk\u00e4si syytteen vammantuottamuksesta ja opiskelijaa koskevat vahingonkorvausvaatimukset.<\/p>\n<p class=\"aw-1gybjub aw-1p7kakr kEtdKx cEmitX yle__article__paragraph\">Oikeus kuitenkin tuomitsi kampaamon vahingonkorvauksiin.<\/p>\n<p class=\"aw-1gybjub aw-1p7kakr kEtdKx cEmitX yle__article__paragraph\">Kampaamo joutuu maksamaan asiakkaalle kivusta, s\u00e4ryst\u00e4 ja tilap\u00e4isest\u00e4 haitasta yhteens\u00e4 7\u00a0200 euroa, psyykkisest\u00e4 haitasta ja traumaper\u00e4isest\u00e4 stressih\u00e4iri\u00f6st\u00e4 5\u00a0700 euroa sek\u00e4 sairaanhoitokuluista noin 2\u00a0900 euroa viiv\u00e4styskorkoineen.<\/p>\n<p class=\"aw-1gybjub aw-1p7kakr kEtdKx cEmitX yle__article__paragraph\">K\u00e4r\u00e4j\u00e4oikeuden tuomio ei ole viel\u00e4 lainvoimainen.<\/p>\n","protected":false},"excerpt":{"rendered":"Kampaamo vaati k\u00e4r\u00e4j\u00e4oikeuden tuomion t\u00e4yt\u00e4nt\u00f6\u00f6npanon keskeytt\u00e4mist\u00e4 ja ulosmitattujen varojen palauttamista. Avaa kuvien katselu Lapin k\u00e4r\u00e4j\u00e4oikeus tuomitsi kampaamoyritykselle korvauksia&hellip;\n","protected":false},"author":2,"featured_media":118108,"comment_status":"","ping_status":"","sticky":false,"template":"","format":"standard","meta":{"footnotes":""},"categories":[5],"tags":[22,23,26,27,33,31,30,17,9290,71,667,24,25,28,29,15,2098,18,21,21431,1057,32,19,20,21432,16,15312],"class_list":{"0":"post-118107","1":"post","2":"type-post","3":"status-publish","4":"format-standard","5":"has-post-thumbnail","7":"category-otsikot","8":"tag-breaking-news","9":"tag-breakingnews","10":"tag-featured-news","11":"tag-featurednews","12":"tag-fi","13":"tag-finland","14":"tag-finnish","15":"tag-headlines","16":"tag-hovioikeudet","17":"tag-kotimaa","18":"tag-lappi","19":"tag-latest-news","20":"tag-latestnews","21":"tag-main-news","22":"tag-mainnews","23":"tag-news","24":"tag-oikeudenkaynnit","25":"tag-otsikot","26":"tag-paauutiset","27":"tag-parturit-ja-kampaamot","28":"tag-rovaniemi","29":"tag-suomi","30":"tag-top-stories","31":"tag-topstories","32":"tag-ulosmittaus","33":"tag-uutiset","34":"tag-vahingonkorvaus"},"share_on_mastodon":{"url":"https:\/\/pubeurope.com\/@fi\/115730543143141612","error":""},"_links":{"self":[{"href":"https:\/\/www.europesays.com\/fi\/wp-json\/wp\/v2\/posts\/118107","targetHints":{"allow":["GET"]}}],"collection":[{"href":"https:\/\/www.europesays.com\/fi\/wp-json\/wp\/v2\/posts"}],"about":[{"href":"https:\/\/www.europesays.com\/fi\/wp-json\/wp\/v2\/types\/post"}],"author":[{"embeddable":true,"href":"https:\/\/www.europesays.com\/fi\/wp-json\/wp\/v2\/users\/2"}],"replies":[{"embeddable":true,"href":"https:\/\/www.europesays.com\/fi\/wp-json\/wp\/v2\/comments?post=118107"}],"version-history":[{"count":0,"href":"https:\/\/www.europesays.com\/fi\/wp-json\/wp\/v2\/posts\/118107\/revisions"}],"wp:featuredmedia":[{"embeddable":true,"href":"https:\/\/www.europesays.com\/fi\/wp-json\/wp\/v2\/media\/118108"}],"wp:attachment":[{"href":"https:\/\/www.europesays.com\/fi\/wp-json\/wp\/v2\/media?parent=118107"}],"wp:term":[{"taxonomy":"category","embeddable":true,"href":"https:\/\/www.europesays.com\/fi\/wp-json\/wp\/v2\/categories?post=118107"},{"taxonomy":"post_tag","embeddable":true,"href":"https:\/\/www.europesays.com\/fi\/wp-json\/wp\/v2\/tags?post=118107"}],"curies":[{"name":"wp","href":"https:\/\/api.w.org\/{rel}","templated":true}]}}