{"id":118111,"date":"2025-12-16T18:09:09","date_gmt":"2025-12-16T18:09:09","guid":{"rendered":"https:\/\/www.europesays.com\/fi\/118111\/"},"modified":"2025-12-16T18:09:09","modified_gmt":"2025-12-16T18:09:09","slug":"en-ole-kertonut-asiasta-itse","status":"publish","type":"post","link":"https:\/\/www.europesays.com\/fi\/118111\/","title":{"rendered":"\u201dEn ole kertonut asiasta itse\u201d"},"content":{"rendered":"<p>Suomen elokuvas\u00e4\u00e4ti\u00f6n p\u00e4\u00e4t\u00f6ksist\u00e4 k\u00e4y ilmi, ett\u00e4 supersuosioon nousseesta is\u00e4st\u00e4 ja pojasta suunnitellaan elokuvaa.<\/p>\n<p><img decoding=\"async\" class=\"image image-show image-preview\" src=\"https:\/\/www.europesays.com\/fi\/wp-content\/uploads\/2025\/12\/19b9c50e76edfb45bd1eb71643e88a604fa80a4743181e10233bf225021f0933.jpg\" alt=\"\"\/><img decoding=\"async\" class=\"image image-show\" src=\"https:\/\/www.europesays.com\/fi\/wp-content\/uploads\/2025\/12\/1765908549_429_19b9c50e76edfb45bd1eb71643e88a604fa80a4743181e10233bf225021f0933.jpg\" alt=\"\"\/><\/p>\n<p>Osmo Peltolasta tuli tv-t\u00e4hti Peltsi ja Osmo -sarjan my\u00f6t\u00e4.  Pete Anikari<\/p>\n<p class=\"paragraph\"><a href=\"https:\/\/www.iltalehti.fi\/henkilot\/Mikko Peltola\" class=\"article-link-person-page\" rel=\"nofollow noopener\" target=\"_blank\">Mikko \u201dPeltsi\u201d Peltolan<\/a> ja h\u00e4nen poikansa <strong>Osmo Peltolan<\/strong> yhteisi\u00e4 seikkailuja voi n\u00e4hd\u00e4 tulevaisuudessa mahdollisesti my\u00f6s valkokankaalla.<\/p>\n<p class=\"paragraph\">Suomen elokuvas\u00e4\u00e4ti\u00f6n tukip\u00e4\u00e4t\u00f6ksist\u00e4 k\u00e4y ilmi, ett\u00e4 Yellow Film &amp; TV Oy:lle on my\u00f6nnetty 9. joulukuuta 20\u00a0000 euron kehitt\u00e4mistuki.<\/p>\n<p class=\"paragraph\">Kehitt\u00e4mistuen saanutta elokuvaa nimitettiin aluksi SES:n verkkosivuilla Peltsi &amp; Osmo \u2013 Peikkovuoren valloittajaksi. Nimi muuttui kuitenkin tiistaina 16. joulukuuta Peikkovuoren valloittajaksi, eli Peltsin ja Osmon nimet poistettiin tiedoista.<\/p>\n<p class=\"paragraph\">Elokuvan ohjaajaksi ja k\u00e4sikirjoittajaksi on nimetty <a href=\"https:\/\/www.iltalehti.fi\/henkilot\/Iris Olsson\" class=\"article-link-person-page\" rel=\"nofollow noopener\" target=\"_blank\">Iris Olsson<\/a> ja tuottajiksi <a href=\"https:\/\/www.iltalehti.fi\/henkilot\/Marko Talli\" class=\"article-link-person-page\" rel=\"nofollow noopener\" target=\"_blank\">Marko Talli<\/a> ja <a href=\"https:\/\/www.iltalehti.fi\/henkilot\/Janne L\u00e4hteenm\u00e4ki\" class=\"article-link-person-page\" rel=\"nofollow noopener\" target=\"_blank\">Janne L\u00e4hteenm\u00e4ki<\/a>. Kyseess\u00e4 on dokumenttielokuva.<\/p>\n<p class=\"paragraph\">\u2013 Is\u00e4n ja pojan seikkailu henke\u00e4salpaavissa maisemissa, elokuvan kuvauksessa kuvaillaan.<\/p>\n<p>Aluksi elokuvan nimess\u00e4 n\u00e4kyi Peltsin ja Osmon nimet. Kuvakaappaus Suomen elokuvas\u00e4\u00e4ti\u00f6n sivuilta<\/p>\n<p>My\u00f6hemmin samana p\u00e4iv\u00e4n\u00e4 nimet katosivat ja j\u00e4ljelle j\u00e4i vain Peikkovuoren valloittajat. Kuvakaappaus Suomen elokuvas\u00e4\u00e4ti\u00f6n sivuilta<\/p>\n<p>N\u00e4in Peltsi kommentoi<\/p>\n<p class=\"paragraph\">Iltalehti tavoitti Mikko \u201dPeltsi\u201d Peltolan puhelimitse kommentoimaan elokuvaprojektia.<\/p>\n<p class=\"paragraph\">\u2013 T\u00e4llaisia suunnitelmia on ollut. En ole kertonut asiasta itse, koska se on suunnittelutasolla ja siit\u00e4 on puhuttu, Peltsi sanoo.<\/p>\n<p class=\"paragraph\">\u2013 Elokuva on niin iso juttu ja siin\u00e4 on niin paljon kaikenlaisia liikkuvia osia, joten se ei ole viel\u00e4 varmaa, h\u00e4n jatkaa.<\/p>\n<p class=\"paragraph\">Peltsin mukaan Osmo on tietoinen mahdollisesta elokuvaprojektista, vaikka lapselle ei kaikkia sopimusasioita l\u00e4hdet\u00e4k\u00e4\u00e4n selitt\u00e4m\u00e4\u00e4n. Ne kun ovat viel\u00e4 \u201daikuisten horinoita\u201d.<\/p>\n<p class=\"paragraph\">\u2013 Varmaan h\u00e4n on sen takia innoissaan, kun h\u00e4n k\u00e4vi katsomassa <strong>Nikon<\/strong>, <strong>Santun<\/strong> ja <strong>Weksin<\/strong> Cancel-elokuvan. H\u00e4n oli siit\u00e4 todella onnessaan, joten h\u00e4n saattoi olla tuostakin maininnasta innoissaan, Peltsi kuvailee hetke\u00e4, jolloin mainitsi pojalleen mahdollisesta elokuvasta.<\/p>\n<p class=\"paragraph\"><a href=\"https:\/\/www.iltalehti.fi\/tv-ja-leffat\/d5a0c885-6f97-4018-ba3f-83f2ca7532bb\" rel=\"nofollow noopener\" target=\"_blank\">Peltsi ja Osmo hurmasivat katsojat<\/a> vuosi sitten, kun Yle julkaisi kuusiosaisen ohjelman is\u00e4n ja pojan seikkailuista ymp\u00e4ri Suomea. <a href=\"https:\/\/www.iltalehti.fi\/tv-ja-leffat\/b113e55c-4862-4693-b046-80c51bc2417b\" rel=\"nofollow noopener\" target=\"_blank\">Osmo vierailee my\u00f6s joulukuussa 2025 julkaistulla<\/a> Peltsin toinen luonto -ohjelman viidennell\u00e4 kaudella kahdessa jaksossa.<\/p>\n","protected":false},"excerpt":{"rendered":"Suomen elokuvas\u00e4\u00e4ti\u00f6n p\u00e4\u00e4t\u00f6ksist\u00e4 k\u00e4y ilmi, ett\u00e4 supersuosioon nousseesta is\u00e4st\u00e4 ja pojasta suunnitellaan elokuvaa. Osmo Peltolasta tuli tv-t\u00e4hti Peltsi&hellip;\n","protected":false},"author":2,"featured_media":118112,"comment_status":"","ping_status":"","sticky":false,"template":"","format":"standard","meta":{"footnotes":""},"categories":[136],"tags":[35,153,407,137,33,31,30,408,1616,32,485,484,140,109],"class_list":{"0":"post-118111","1":"post","2":"type-post","3":"status-publish","4":"format-standard","5":"has-post-thumbnail","7":"category-julkkikset","8":"tag-24h","9":"tag-audiovisuaalinen-media","10":"tag-celebrities","11":"tag-entertainment","12":"tag-fi","13":"tag-finland","14":"tag-finnish","15":"tag-julkkikset","16":"tag-media-viestinta","17":"tag-suomi","18":"tag-taide-yleista","19":"tag-taiteellinen-ilmaisu-ja-mediat","20":"tag-tv-ja-elokuvat","21":"tag-viihde"},"share_on_mastodon":{"url":"https:\/\/pubeurope.com\/@fi\/115730590382154612","error":""},"_links":{"self":[{"href":"https:\/\/www.europesays.com\/fi\/wp-json\/wp\/v2\/posts\/118111","targetHints":{"allow":["GET"]}}],"collection":[{"href":"https:\/\/www.europesays.com\/fi\/wp-json\/wp\/v2\/posts"}],"about":[{"href":"https:\/\/www.europesays.com\/fi\/wp-json\/wp\/v2\/types\/post"}],"author":[{"embeddable":true,"href":"https:\/\/www.europesays.com\/fi\/wp-json\/wp\/v2\/users\/2"}],"replies":[{"embeddable":true,"href":"https:\/\/www.europesays.com\/fi\/wp-json\/wp\/v2\/comments?post=118111"}],"version-history":[{"count":0,"href":"https:\/\/www.europesays.com\/fi\/wp-json\/wp\/v2\/posts\/118111\/revisions"}],"wp:featuredmedia":[{"embeddable":true,"href":"https:\/\/www.europesays.com\/fi\/wp-json\/wp\/v2\/media\/118112"}],"wp:attachment":[{"href":"https:\/\/www.europesays.com\/fi\/wp-json\/wp\/v2\/media?parent=118111"}],"wp:term":[{"taxonomy":"category","embeddable":true,"href":"https:\/\/www.europesays.com\/fi\/wp-json\/wp\/v2\/categories?post=118111"},{"taxonomy":"post_tag","embeddable":true,"href":"https:\/\/www.europesays.com\/fi\/wp-json\/wp\/v2\/tags?post=118111"}],"curies":[{"name":"wp","href":"https:\/\/api.w.org\/{rel}","templated":true}]}}