{"id":118113,"date":"2025-12-16T18:10:06","date_gmt":"2025-12-16T18:10:06","guid":{"rendered":"https:\/\/www.europesays.com\/fi\/118113\/"},"modified":"2025-12-16T18:10:06","modified_gmt":"2025-12-16T18:10:06","slug":"pappilaan-pihaton-ylisille-tulee-taiteilijoita-ympari-maailmaa-taiteilijaresidenssin-ensimmainen-vieras-on-janette-holmstrom-paikalliset","status":"publish","type":"post","link":"https:\/\/www.europesays.com\/fi\/118113\/","title":{"rendered":"Pappilaan pihaton ylisille tulee taiteilijoita ymp\u00e4ri maailmaa\u2013Taiteilijaresidenssin ensimm\u00e4inen vieras on Janette Holmstr\u00f6m | Paikalliset"},"content":{"rendered":"<p>Lappeen vanhan pappilan milj\u00f6\u00f6seen on avautunut kansainv\u00e4linen taiteilijaresidenssi Pihatto Artist Residency. Sen yll\u00e4pidosta ja taiteilijavalinnoista vastaa Etel\u00e4-Karjalan taiteilijaseura.<\/p>\n<p><strong>Janette Holmstr\u00f6m<\/strong> on parin viime viikon aikana fiilistellyt v\u00e4liaikaista kotiaan. H\u00e4n on ensimm\u00e4inen vieras taiteilijaresidenssiss\u00e4, jonka Etel\u00e4-Karjalan taiteilijaseura on avannut Galleria Pihaton yl\u00e4kertaan.<\/p>\n<p>Jatkossa residenssi mahdollistaa sen, ett\u00e4 taiteilijat eri puolilta Suomea tai maailmaa voivat tulla Lappeenrantaan asumaan ja ty\u00f6skentelem\u00e4\u00e4n 1\u20133 kuukaudeksi.<\/p>\n<p>\u2013\u2009Jo t\u00e4ss\u00e4 vaiheessa residenssi on her\u00e4tt\u00e4nyt taiteilijoiden keskuudessa runsaasti kiinnostusta, ja kev\u00e4\u00e4ksi onkin jo sovittu vierailuista, Janette Holmstr\u00f6m sanoo.<\/p>\n<p>Galleria Pihatto ateljeeasuntoineen on Lappeenrannan kaupungin omistuksessa. Residenssin perustaminen ei olisikaan onnistunut ilman kaupungin tukea.<\/p>\n","protected":false},"excerpt":{"rendered":"Lappeen vanhan pappilan milj\u00f6\u00f6seen on avautunut kansainv\u00e4linen taiteilijaresidenssi Pihatto Artist Residency. Sen yll\u00e4pidosta ja taiteilijavalinnoista vastaa Etel\u00e4-Karjalan taiteilijaseura.&hellip;\n","protected":false},"author":2,"featured_media":118114,"comment_status":"","ping_status":"","sticky":false,"template":"","format":"standard","meta":{"footnotes":""},"categories":[135],"tags":[389,387,388,390,137,33,31,30,104,736,683,3667,1446,32,394,485,393,391,392,679,109],"class_list":{"0":"post-118113","1":"post","2":"type-post","3":"status-publish","4":"format-standard","5":"has-post-thumbnail","7":"category-taiteet-ja-suunnittelu","8":"tag-arts","9":"tag-arts-and-design","10":"tag-artsanddesign","11":"tag-design","12":"tag-entertainment","13":"tag-fi","14":"tag-finland","15":"tag-finnish","16":"tag-helsinki","17":"tag-imatra","18":"tag-kuolema","19":"tag-lappee","20":"tag-lappeenranta","21":"tag-suomi","22":"tag-suunnittelu","23":"tag-taide-yleista","24":"tag-taiteet","25":"tag-taiteet-ja-suunnittelu","26":"tag-taiteetsuunnittelu","27":"tag-terveydenhuollon-toimintalaitokset","28":"tag-viihde"},"share_on_mastodon":{"url":"https:\/\/pubeurope.com\/@fi\/115730594042527671","error":""},"_links":{"self":[{"href":"https:\/\/www.europesays.com\/fi\/wp-json\/wp\/v2\/posts\/118113","targetHints":{"allow":["GET"]}}],"collection":[{"href":"https:\/\/www.europesays.com\/fi\/wp-json\/wp\/v2\/posts"}],"about":[{"href":"https:\/\/www.europesays.com\/fi\/wp-json\/wp\/v2\/types\/post"}],"author":[{"embeddable":true,"href":"https:\/\/www.europesays.com\/fi\/wp-json\/wp\/v2\/users\/2"}],"replies":[{"embeddable":true,"href":"https:\/\/www.europesays.com\/fi\/wp-json\/wp\/v2\/comments?post=118113"}],"version-history":[{"count":0,"href":"https:\/\/www.europesays.com\/fi\/wp-json\/wp\/v2\/posts\/118113\/revisions"}],"wp:featuredmedia":[{"embeddable":true,"href":"https:\/\/www.europesays.com\/fi\/wp-json\/wp\/v2\/media\/118114"}],"wp:attachment":[{"href":"https:\/\/www.europesays.com\/fi\/wp-json\/wp\/v2\/media?parent=118113"}],"wp:term":[{"taxonomy":"category","embeddable":true,"href":"https:\/\/www.europesays.com\/fi\/wp-json\/wp\/v2\/categories?post=118113"},{"taxonomy":"post_tag","embeddable":true,"href":"https:\/\/www.europesays.com\/fi\/wp-json\/wp\/v2\/tags?post=118113"}],"curies":[{"name":"wp","href":"https:\/\/api.w.org\/{rel}","templated":true}]}}