{"id":118119,"date":"2025-12-16T18:16:10","date_gmt":"2025-12-16T18:16:10","guid":{"rendered":"https:\/\/www.europesays.com\/fi\/118119\/"},"modified":"2025-12-16T18:16:10","modified_gmt":"2025-12-16T18:16:10","slug":"yleisurheilutahdella-8-vuoden-salainen-suhde-kaikki-paljastui","status":"publish","type":"post","link":"https:\/\/www.europesays.com\/fi\/118119\/","title":{"rendered":"Yleisurheilut\u00e4hdell\u00e4 8 vuoden salainen suhde \u2013 Kaikki paljastui"},"content":{"rendered":"<p>Michelle Jenneken romanssi yll\u00e4tti fanit.<\/p>\n<p><img decoding=\"async\" class=\"image image-show image-preview\" src=\"https:\/\/www.europesays.com\/fi\/wp-content\/uploads\/2025\/12\/49830ff58241a721badffb44092eb499d443963e2272aea7cc50c771e0e5cebf.jpg\" alt=\"\"\/><img decoding=\"async\" class=\"image image-show\" src=\"https:\/\/www.europesays.com\/fi\/wp-content\/uploads\/2025\/12\/1765908969_481_49830ff58241a721badffb44092eb499d443963e2272aea7cc50c771e0e5cebf.jpg\" alt=\"\"\/><\/p>\n<p>Michelle Jenneken tanssiliikkeet tekiv\u00e4t h\u00e4nest\u00e4 somet\u00e4hden. AOP<\/p>\n<p class=\"paragraph\">Aitajuoksija <a href=\"https:\/\/www.iltalehti.fi\/henkilot\/Michelle Jenneke\" class=\"article-link-person-page\" rel=\"nofollow noopener\" target=\"_blank\">Michelle Jenneke<\/a> kertoo Instagramissa menneens\u00e4 kihloihin yleisurheilijakollegansa <a href=\"https:\/\/www.iltalehti.fi\/henkilot\/Alex Beck\" class=\"article-link-person-page\" rel=\"nofollow noopener\" target=\"_blank\">Alex Beckin<\/a> kanssa.<\/p>\n<p class=\"paragraph\"><a href=\"https:\/\/nypost.com\/2025\/12\/16\/sports\/michelle-jenneke-reveals-secret-eight-year-relationship-to-announce-engagement\/\" target=\"_blank\" rel=\"noopener nofollow\">New York Postin<\/a> mukaan suhde pysyi salassa yli kahdeksan vuotta. Kumpikaan rakastavaisista ei ollut aiemmin julkaissut kuvia toisistaan.<\/p>\n<p class=\"paragraph\">Samoin voi p\u00e4\u00e4tell\u00e4 my\u00f6s Jenneken julkaisun saatetekstist\u00e4.<\/p>\n<p class=\"paragraph\">\u2013 8,5 vuotta ty\u00f6n alla, aussit\u00e4hti kirjoitti.<\/p>\n<p class=\"paragraph\">Jenneken seuraajat olivat uutisesta haltioissaan.<\/p>\n<p class=\"paragraph\">\u2013 Jesss, onnea teille molemmille, korkeushypp\u00e4\u00e4j\u00e4 <a href=\"https:\/\/www.iltalehti.fi\/henkilot\/Nicola Olyslagers\" class=\"article-link-person-page\" rel=\"nofollow noopener\" target=\"_blank\">Nicola Olyslagers<\/a> hehkutti kommenteissa.<\/p>\n<p class=\"paragraph\">\u2013 Yayyyy, onnittelut, seiv\u00e4shypp\u00e4\u00e4j\u00e4 <a href=\"https:\/\/www.iltalehti.fi\/henkilot\/Alysha Newman\" class=\"article-link-person-page\" rel=\"nofollow noopener\" target=\"_blank\">Alysha Newman<\/a> komppasi.<\/p>\n<p class=\"paragraph\">Jenneke on tullut suurelle yleis\u00f6lle tunnetuksi letkeist\u00e4 tanssiliikkeist\u00e4\u00e4n ennen kilpailuja. H\u00e4nen puolisonsa Alex Beck on 400 metrin juoksija.<\/p>\n","protected":false},"excerpt":{"rendered":"Michelle Jenneken romanssi yll\u00e4tti fanit. Michelle Jenneken tanssiliikkeet tekiv\u00e4t h\u00e4nest\u00e4 somet\u00e4hden. AOP Aitajuoksija Michelle Jenneke kertoo Instagramissa menneens\u00e4&hellip;\n","protected":false},"author":2,"featured_media":118120,"comment_status":"","ping_status":"","sticky":false,"template":"","format":"standard","meta":{"footnotes":""},"categories":[158],"tags":[35,1074,33,31,30,408,763,41,47,159,32,397,160],"class_list":{"0":"post-118119","1":"post","2":"type-post","3":"status-publish","4":"format-standard","5":"has-post-thumbnail","7":"category-urheilu","8":"tag-24h","9":"tag-avioliitto-ja-parisuhde","10":"tag-fi","11":"tag-finland","12":"tag-finnish","13":"tag-julkkikset","14":"tag-kulttuuri-ja-viihde","15":"tag-liikunta-ja-urheilu","16":"tag-musiikki","17":"tag-sports","18":"tag-suomi","19":"tag-taide","20":"tag-urheilu"},"share_on_mastodon":{"url":"https:\/\/pubeurope.com\/@fi\/115730618053067893","error":""},"_links":{"self":[{"href":"https:\/\/www.europesays.com\/fi\/wp-json\/wp\/v2\/posts\/118119","targetHints":{"allow":["GET"]}}],"collection":[{"href":"https:\/\/www.europesays.com\/fi\/wp-json\/wp\/v2\/posts"}],"about":[{"href":"https:\/\/www.europesays.com\/fi\/wp-json\/wp\/v2\/types\/post"}],"author":[{"embeddable":true,"href":"https:\/\/www.europesays.com\/fi\/wp-json\/wp\/v2\/users\/2"}],"replies":[{"embeddable":true,"href":"https:\/\/www.europesays.com\/fi\/wp-json\/wp\/v2\/comments?post=118119"}],"version-history":[{"count":0,"href":"https:\/\/www.europesays.com\/fi\/wp-json\/wp\/v2\/posts\/118119\/revisions"}],"wp:featuredmedia":[{"embeddable":true,"href":"https:\/\/www.europesays.com\/fi\/wp-json\/wp\/v2\/media\/118120"}],"wp:attachment":[{"href":"https:\/\/www.europesays.com\/fi\/wp-json\/wp\/v2\/media?parent=118119"}],"wp:term":[{"taxonomy":"category","embeddable":true,"href":"https:\/\/www.europesays.com\/fi\/wp-json\/wp\/v2\/categories?post=118119"},{"taxonomy":"post_tag","embeddable":true,"href":"https:\/\/www.europesays.com\/fi\/wp-json\/wp\/v2\/tags?post=118119"}],"curies":[{"name":"wp","href":"https:\/\/api.w.org\/{rel}","templated":true}]}}