{"id":118121,"date":"2025-12-16T18:17:08","date_gmt":"2025-12-16T18:17:08","guid":{"rendered":"https:\/\/www.europesays.com\/fi\/118121\/"},"modified":"2025-12-16T18:17:08","modified_gmt":"2025-12-16T18:17:08","slug":"angelina-jolie-nayttaa-julkisesti-rintojenpoistosta-tulleet-arvet","status":"publish","type":"post","link":"https:\/\/www.europesays.com\/fi\/118121\/","title":{"rendered":"Angelina Jolie n\u00e4ytt\u00e4\u00e4 julkisesti rintojenpoistosta tulleet arvet"},"content":{"rendered":"<p>            All Over Press\n        <\/p>\n<p class=\"subtitle \">Angelina poistatti rintansa vuonna 2013, sill\u00e4 h\u00e4nen riskins\u00e4 sairastua rintasy\u00f6p\u00e4\u00e4n oli jopa 87%.<\/p>\n<p class=\"article-content article-content-width !bg-background\">N\u00e4yttelij\u00e4 , 50, \u00e4iti, n\u00e4yttelij\u00e4 , kuoli 56-vuotiaana vuonna 2007 saatuaan sy\u00f6p\u00e4diagnoosin.\u00a0<\/p>\n<p class=\"font-weight-bold m-font-weight-bold article-content article-content-width !bg-background\">Katso video: Hollywood-t\u00e4htien erikoiset taidot<\/p>\n<p class=\"article-content article-content-width !bg-background\">New York Timesissa toukokuussa 2013 julkaistussa <a href=\"https:\/\/www.nytimes.com\/2013\/05\/14\/opinion\/my-medical-choice.html\" target=\"_blank\" rel=\"nofollow noopener\">mielipidekirjoituksessa<\/a> Angelina kertoi l\u00e4\u00e4k\u00e4reiden sanoneen, ett\u00e4 h\u00e4nelt\u00e4 oli l\u00f6ytynyt \u201dvirheellinen geeni\u201d, joka lis\u00e4si merkitt\u00e4v\u00e4sti h\u00e4nen rintasy\u00f6p\u00e4riski\u00e4\u00e4n.\u00a0<\/p>\n<p class=\"article-content article-content-width !bg-background\">\u2013 Halusin kirjoittaa t\u00e4m\u00e4n kertoakseni muille naisille, ettei p\u00e4\u00e4t\u00f6s rintojen poistosta ollut helppo, Angelina kirjoitti tuolloin.\u00a0<\/p>\n<p class=\"article-content article-content-width !bg-background\">\u2013 Mutta olen hyvin onnellinen, ett\u00e4 tein sen. Mahdollisuuteni sairastua rintasy\u00f6p\u00e4\u00e4n ovat pudonneet 87 prosentista alle 5 prosenttiin. Voin kertoa lapsilleni, ettei heid\u00e4n tarvitse pel\u00e4t\u00e4 menett\u00e4v\u00e4ns\u00e4 minua rintasy\u00f6v\u00e4lle.<\/p>\n<p class=\"article-content article-content-width !bg-background\">Maaliskuussa 2015 Angelina kertoi poistattaneensa my\u00f6s munasarjansa ja munanjohtimensa ennaltaehk\u00e4isev\u00e4sti ehk\u00e4ist\u00e4kseen munasarjasy\u00f6v\u00e4n riski\u00e4.<\/p>\n<p>        <a itemprop=\"url\" href=\"https:\/\/www.seiska.fi\/ulkomaat\/raju-yksityiskohta-angelina-jolien-ja-billy-bob-thorntonin-suhteesta-uutta-tietoa\/1996655\" rel=\"nofollow noopener\" target=\"_blank\"><\/p>\n<p>\nSuhteesta uutta tietoa\n<\/p>\n<p class=\"section-date\">\n        <strong class=\"article-section\" data-section=\"ulkomaat\"><br \/>\n            ulkomaat<br \/>\n        <\/strong><br \/>\n        18.11. 19:30\n    <\/p>\n<p>Raju yksityiskohta! Angelina Jolien ja Billy Bob Thorntonin suhteesta uutta tietoa\n    <\/p>\n<p itemprop=\"description\" class=\"subtitle \">\n    Angelinalla ja Billylla on 20 vuoden ik\u00e4ero.\n<\/p>\n<p>        <\/a><\/p>\n<p>Jakaa arpensa maailmalle<\/p>\n<p class=\"article-content article-content-width !bg-background\">Nyt, yli vuosikymmen rintojenpoiston j\u00e4lkeen, Angelina on p\u00e4\u00e4tt\u00e4nyt n\u00e4ytt\u00e4\u00e4 maailmalle kaksoismasektomian tulokset <a href=\"https:\/\/www.timefrance.fr\/sante\/angelina-jolie-en-exclusivite-pour-time-france-la-vie-est-plus-forte-le-courage-se-partage\/\" target=\"_blank\" rel=\"nofollow noopener\">TIME France<\/a> -lehden haastattelussa.<\/p>\n<p class=\"article-content article-content-width !bg-background\">\u2013 Jaan n\u00e4m\u00e4 arvet monien minulle rakkaiden naisten kanssa, h\u00e4n kertoi lehdelle.\u00a0<\/p>\n<p class=\"article-content article-content-width !bg-background\">\u2013 Minua liikuttaa aina, kun n\u00e4en muiden naisten jakavan omansa. Halusin liitty\u00e4 heihin, tiet\u00e4en ett\u00e4 TIME France jakaisi tietoa rintaterveydest\u00e4, ennaltaehk\u00e4isyst\u00e4 ja rintasy\u00f6v\u00e4st\u00e4.<\/p>\n<p>        <a itemprop=\"url\" href=\"https:\/\/www.seiska.fi\/ulkomaat\/tassa-on-angelina-jolien-ja-brad-pittin-harvoin-nahty-tytar-kuva\/1856561\" rel=\"nofollow noopener\" target=\"_blank\"><\/p>\n<p>\nT\u00e4lt\u00e4 n\u00e4ytt\u00e4\u00e4 tyt\u00e4r\n<\/p>\n<p class=\"section-date\">\n        <strong class=\"article-section\" data-section=\"ulkomaat\"><br \/>\n            ulkomaat<br \/>\n        <\/strong><br \/>\n        11.7. 20:30\n    <\/p>\n<p>T\u00e4ss\u00e4 on Angelina Jolien ja Brad Pittin harvoin n\u00e4hty tyt\u00e4r \u2013 kuva\n    <\/p>\n<p itemprop=\"description\" class=\"subtitle \">\n    Bradin ja Angelinan Shiloh-tyt\u00e4r karttelee julkisuutta.\n<\/p>\n<p>        <\/a><\/p>\n<p class=\"article-content article-content-width !bg-background\">Haastattelussa Angelina per\u00e4\u00e4nkuuluttaa sit\u00e4, ett\u00e4 seulontojen ja testien tulisi olla saavutettavia etenkin naisille, joilla on selvi\u00e4 riskitekij\u00f6it\u00e4.<\/p>\n<p class=\"article-content article-content-width !bg-background\">\u2013 Kun jaoin kokemukseni vuonna 2013, tarkoitus oli rohkaista tietoon perustuvia valintoja. Terveysp\u00e4\u00e4t\u00f6sten t\u00e4ytyy olla henkil\u00f6kohtaisia, ja naisilla tulee olla tieto ja tuki, joita he tarvitsevat noiden valintojen tekemiseen. P\u00e4\u00e4syn seulontoihin ja hoitoon ei pit\u00e4isi riippua taloudellisista resursseista tai asuinpaikasta.<\/p>\n<p>Elokuvan tarina kosketti<\/p>\n<p class=\"article-content article-content-width !bg-background\">Angelina tullaan n\u00e4kem\u00e4\u00e4n tulevassa,\u00a0 ohjaamassa elokuvassa Couture. Kyseess\u00e4 on h\u00e4nest\u00e4 hyvin henkil\u00f6kohtaiselta tuntuva tarina.\u00a0Angelina esitt\u00e4\u00e4 leffassa amerikkalaista elokuvantekij\u00e4\u00e4, jolla todetaan rintasy\u00f6p\u00e4.\u00a0<\/p>\n<p class=\"article-content article-content-width !bg-background\">Angelina kertoi TIME:lle ohjaajalla olevan ainutlaatuinen tapa k\u00e4sitell\u00e4 sairautta.<\/p>\n<p class=\"article-content article-content-width !bg-background\">\u2013 Liian usein naisten kamppailuista kertovat elokuvat, erityisesti sy\u00f6v\u00e4st\u00e4 kertovat, puhuvat lopuista ja surusta, harvemmin el\u00e4m\u00e4st\u00e4, Angelina kuvaili.<\/p>\n<p class=\"article-content article-content-width !bg-background\">\u2013 Koettelemukset, sairaudet ja kipu ovat osa olemassaoloamme, mutta olennaista on, miten suhtaudumme niihin. \u00c4itini oli sairas vuosien ajan. Er\u00e4\u00e4n\u00e4 iltana, kun h\u00e4nelt\u00e4 kysyttiin h\u00e4nen kemoterapiastaan, h\u00e4n liikuttui syv\u00e4sti ja sanoi minulle, ett\u00e4 olisi mieluummin puhunut jostain muusta; h\u00e4nest\u00e4 tuntui, ett\u00e4 sairaudesta oli tulossa h\u00e4nen koko identiteettins\u00e4, h\u00e4n jatkoi.<\/p>\n<p class=\"article-content article-content-width !bg-background\">\u2013 Rakastan t\u00e4t\u00e4 elokuvaa, koska se kertoo tarinan, joka menee paljon pidemm\u00e4lle. Se n\u00e4ytt\u00e4\u00e4 el\u00e4m\u00e4n. Juuri t\u00e4m\u00e4 valoisa n\u00e4k\u00f6kulma kosketti minua ja sai minut haluamaan n\u00e4ytell\u00e4 t\u00e4m\u00e4n roolin.<\/p>\n<p>        <a itemprop=\"url\" href=\"https:\/\/www.seiska.fi\/katso\/insestikohu-ja-outoja-verileikkeja-angelina-jolie-50-vuotta\/1826645\" rel=\"nofollow noopener\" target=\"_blank\"><\/p>\n<p>\nAngelina Jolie 50 vuotta\n<\/p>\n<p class=\"section-date\">\n        <strong class=\"article-section\" data-section=\"katso\"><br \/>\n            katso<br \/>\n        <\/strong><br \/>\n        5.6. 12:15\n    <\/p>\n<p>Insestikohu ja outoja verileikkej\u00e4 \u2013 Angelina Jolie 50 vuotta\n    <\/p>\n<p itemprop=\"description\" class=\"subtitle \">\n    Hollywood-t\u00e4hti on muuntautunut nepo babysta arvostetuksi n\u00e4yttelij\u00e4diivaksi.\n<\/p>\n<p>        <\/a><\/p>\n<p class=\"article-content article-content-width !bg-background\">Koko haastattelu, jossa on kuvia Angelinan arvista, julkaistaan TIME France -lehden 18. joulukuuta ilmestyv\u00e4ss\u00e4 numerossa.<\/p>\n","protected":false},"excerpt":{"rendered":"All Over Press Angelina poistatti rintansa vuonna 2013, sill\u00e4 h\u00e4nen riskins\u00e4 sairastua rintasy\u00f6p\u00e4\u00e4n oli jopa 87%. N\u00e4yttelij\u00e4 ,&hellip;\n","protected":false},"author":2,"featured_media":118122,"comment_status":"","ping_status":"","sticky":false,"template":"","format":"standard","meta":{"footnotes":""},"categories":[130],"tags":[11455,21435,21434,137,33,31,30,14635,3918,32,1469,167,21436,109],"class_list":{"0":"post-118121","1":"post","2":"type-post","3":"status-publish","4":"format-standard","5":"has-post-thumbnail","7":"category-viihde","8":"tag-angelina-jolie","9":"tag-arpi","10":"tag-arvet","11":"tag-entertainment","12":"tag-fi","13":"tag-finland","14":"tag-finnish","15":"tag-rinnat","16":"tag-rintasyopa","17":"tag-suomi","18":"tag-syopa","19":"tag-terveys","20":"tag-time-france","21":"tag-viihde"},"share_on_mastodon":{"url":"https:\/\/pubeurope.com\/@fi\/115730621634662745","error":""},"_links":{"self":[{"href":"https:\/\/www.europesays.com\/fi\/wp-json\/wp\/v2\/posts\/118121","targetHints":{"allow":["GET"]}}],"collection":[{"href":"https:\/\/www.europesays.com\/fi\/wp-json\/wp\/v2\/posts"}],"about":[{"href":"https:\/\/www.europesays.com\/fi\/wp-json\/wp\/v2\/types\/post"}],"author":[{"embeddable":true,"href":"https:\/\/www.europesays.com\/fi\/wp-json\/wp\/v2\/users\/2"}],"replies":[{"embeddable":true,"href":"https:\/\/www.europesays.com\/fi\/wp-json\/wp\/v2\/comments?post=118121"}],"version-history":[{"count":0,"href":"https:\/\/www.europesays.com\/fi\/wp-json\/wp\/v2\/posts\/118121\/revisions"}],"wp:featuredmedia":[{"embeddable":true,"href":"https:\/\/www.europesays.com\/fi\/wp-json\/wp\/v2\/media\/118122"}],"wp:attachment":[{"href":"https:\/\/www.europesays.com\/fi\/wp-json\/wp\/v2\/media?parent=118121"}],"wp:term":[{"taxonomy":"category","embeddable":true,"href":"https:\/\/www.europesays.com\/fi\/wp-json\/wp\/v2\/categories?post=118121"},{"taxonomy":"post_tag","embeddable":true,"href":"https:\/\/www.europesays.com\/fi\/wp-json\/wp\/v2\/tags?post=118121"}],"curies":[{"name":"wp","href":"https:\/\/api.w.org\/{rel}","templated":true}]}}