{"id":118125,"date":"2025-12-16T18:21:09","date_gmt":"2025-12-16T18:21:09","guid":{"rendered":"https:\/\/www.europesays.com\/fi\/118125\/"},"modified":"2025-12-16T18:21:09","modified_gmt":"2025-12-16T18:21:09","slug":"espanjalaissarja-varjojen-kaupunki-on-rikosdraama-ristisanatehtava-ja-matkailumainos","status":"publish","type":"post","link":"https:\/\/www.europesays.com\/fi\/118125\/","title":{"rendered":"Espanjalaissarja Varjojen kaupunki on rikosdraama, ristisanateht\u00e4v\u00e4 ja matkailumainos"},"content":{"rendered":"<p>Televisioarvio|Barcelonaan sijoittuvassa poliisisarjassa murhaaja kylv\u00e4\u00e4 ruumiita Antoni Gaud\u00edn rakennuksiin.<\/p>\n<p class=\"article-body mb-nof-24 px-nof-16\">Varjojen kaupunki (Ciudad de sombras). Netflix. \u2605\u2605\u2605<\/p>\n<p class=\"article-body mb-nof-24 px-nof-16\">Rikosfiktiossa \u201dpelkk\u00e4\u201d sarjamurha ei ole en\u00e4\u00e4 aikoihin ollut mit\u00e4\u00e4n.<\/p>\n<p class=\"article-body mb-nof-24 px-nof-16\">Paatunutta katsojaa ei ravistele, vaikka ruumiita tulisi liukuhihnalta. Varsinkin tv-sarjojen puolella shokkiefekti\u00e4 haetaan rikoksen luonteen sijaan sen visuaalisuudesta. Mit\u00e4 n\u00e4ytt\u00e4v\u00e4mp\u00e4\u00e4, sen kauheampaa, tuntuu olevan ajatus.<\/p>\n","protected":false},"excerpt":{"rendered":"Televisioarvio|Barcelonaan sijoittuvassa poliisisarjassa murhaaja kylv\u00e4\u00e4 ruumiita Antoni Gaud\u00edn rakennuksiin. Varjojen kaupunki (Ciudad de sombras). Netflix. \u2605\u2605\u2605 Rikosfiktiossa \u201dpelkk\u00e4\u201d&hellip;\n","protected":false},"author":2,"featured_media":118126,"comment_status":"","ping_status":"","sticky":false,"template":"","format":"standard","meta":{"footnotes":""},"categories":[14],"tags":[22,23,26,27,33,31,30,17,46,24,25,28,29,15,18,21,32,19,20,56,16,59,60,61],"class_list":{"0":"post-118125","1":"post","2":"type-post","3":"status-publish","4":"format-standard","5":"has-post-thumbnail","7":"category-ulkomaat","8":"tag-breaking-news","9":"tag-breakingnews","10":"tag-featured-news","11":"tag-featurednews","12":"tag-fi","13":"tag-finland","14":"tag-finnish","15":"tag-headlines","16":"tag-helsingin-sanomat","17":"tag-latest-news","18":"tag-latestnews","19":"tag-main-news","20":"tag-mainnews","21":"tag-news","22":"tag-otsikot","23":"tag-paauutiset","24":"tag-suomi","25":"tag-top-stories","26":"tag-topstories","27":"tag-ulkomaat","28":"tag-uutiset","29":"tag-world","30":"tag-world-news","31":"tag-worldnews"},"share_on_mastodon":{"url":"https:\/\/pubeurope.com\/@fi\/115730637364082004","error":""},"_links":{"self":[{"href":"https:\/\/www.europesays.com\/fi\/wp-json\/wp\/v2\/posts\/118125","targetHints":{"allow":["GET"]}}],"collection":[{"href":"https:\/\/www.europesays.com\/fi\/wp-json\/wp\/v2\/posts"}],"about":[{"href":"https:\/\/www.europesays.com\/fi\/wp-json\/wp\/v2\/types\/post"}],"author":[{"embeddable":true,"href":"https:\/\/www.europesays.com\/fi\/wp-json\/wp\/v2\/users\/2"}],"replies":[{"embeddable":true,"href":"https:\/\/www.europesays.com\/fi\/wp-json\/wp\/v2\/comments?post=118125"}],"version-history":[{"count":0,"href":"https:\/\/www.europesays.com\/fi\/wp-json\/wp\/v2\/posts\/118125\/revisions"}],"wp:featuredmedia":[{"embeddable":true,"href":"https:\/\/www.europesays.com\/fi\/wp-json\/wp\/v2\/media\/118126"}],"wp:attachment":[{"href":"https:\/\/www.europesays.com\/fi\/wp-json\/wp\/v2\/media?parent=118125"}],"wp:term":[{"taxonomy":"category","embeddable":true,"href":"https:\/\/www.europesays.com\/fi\/wp-json\/wp\/v2\/categories?post=118125"},{"taxonomy":"post_tag","embeddable":true,"href":"https:\/\/www.europesays.com\/fi\/wp-json\/wp\/v2\/tags?post=118125"}],"curies":[{"name":"wp","href":"https:\/\/api.w.org\/{rel}","templated":true}]}}