{"id":118129,"date":"2025-12-16T18:23:13","date_gmt":"2025-12-16T18:23:13","guid":{"rendered":"https:\/\/www.europesays.com\/fi\/118129\/"},"modified":"2025-12-16T18:23:13","modified_gmt":"2025-12-16T18:23:13","slug":"marja-hintikka-arahtaa-rasismikohusta-ilta-sanomat","status":"publish","type":"post","link":"https:\/\/www.europesays.com\/fi\/118129\/","title":{"rendered":"Marja Hintikka \u00e4r\u00e4ht\u00e4\u00e4 rasismikohusta &#8211; Ilta-Sanomat"},"content":{"rendered":"<p>Marja Hintikka kummastelee kansanedustajien k\u00e4yt\u00f6st\u00e4.<\/p>\n<p class=\"article-body mb-nof-24 px-nof-16\">Juontaja <a class=\"article-personlink\" href=\"https:\/\/www.is.fi\/haku\/?query=Marja%20Hintikka\" rel=\"nofollow noopener\" target=\"_blank\">Marja Hintikka<\/a> ottaa kantaa suomalaisia kuohuttaneeseen missikohuun.<\/p>\n<p class=\"article-body mb-nof-24 px-nof-16\">Hintikka ilmoittaa Instagram-p\u00e4ivityksess\u00e4\u00e4n, ett\u00e4 \u201dkoko Suomi h\u00e4pe\u00e4\u00e4\u201d poliittiseksi \u00e4itynytt\u00e4 kuohuntaa.<\/p>\n<p class=\"article-body mb-nof-24 px-nof-16\">Miss Suomi <a class=\"article-personlink\" href=\"https:\/\/www.is.fi\/haku\/?query=Sarah%20Dzafce\" rel=\"nofollow noopener\" target=\"_blank\">Sarah Dzafce<\/a> joutui luopumaan kruunustaan, kun h\u00e4nest\u00e4 levisi somessa rasistiseksi tulkittu kuva. Otoksessa missi venytti silmi\u00e4\u00e4n ja kuvatekstiss\u00e4 viitattiin kiinalaisiin. Kohu sai poliittisen s\u00e4vyn, kun perus\u00adsuomalaisten kansanedustajat <a class=\"article-personlink article-strong\" href=\"https:\/\/www.is.fi\/haku\/?query=Juho%20Eerola\" rel=\"nofollow noopener\" target=\"_blank\">Juho Eerola<\/a> ja <a class=\"article-personlink article-strong\" href=\"https:\/\/www.is.fi\/haku\/?query=Kaisa%20Garedew\" rel=\"nofollow noopener\" target=\"_blank\">Kaisa Garedew<\/a> julkaisivat sosiaalisessa mediassa itsest\u00e4\u00e4n kuvat, joissa he venytt\u00e4v\u00e4t silmi\u00e4\u00e4n.<\/p>\n<p class=\"article-body mb-nof-24 px-nof-16\">Tiistaina hallituspuolueet julkaisivat kannanoton, jossa edellytet\u00e4\u00e4n, ett\u00e4 perussuomalaiset ryhtyv\u00e4t toimiin asiattomasti k\u00e4ytt\u00e4ytyneit\u00e4 kansanedustajiaan kohtaan.<\/p>\n<p class=\"article-body mb-nof-24 px-nof-16\">Hintikka on sit\u00e4 mielt\u00e4, ett\u00e4 kansanedustajille tulisi langeta k\u00e4yt\u00f6ksest\u00e4\u00e4n tuntuvat seuraukset.<\/p>\n<p class=\"article-body mb-nof-24 px-nof-16\">\u2013 Mist\u00e4 tahansa p\u00f6rssiyhti\u00f6ist\u00e4 t\u00e4llaisesta k\u00e4yt\u00f6ksest\u00e4 saisi saman tien potkut, Hintikka kirjoittaa julkaisussaan.<\/p>\n<p class=\"article-body mb-nof-24 px-nof-16\">H\u00e4nen mukaansa kukaan \u201dj\u00e4rjiss\u00e4\u00e4n oleva vanhempi ei ikin\u00e4 antaisi lapsensa k\u00e4ytt\u00e4yty\u00e4 noin\u201d. H\u00e4n vertaa tilannetta lasten kasvattamiseen.<\/p>\n<p class=\"article-body mb-nof-24 px-nof-16\">\u2013 Lapsilta ei muuten koskaan hyv\u00e4ksyt\u00e4 selitykseksi sit\u00e4, ett\u00e4 \u201dse oli vaan l\u00e4pp\u00e4\u201d tai \u201dhuumoria\u201d. Koulumaailmassa nimitt\u00e4in opetetaan, ett\u00e4 sanomisista ja tekemisist\u00e4 kannetaan vastuu.<\/p>\n<p class=\"article-body mb-nof-24 px-nof-16\">\u2013 Miksi ihmeess\u00e4 annamme yhteiskunnan johtoasemassa olevien aikuisten k\u00e4ytt\u00e4yty\u00e4 tavoilla, jollaista ei miss\u00e4\u00e4n nimess\u00e4 hyv\u00e4ksytt\u00e4isi lapsilta? Hintikka kysyy.<\/p>\n<p class=\"article-body mb-nof-24 px-nof-16\">H\u00e4nen mielest\u00e4\u00e4n kansanedustajien k\u00e4yt\u00f6st\u00e4 ei voi painaa villasella. Hintikka osoittaa sanansa suoraan p\u00e4\u00e4ministeri <a class=\"article-personlink\" href=\"https:\/\/www.is.fi\/haku\/?query=Petteri%20Orpolle\" rel=\"nofollow noopener\" target=\"_blank\">Petteri Orpolle<\/a> (kok).<\/p>\n<p class=\"article-body mb-nof-24 px-nof-16\">\u2013 Nyt on tultava rangaistus, Hintikka toteaa.<\/p>\n<p class=\"article-body mb-nof-24 px-nof-16\">Lopuksi h\u00e4n toivoo, ett\u00e4 \u201djoku analyytikko\u201d voisi laskea mainehaitan arvon, mit\u00e4 t\u00e4llaisesta kansanedustajien k\u00e4yt\u00f6ksest\u00e4 koituu<\/p>\n<p class=\"article-body mb-nof-24 px-nof-16\">\u2013 Ei ole pieni summa se.<\/p>\n<p class=\"article-body mb-nof-24 px-nof-16\">P\u00e4\u00e4ministeri Orpo <a class=\"article-genericlink\" href=\"https:\/\/www.is.fi\/politiikka\/art-2000011669579.html\" rel=\"nofollow noopener\" target=\"_blank\">sanoi<\/a> eduskunnan budjettikeskustelussa maanantaina, ett\u00e4 naaman v\u00e4\u00e4ntely on typer\u00e4\u00e4 ja ajattelematonta, ja se on ollut my\u00f6s is\u00e4nmaalle vahingollista.<\/p>\n<p class=\"article-body mb-nof-24 px-nof-16\">Tiistaina perussuomalaisten ryhm\u00e4johtaja <a class=\"article-personlink\" href=\"https:\/\/www.is.fi\/haku\/?query=Jani%20M%C3%A4kel%C3%A4\" rel=\"nofollow noopener\" target=\"_blank\">Jani M\u00e4kel\u00e4<\/a> sanoi, ett\u00e4 puolue k\u00e4y asiasta keskustelun eduskuntaryhm\u00e4ss\u00e4 torstaina.<\/p>\n<p class=\"article-body mb-nof-24 px-nof-16\">Hallitus sitoutui kes\u00e4ll\u00e4 2023 rasismissa nollatoleranssiin, ja nyt perussuomalaisten on osoitettava, miten se suhtautuu rasisminvastaiseen toimintaan.<\/p>\n","protected":false},"excerpt":{"rendered":"Marja Hintikka kummastelee kansanedustajien k\u00e4yt\u00f6st\u00e4. Juontaja Marja Hintikka ottaa kantaa suomalaisia kuohuttaneeseen missikohuun. Hintikka ilmoittaa Instagram-p\u00e4ivityksess\u00e4\u00e4n, ett\u00e4 \u201dkoko&hellip;\n","protected":false},"author":2,"featured_media":118130,"comment_status":"","ping_status":"","sticky":false,"template":"","format":"standard","meta":{"footnotes":""},"categories":[5],"tags":[22,23,26,27,33,31,30,17,34,24,25,28,29,15,18,21,32,19,20,16],"class_list":{"0":"post-118129","1":"post","2":"type-post","3":"status-publish","4":"format-standard","5":"has-post-thumbnail","7":"category-otsikot","8":"tag-breaking-news","9":"tag-breakingnews","10":"tag-featured-news","11":"tag-featurednews","12":"tag-fi","13":"tag-finland","14":"tag-finnish","15":"tag-headlines","16":"tag-ilta-sanomat","17":"tag-latest-news","18":"tag-latestnews","19":"tag-main-news","20":"tag-mainnews","21":"tag-news","22":"tag-otsikot","23":"tag-paauutiset","24":"tag-suomi","25":"tag-top-stories","26":"tag-topstories","27":"tag-uutiset"},"share_on_mastodon":{"url":"https:\/\/pubeurope.com\/@fi\/115730645201812485","error":""},"_links":{"self":[{"href":"https:\/\/www.europesays.com\/fi\/wp-json\/wp\/v2\/posts\/118129","targetHints":{"allow":["GET"]}}],"collection":[{"href":"https:\/\/www.europesays.com\/fi\/wp-json\/wp\/v2\/posts"}],"about":[{"href":"https:\/\/www.europesays.com\/fi\/wp-json\/wp\/v2\/types\/post"}],"author":[{"embeddable":true,"href":"https:\/\/www.europesays.com\/fi\/wp-json\/wp\/v2\/users\/2"}],"replies":[{"embeddable":true,"href":"https:\/\/www.europesays.com\/fi\/wp-json\/wp\/v2\/comments?post=118129"}],"version-history":[{"count":0,"href":"https:\/\/www.europesays.com\/fi\/wp-json\/wp\/v2\/posts\/118129\/revisions"}],"wp:featuredmedia":[{"embeddable":true,"href":"https:\/\/www.europesays.com\/fi\/wp-json\/wp\/v2\/media\/118130"}],"wp:attachment":[{"href":"https:\/\/www.europesays.com\/fi\/wp-json\/wp\/v2\/media?parent=118129"}],"wp:term":[{"taxonomy":"category","embeddable":true,"href":"https:\/\/www.europesays.com\/fi\/wp-json\/wp\/v2\/categories?post=118129"},{"taxonomy":"post_tag","embeddable":true,"href":"https:\/\/www.europesays.com\/fi\/wp-json\/wp\/v2\/tags?post=118129"}],"curies":[{"name":"wp","href":"https:\/\/api.w.org\/{rel}","templated":true}]}}