{"id":118131,"date":"2025-12-16T18:36:10","date_gmt":"2025-12-16T18:36:10","guid":{"rendered":"https:\/\/www.europesays.com\/fi\/118131\/"},"modified":"2025-12-16T18:36:10","modified_gmt":"2025-12-16T18:36:10","slug":"gwyneth-paltrow-yllattaa-rohkealla-asuvalinnallaan-ja-tanden-poika-kauhistui-kohusuudelmaa-timothee-chalametn-kanssa","status":"publish","type":"post","link":"https:\/\/www.europesays.com\/fi\/118131\/","title":{"rendered":"Gwyneth Paltrow yll\u00e4tt\u00e4\u00e4 rohkealla asuvalinnallaan ja t\u00e4nden poika kauhistui kohusuudelmaa Timoth\u00e9e Chalamet&#8217;n kanssa"},"content":{"rendered":"<p>            AOP\n        <\/p>\n<p class=\"subtitle \">T\u00e4hden kohusuudelma sai lapsen kauhuihinsa.<\/p>\n<p class=\"article-content article-content-width !bg-background\">Elimist\u00f6\u00e4 rasittavan tiukasta treenist\u00e4 ja niukasta dieetist\u00e4 kritiikki\u00e4 saanut  yll\u00e4tti poikkeuksellisen niukassa asussa. Eniten lehdist\u00f6ss\u00e4 noteerattiin h\u00e4nen paidaton ja liivit\u00f6n valintansa.<\/p>\n<p class=\"font-weight-bold m-font-weight-bold article-content article-content-width !bg-background\">Arkistoviedo: villej\u00e4 foliohattutason teorioita Hollywoodista<\/p>\n<p class=\"article-content article-content-width !bg-background\">Ys\u00e4rill\u00e4 suurimmat p\u00e4\u00e4osansa Sliding Doorsissa, Shakespeare In Lovessa ja Emmassa tehnyt 53-vuotias n\u00e4yttelij\u00e4 yll\u00e4tti New Yorkissa maanantaiaamuna (15.12.) esiintym\u00e4ll\u00e4 kadulla ilman rintaliivej\u00e4 ja paitaa.<\/p>\n<p class=\"article-content article-content-width !bg-background\">Selitys on, ett\u00e4 h\u00e4n tuli Yhdysvaltojen luultavasti tunnetuimman aamuohjelman Good Morning American kuvauksiin.<\/p>\n<p>California Dreaming?<\/p>\n<p class=\"article-content article-content-width !bg-background\"> Laulunkin sanoin, New York Cityn talvet viilt\u00e4v\u00e4t Kalifornian ilmastoon tottuneita.<\/p>\n<p class=\"article-content article-content-width !bg-background\">Iron Man -leffoistakin tuttu Gwyneth n\u00e4htiin hyyt\u00e4v\u00e4n kylm\u00e4n New Yorkin kadulla pelk\u00e4ss\u00e4 kaksirivisess\u00e4 puvussa ja mustissa, ter\u00e4viss\u00e4 korkokengiss\u00e4.<\/p>\n<p>                <img decoding=\"async\" src=\"https:\/\/www.europesays.com\/fi\/wp-content\/uploads\/2025\/12\/2024178.webp\" width=\"576\" height=\"1220\" alt=\"Gwyneth Paltrow, 53, poikkeuksellisen rohkeassa asussa\" loading=\"lazy\" \/>            <\/p>\n<p>            AOP\n        <\/p>\n<p class=\"article-content article-content-width !bg-background\">Jumppa- ja ravintointoilija ei kuitenkaan ollut s\u00e4\u00e4t\u00e4 s\u00e4ik\u00e4ht\u00e4nyt, sill\u00e4 ohuen villakankaisen puvuntakin alla ei n\u00e4kynyt muuta kuin ihoa. My\u00f6sk\u00e4\u00e4n ohuiden, korkeakorkoisten kenkien kanssa ei kummoisia villasukkia k\u00e4ytet\u00e4.<\/p>\n<p>        <a itemprop=\"url\" href=\"https:\/\/www.seiska.fi\/kuninkaalliset\/meghan-marklen-ja-gwyneth-paltrown-kiista-sai-erikoisen-paatoksen\/1656443\" rel=\"nofollow noopener\" target=\"_blank\"><\/p>\n<p>\nGwyneth Paltrow &amp; Meghan Markle\n<\/p>\n<p class=\"section-date\">\n        <strong class=\"article-section\" data-section=\"kuninkaalliset\"><br \/>\n            kuninkaalliset<br \/>\n        <\/strong><br \/>\n        27.3. 08:57\n    <\/p>\n<p>Meghan Marklen ja Gwyneth Paltrow&#8217;n kiista sai erikoisen p\u00e4\u00e4t\u00f6ksen\n    <\/p>\n<p itemprop=\"description\" class=\"subtitle \">\n    Gwyneth Paltrow ja Meghan Markle ovat yhdist\u00e4neet voimansa yritt\u00e4ess\u00e4\u00e4n vaientaa huhut heid\u00e4n v\u00e4lisest\u00e4 riidastaan.\n<\/p>\n<p>        <\/a><\/p>\n<p>Pojan kauhistuttanut suudelma<\/p>\n<p class=\"article-content article-content-width !bg-background\">Gwyneth puhui aamuohjelman l\u00e4hetyksess\u00e4 kohusuudelmastaan ,<br \/>\n29, kanssa.<\/p>\n<p>        <a itemprop=\"url\" href=\"https:\/\/www.seiska.fi\/ulkomaat\/gwyneth-paltrow-suututti-seuraajansa-edistat-vaarallista-trendia\/1812745\" rel=\"nofollow noopener\" target=\"_blank\"><\/p>\n<p>\nGwyneth Paltrow\n<\/p>\n<p class=\"section-date\">\n        <strong class=\"article-section\" data-section=\"ulkomaat\"><br \/>\n            ulkomaat<br \/>\n        <\/strong><br \/>\n        3.6. 19:00\n    <\/p>\n<p>Gwyneth Paltrow suututti seuraajansa \u2013 &#8221;Edist\u00e4t vaarallista trendi\u00e4&#8221;\n    <\/p>\n<p itemprop=\"description\" class=\"subtitle \">\n    Gwynethin Instagram t\u00e4yttyi terveysvaroituksista, kun h\u00e4n mahdollisesti k\u00e4ytti diabeetikoille tarkoitettua laitetta.\n<\/p>\n<p>        <\/a><\/p>\n<p class=\"article-content article-content-width !bg-background\"><a href=\"https:\/\/www.dailymail.co.uk\/tvshowbiz\/article-15385659\/Gwyneth-Paltrow-goes-bra-free-power-suit.html\" target=\"_blank\" rel=\"nofollow noopener\">Gwyneth muisteli The Daily Mailin mukaan yst\u00e4viens\u00e4 reaktioita kuvauksissa.<\/a><\/p>\n<p class=\"article-content article-content-width !bg-background\">\u2013 Olisitte n\u00e4hneet \u00e4itien chat-ryhm\u00e4ni, kun paparazzi-kuvat meist\u00e4 suutelemassa puistossa tulivat julki. Kaikki \u00e4idit olivat aika innoissaan, h\u00e4n nauroi.<\/p>\n<p class=\"article-content article-content-width !bg-background\"><a href=\"https:\/\/www.hollywoodreporter.com\/movies\/movie-features\/gwyneth-paltrow-interview-marty-supreme-goop-1236439669\/\" target=\"_blank\" rel=\"nofollow noopener\">Aiemmin The Hollywood Reporterille antamassaan haastattelussa Gwyneth paljasti<\/a>, miten h\u00e4mmentynyt h\u00e4nen 19-vuotias poikansa  oli \u00e4itins\u00e4 suutelevan itse\u00e4\u00e4n 24 vuotta nuorempa n\u00e4yttelij\u00e4\u00e4.<\/p>\n<p class=\"article-content article-content-width !bg-background\">\u2013 H\u00e4n sanoi: &#8221;Voi luoja, en halua n\u00e4hd\u00e4 t\u00e4t\u00e4.&#8221; Moses oli kauhuissaan!<\/p>\n<p>        <a itemprop=\"url\" href=\"https:\/\/www.seiska.fi\/ulkomaat\/gwyneth-paltrow-puolustaa-vaginakynttilaansa-raju-kannanotto\/1706898\" rel=\"nofollow noopener\" target=\"_blank\"><\/p>\n<p>\nRaju kannanotto\n<\/p>\n<p class=\"section-date\">\n        <strong class=\"article-section\" data-section=\"ulkomaat\"><br \/>\n            ulkomaat<br \/>\n        <\/strong><br \/>\n        19.5. 17:30\n    <\/p>\n<p>Gwyneth Paltrow puolustaa vaginakynttil\u00e4\u00e4ns\u00e4 \u2013 raju kannanotto\n    <\/p>\n<p itemprop=\"description\" class=\"subtitle \">\n    Em\u00e4ttimen tuoksuiset \u00f6kykynttil\u00e4t olivat hitti, eik\u00e4 Gwyneth h\u00e4peile nostaa aihetta uudelleen esille.\n<\/p>\n<p>        <\/a><\/p>\n<p class=\"article-content article-content-width !bg-background\">\u00a0<\/p>\n","protected":false},"excerpt":{"rendered":"AOP T\u00e4hden kohusuudelma sai lapsen kauhuihinsa. Elimist\u00f6\u00e4 rasittavan tiukasta treenist\u00e4 ja niukasta dieetist\u00e4 kritiikki\u00e4 saanut yll\u00e4tti poikkeuksellisen niukassa&hellip;\n","protected":false},"author":2,"featured_media":118132,"comment_status":"","ping_status":"","sticky":false,"template":"","format":"standard","meta":{"footnotes":""},"categories":[136],"tags":[2639,407,137,33,31,30,1295,4169,21440,17405,408,21439,106,21438,5889,14779,14778,17399,32,12215,3024,2677,21427,14969,109],"class_list":{"0":"post-118131","1":"post","2":"type-post","3":"status-publish","4":"format-standard","5":"has-post-thumbnail","7":"category-julkkikset","8":"tag-asu","9":"tag-celebrities","10":"tag-entertainment","11":"tag-fi","12":"tag-finland","13":"tag-finnish","14":"tag-gwyneth-paltrow","15":"tag-hollywood","16":"tag-ilman-paitaa","17":"tag-ilman-rintaliiveja","18":"tag-julkkikset","19":"tag-kohuasu","20":"tag-muoti","21":"tag-paidaton","22":"tag-paljasta-pintaa","23":"tag-paljastava","24":"tag-paljastava-asu","25":"tag-rintaliivittomyys","26":"tag-suomi","27":"tag-suudelma","28":"tag-timothee-chalamet","29":"tag-tyyli","30":"tag-tyylitaituri","31":"tag-tyylitaju","32":"tag-viihde"},"share_on_mastodon":{"url":"https:\/\/pubeurope.com\/@fi\/115730696687863629","error":""},"_links":{"self":[{"href":"https:\/\/www.europesays.com\/fi\/wp-json\/wp\/v2\/posts\/118131","targetHints":{"allow":["GET"]}}],"collection":[{"href":"https:\/\/www.europesays.com\/fi\/wp-json\/wp\/v2\/posts"}],"about":[{"href":"https:\/\/www.europesays.com\/fi\/wp-json\/wp\/v2\/types\/post"}],"author":[{"embeddable":true,"href":"https:\/\/www.europesays.com\/fi\/wp-json\/wp\/v2\/users\/2"}],"replies":[{"embeddable":true,"href":"https:\/\/www.europesays.com\/fi\/wp-json\/wp\/v2\/comments?post=118131"}],"version-history":[{"count":0,"href":"https:\/\/www.europesays.com\/fi\/wp-json\/wp\/v2\/posts\/118131\/revisions"}],"wp:featuredmedia":[{"embeddable":true,"href":"https:\/\/www.europesays.com\/fi\/wp-json\/wp\/v2\/media\/118132"}],"wp:attachment":[{"href":"https:\/\/www.europesays.com\/fi\/wp-json\/wp\/v2\/media?parent=118131"}],"wp:term":[{"taxonomy":"category","embeddable":true,"href":"https:\/\/www.europesays.com\/fi\/wp-json\/wp\/v2\/categories?post=118131"},{"taxonomy":"post_tag","embeddable":true,"href":"https:\/\/www.europesays.com\/fi\/wp-json\/wp\/v2\/tags?post=118131"}],"curies":[{"name":"wp","href":"https:\/\/api.w.org\/{rel}","templated":true}]}}