{"id":118133,"date":"2025-12-16T18:37:08","date_gmt":"2025-12-16T18:37:08","guid":{"rendered":"https:\/\/www.europesays.com\/fi\/118133\/"},"modified":"2025-12-16T18:37:08","modified_gmt":"2025-12-16T18:37:08","slug":"elina-kahla-kuvaa-pavel-florenskin-monipuolista-elamaa-dokumenttiromaanissaan","status":"publish","type":"post","link":"https:\/\/www.europesays.com\/fi\/118133\/","title":{"rendered":"Elina Kahla kuvaa Pavel Florenskin monipuolista el\u00e4m\u00e4\u00e4 dokumenttiromaanissaan"},"content":{"rendered":"<p>Kirja-arvio|Dokumenttiromaani kuvaa Pavel Florenskin, jonka el\u00e4m\u00e4 ja kohtalo ei ollut tavanomaisimpia tsaarin Ven\u00e4j\u00e4ll\u00e4 ja Neuvostoliitossa.<\/p>\n<p class=\"article-body mb-nof-24 px-nof-16\">Romaani<\/p>\n<p class=\"article-body mb-nof-24 px-nof-16\">Elina Kahla: Gulagin viisas. Into. 295 s.<\/p>\n<p class=\"article-body mb-nof-24 px-nof-16\">Kuka on <a class=\"article-personlink\" href=\"https:\/\/www.hs.fi\/haku\/?query=Pavel%20Florenski\" rel=\"nofollow noopener\" target=\"_blank\">Pavel Florenski<\/a>? Jos n\u00e4in kysyisi satunnaisilta vastaantulijoilta, harvapa taitaisi tiet\u00e4\u00e4. Kulttuurihistorioitsija <a class=\"article-personlink\" href=\"https:\/\/www.hs.fi\/haku\/?query=Elina%20Kahla\" rel=\"nofollow noopener\" target=\"_blank\">Elina Kahla<\/a> tiet\u00e4\u00e4 ja onneksi rikastuttaa lukijoita dokumenttiromaanillaan Gulagin viisas.<\/p>\n","protected":false},"excerpt":{"rendered":"Kirja-arvio|Dokumenttiromaani kuvaa Pavel Florenskin, jonka el\u00e4m\u00e4 ja kohtalo ei ollut tavanomaisimpia tsaarin Ven\u00e4j\u00e4ll\u00e4 ja Neuvostoliitossa. Romaani Elina Kahla:&hellip;\n","protected":false},"author":2,"featured_media":118134,"comment_status":"","ping_status":"","sticky":false,"template":"","format":"standard","meta":{"footnotes":""},"categories":[135],"tags":[389,387,388,390,137,33,31,30,46,32,394,393,391,392,109],"class_list":{"0":"post-118133","1":"post","2":"type-post","3":"status-publish","4":"format-standard","5":"has-post-thumbnail","7":"category-taiteet-ja-suunnittelu","8":"tag-arts","9":"tag-arts-and-design","10":"tag-artsanddesign","11":"tag-design","12":"tag-entertainment","13":"tag-fi","14":"tag-finland","15":"tag-finnish","16":"tag-helsingin-sanomat","17":"tag-suomi","18":"tag-suunnittelu","19":"tag-taiteet","20":"tag-taiteet-ja-suunnittelu","21":"tag-taiteetsuunnittelu","22":"tag-viihde"},"share_on_mastodon":{"url":"https:\/\/pubeurope.com\/@fi\/115730700326133006","error":""},"_links":{"self":[{"href":"https:\/\/www.europesays.com\/fi\/wp-json\/wp\/v2\/posts\/118133","targetHints":{"allow":["GET"]}}],"collection":[{"href":"https:\/\/www.europesays.com\/fi\/wp-json\/wp\/v2\/posts"}],"about":[{"href":"https:\/\/www.europesays.com\/fi\/wp-json\/wp\/v2\/types\/post"}],"author":[{"embeddable":true,"href":"https:\/\/www.europesays.com\/fi\/wp-json\/wp\/v2\/users\/2"}],"replies":[{"embeddable":true,"href":"https:\/\/www.europesays.com\/fi\/wp-json\/wp\/v2\/comments?post=118133"}],"version-history":[{"count":0,"href":"https:\/\/www.europesays.com\/fi\/wp-json\/wp\/v2\/posts\/118133\/revisions"}],"wp:featuredmedia":[{"embeddable":true,"href":"https:\/\/www.europesays.com\/fi\/wp-json\/wp\/v2\/media\/118134"}],"wp:attachment":[{"href":"https:\/\/www.europesays.com\/fi\/wp-json\/wp\/v2\/media?parent=118133"}],"wp:term":[{"taxonomy":"category","embeddable":true,"href":"https:\/\/www.europesays.com\/fi\/wp-json\/wp\/v2\/categories?post=118133"},{"taxonomy":"post_tag","embeddable":true,"href":"https:\/\/www.europesays.com\/fi\/wp-json\/wp\/v2\/tags?post=118133"}],"curies":[{"name":"wp","href":"https:\/\/api.w.org\/{rel}","templated":true}]}}