{"id":118135,"date":"2025-12-16T18:41:10","date_gmt":"2025-12-16T18:41:10","guid":{"rendered":"https:\/\/www.europesays.com\/fi\/118135\/"},"modified":"2025-12-16T18:41:10","modified_gmt":"2025-12-16T18:41:10","slug":"nyt-suoratoistona-pateva-toimintatrilleri-vie-suoraan-vuoden-2013-terrori-iskun-keskelle-sen-taidokkuutta-ei-kay-kieltaminen","status":"publish","type":"post","link":"https:\/\/www.europesays.com\/fi\/118135\/","title":{"rendered":"Nyt suoratoistona: P\u00e4tev\u00e4 toimintatrilleri vie suoraan vuoden 2013 terrori-iskun keskelle &#8211; &#8221;sen taidokkuutta ei k\u00e4y kielt\u00e4minen&#8221;"},"content":{"rendered":"<p>Prime Videossa on nyt elokuva Ajojahti\u00a0(2016).<\/p>\n<p>Vuoden 2013 Bostonin kaupunkia ravisteli j\u00e4rkytt\u00e4v\u00e4 terrori-isku, kun pommit r\u00e4j\u00e4htiv\u00e4t keskell\u00e4 suurta yleis\u00f6tapahtumaa. Elokuva seuraa kaoottisia hetki\u00e4 ja niiden j\u00e4lkimaininkeja, kun viranomaiset k\u00e4ynnist\u00e4v\u00e4t mittavan ajojahdin tekij\u00f6iden l\u00f6yt\u00e4miseksi.<\/p>\n<p>Tarina nostaa esiin yksitt\u00e4isten ihmisten rohkeuden ja kaupungin yhteishengen tilanteessa, jossa pelko ja ep\u00e4varmuus levi\u00e4v\u00e4t. Elokuva ei keskity vain iskuun itseens\u00e4, vaan siihen, miten ihmiset reagoivat \u00e4\u00e4rimm\u00e4isess\u00e4 kriisiss\u00e4.<\/p>\n<p>Ohjaajana toimii <strong>Peter Berg<\/strong>. N\u00e4yttelij\u00f6in\u00e4 <strong>Mark Wahlberg<\/strong>,\u00a0<strong>John Goodman<\/strong> sek\u00e4 <strong>Kevin Bacon<\/strong>.<\/p>\n<p><img loading=\"lazy\" height=\"1080\" width=\"1920\" class=\"wp-image-145733 sp-no-webp perfmatters-lazy\" alt=\"\" decoding=\"async\" src=\"https:\/\/www.europesays.com\/fi\/wp-content\/uploads\/2025\/12\/patriots-day-background-021.jpg\"  data-\/> <\/p>\n<p>Lue my\u00f6s: <a href=\"https:\/\/www.episodi.fi\/uutiset\/nyt-suoratoistona-moni-samaistuu-ulkopuolisuuden-tunteeseen-loistoleffa-paneutuu-juuri-siihen\/\" title=\"Nyt suoratoistona: Moni samaistuu ulkopuolisuuden tunteeseen \u2013 loistoleffa paneutuu juuri siihen\" class=\"underline-custom !font-montserrat !font-bold !underline-offset-4 !decoration-4 !decoration-episodi-blue !text-md\" rel=\"nofollow noopener\" target=\"_blank\">Nyt suoratoistona: Moni samaistuu ulkopuolisuuden tunteeseen \u2013 loistoleffa paneutuu juuri siihen<\/a><\/p>\n<p>Episodin <a href=\"https:\/\/www.episodi.fi\/elokuvat\/ajojahti\/\" rel=\"nofollow noopener\" target=\"_blank\">arvostelussa<\/a> Ajojahti sai kolme t\u00e4hte\u00e4:<\/p>\n<p>\u201dAjojahti\u00a0on haastava paketti: osin omank\u00e4den oikeuden ylistys, osin moderni versio tavallisen kansalaisen rohkeutta ja sitoutuneisuutta ylist\u00e4vist\u00e4 romanttisista sotadraamoista; sekoitus\u00a0Mrs. Miniveria\u00a0ja\u00a0United 93:sta. Sen sanomaa ei v\u00e4ltt\u00e4m\u00e4tt\u00e4 niele, mutta sen taidokkuutta ei k\u00e4y kielt\u00e4minen.\u201d<\/p>\n<p>Walhbergin n\u00e4yttelem\u00e4\u00e4 Tommy Saundersia ei oikeasti ole olemassa. H\u00e4n on yhdistelm\u00e4 useammasta terroristijahdissa mukana olleesta tosiel\u00e4m\u00e4n poliisista.<\/p>\n<p>Elokuvan k\u00e4sikirjoitus puolestaan yhdistettiin kahdesta erillisest\u00e4 k\u00e4sikirjoituksesta. Toisen nimi oli Boston Strong, ja se oli enemm\u00e4n toimintatrilleri.<\/p>\n<p>Toinen oli nimelt\u00e4\u00e4n Patriots Day (leffan alkuper\u00e4inen englanninkielinen nimi), joka oli enemm\u00e4nkin tositapahtumiin perustuva draama. Lopullinen k\u00e4sikirjoitus oli n\u00e4iden kahden k\u00e4sikirjoituksen sekoitus. Tekij\u00e4t pyrkiv\u00e4t tosipohjaisuuteen, mutta my\u00f6s siihen, ett\u00e4 elokuvassa olisi j\u00e4nnitt\u00e4v\u00e4\u00e4 toimintaa yleis\u00f6n viihdytt\u00e4miseksi.<\/p>\n<p>Elokuva sai my\u00f6nteisen vastaanoton kriitikoilta, ja kehuja sai Bergin varmaotteinen ohjaus sek\u00e4 n\u00e4yttelij\u00e4suoritukset. Lis\u00e4ksi National Board of Review valitsi sen vuoden 2016 kymmenen parhaan elokuvan joukkoon.<\/p>\n<p>Elokuva on my\u00f6s Viaplayssa ja HBO Maxissa. Alla traileri.<\/p>\n<p>Lue my\u00f6s: <a href=\"https:\/\/www.episodi.fi\/uutiset\/nyt-suoratoistona-todellisesta-katastrofista-syntyi-poikkeuksellisen-hyva-elokuva-tahtinayttelijat-kuljettavat-tulista-tarinaa\/\" title=\"Nyt suoratoistona: Todellisesta katastrofista syntyi poikkeuksellisen hyv\u00e4 elokuva \u2013 t\u00e4htin\u00e4yttelij\u00e4t kuljettavat tulista tarinaa\" class=\"underline-custom !font-montserrat !font-bold !underline-offset-4 !decoration-4 !decoration-episodi-blue !text-md\" rel=\"nofollow noopener\" target=\"_blank\">Nyt suoratoistona: Todellisesta katastrofista syntyi poikkeuksellisen hyv\u00e4 elokuva \u2013 t\u00e4htin\u00e4yttelij\u00e4t kuljettavat tulista tarinaa<\/a><\/p>\n<p>Lue my\u00f6s: <a href=\"https:\/\/www.episodi.fi\/uutiset\/nyt-suoratoistona-tarantino-lyttaama-nayttelija-loistaa-huimassa-ja-ahdistavassa-trillerissa-mukana-myos-kaksi-muuta-kovaa-nimea\/\" title=\"Nyt suoratoistona: Tarantino lytt\u00e4\u00e4m\u00e4 n\u00e4yttelij\u00e4 loistaa huimassa ja ahdistavassa trilleriss\u00e4 \u2013 mukana my\u00f6s kaksi muuta kovaa nime\u00e4\" class=\"underline-custom !font-montserrat !font-bold !underline-offset-4 !decoration-4 !decoration-episodi-blue !text-md\" rel=\"nofollow noopener\" target=\"_blank\">Nyt suoratoistona: Tarantino lytt\u00e4\u00e4m\u00e4 n\u00e4yttelij\u00e4 loistaa huimassa ja ahdistavassa trilleriss\u00e4 \u2013 mukana my\u00f6s kaksi muuta kovaa nime\u00e4<\/a><\/p>\n<p>Lue my\u00f6s: <a href=\"https:\/\/www.episodi.fi\/uutiset\/nyt-suoratoistona-tyopaikkataisto-muuttuukin-tyopaikkaromanssiksi-leffa-perustuu-koko-genren-kannalta-tarkeaan-romaaniin\/\" title=\"Nyt suoratoistona: Ty\u00f6paikkataisto muuttuukin ty\u00f6paikkaromanssiksi \u2013 leffa perustuu koko genren kannalta t\u00e4rke\u00e4\u00e4n romaaniin\" class=\"underline-custom !font-montserrat !font-bold !underline-offset-4 !decoration-4 !decoration-episodi-blue !text-md\" rel=\"nofollow noopener\" target=\"_blank\">Nyt suoratoistona: Ty\u00f6paikkataisto muuttuukin ty\u00f6paikkaromanssiksi \u2013 leffa perustuu koko genren kannalta t\u00e4rke\u00e4\u00e4n romaaniin<\/a><\/p>\n<p><img loading=\"lazy\" decoding=\"async\" alt=\"YouTube video\" width=\"480\" height=\"360\" data-pin-nopin=\"true\" nopin=\"nopin\" class=\"perfmatters-lazy\" src=\"https:\/\/www.europesays.com\/fi\/wp-content\/uploads\/2025\/09\/1758434829_715_hqdefault.jpg\"\/><\/p>\n<p>L\u00e4hde: <a href=\"https:\/\/www.imdb.com\/title\/tt4572514\/trivia\/?ref_=tt_ql_trv\" target=\"_blank\" rel=\"noopener nofollow\">IMDb<\/a><\/p>\n<p>Lue my\u00f6s: <a href=\"https:\/\/www.episodi.fi\/uutiskirje\/?uutiskirjemainos=tekstilinkkimainos\" title=\"Tilaa Episodin uutiskirje ja voit voittaa leffalippuja! Nappaa tv-vinkit suoraan s\u00e4hk\u00f6postiin t\u00e4st\u00e4.\" class=\"underline-custom !font-montserrat !font-bold !underline-offset-4 !decoration-4 !decoration-episodi-blue !text-md\" rel=\"nofollow noopener\" target=\"_blank\">Tilaa Episodin uutiskirje ja voit voittaa leffalippuja! Nappaa katseluvinkit suoraan s\u00e4hk\u00f6postiin t\u00e4st\u00e4.<\/a><\/p>\n","protected":false},"excerpt":{"rendered":"Prime Videossa on nyt elokuva Ajojahti\u00a0(2016). Vuoden 2013 Bostonin kaupunkia ravisteli j\u00e4rkytt\u00e4v\u00e4 terrori-isku, kun pommit r\u00e4j\u00e4htiv\u00e4t keskell\u00e4 suurta&hellip;\n","protected":false},"author":2,"featured_media":118136,"comment_status":"","ping_status":"","sticky":false,"template":"","format":"standard","meta":{"footnotes":""},"categories":[131],"tags":[155,137,33,173,31,30,172,175,32,109],"class_list":{"0":"post-118135","1":"post","2":"type-post","3":"status-publish","4":"format-standard","5":"has-post-thumbnail","7":"category-elokuvat","8":"tag-elokuvat","9":"tag-entertainment","10":"tag-fi","11":"tag-film","12":"tag-finland","13":"tag-finnish","14":"tag-movies","15":"tag-prime-video","16":"tag-suomi","17":"tag-viihde"},"share_on_mastodon":{"url":"https:\/\/pubeurope.com\/@fi\/115730716361273896","error":""},"_links":{"self":[{"href":"https:\/\/www.europesays.com\/fi\/wp-json\/wp\/v2\/posts\/118135","targetHints":{"allow":["GET"]}}],"collection":[{"href":"https:\/\/www.europesays.com\/fi\/wp-json\/wp\/v2\/posts"}],"about":[{"href":"https:\/\/www.europesays.com\/fi\/wp-json\/wp\/v2\/types\/post"}],"author":[{"embeddable":true,"href":"https:\/\/www.europesays.com\/fi\/wp-json\/wp\/v2\/users\/2"}],"replies":[{"embeddable":true,"href":"https:\/\/www.europesays.com\/fi\/wp-json\/wp\/v2\/comments?post=118135"}],"version-history":[{"count":0,"href":"https:\/\/www.europesays.com\/fi\/wp-json\/wp\/v2\/posts\/118135\/revisions"}],"wp:featuredmedia":[{"embeddable":true,"href":"https:\/\/www.europesays.com\/fi\/wp-json\/wp\/v2\/media\/118136"}],"wp:attachment":[{"href":"https:\/\/www.europesays.com\/fi\/wp-json\/wp\/v2\/media?parent=118135"}],"wp:term":[{"taxonomy":"category","embeddable":true,"href":"https:\/\/www.europesays.com\/fi\/wp-json\/wp\/v2\/categories?post=118135"},{"taxonomy":"post_tag","embeddable":true,"href":"https:\/\/www.europesays.com\/fi\/wp-json\/wp\/v2\/tags?post=118135"}],"curies":[{"name":"wp","href":"https:\/\/api.w.org\/{rel}","templated":true}]}}