{"id":11814,"date":"2025-08-21T05:12:08","date_gmt":"2025-08-21T05:12:08","guid":{"rendered":"https:\/\/www.europesays.com\/fi\/11814\/"},"modified":"2025-08-21T05:12:08","modified_gmt":"2025-08-21T05:12:08","slug":"latelan-laurin-ja-sari-annan-pihalla-kutsumattomia-vieraita","status":"publish","type":"post","link":"https:\/\/www.europesays.com\/fi\/11814\/","title":{"rendered":"Latelan Laurin ja Sari-Annan pihalla kutsumattomia vieraita"},"content":{"rendered":"<p>Latelan Lauri ja Sari-Annan pihalla k\u00e4y faneja kuvaamassa taloa, kirjoittaa Ilta-Sanomat.<\/p>\n<p><img decoding=\"async\" class=\"image image-show image-preview\" src=\"https:\/\/www.europesays.com\/fi\/wp-content\/uploads\/2025\/08\/7323c8a21ed5d9ac185b211db1b470e4a84f52874d5ed701e465b88b986ee93e.jpg\" alt=\"\"\/><img decoding=\"async\" class=\"image image-show\" src=\"https:\/\/www.europesays.com\/fi\/wp-content\/uploads\/2025\/08\/1755753128_503_7323c8a21ed5d9ac185b211db1b470e4a84f52874d5ed701e465b88b986ee93e.jpg\" alt=\"\"\/><\/p>\n<p>Sari-Anna ei ole iloinen kutsumattomista vieraista. Roosa Br\u00f6ijer<\/p>\n<p class=\"paragraph\">Latelasta tutuksi tullut <a href=\"https:\/\/www.iltalehti.fi\/henkilot\/Lauri Huttunen\" class=\"article-link-person-page\" rel=\"nofollow noopener\" target=\"_blank\">Lauri Huttunen<\/a> ja h\u00e4nen puolisonsa <strong>Sari-Anna<\/strong> kertovat <a href=\"https:\/\/www.is.fi\/viihde\/art-2000011407619.html\" target=\"_blank\" rel=\"noopener nofollow\">Ilta-Sanomien<\/a> haastattelussa julkisuuden my\u00f6t\u00e4 tulleesta ongelmasta.<\/p>\n<p class=\"paragraph\">IS:n mukaan jotkut Latelan sek\u00e4 sen my\u00f6t\u00e4 syntyneen Latelan Laurin hurja remontti -sarjan fanit ovat vieneet fanituksensa liian pitk\u00e4lle. Laurin ja Sari-Annan pihalla on n\u00e4hty kutsumattomia vieraita ihastelemassa heid\u00e4n remontoitua taloaan, joka on my\u00f6s V\u00e4in\u00f6 Linnan vanha kotitalo. Kes\u00e4lomakautena fanien m\u00e4\u00e4r\u00e4 pihamaalla on vain kasvanut.<\/p>\n<p class=\"paragraph\">\u2013 Ajetaan tosi hiljaa ja otetaan kuvia.<\/p>\n<p class=\"paragraph\">Laurin ja Sari-Annan mukaan faneja on tullut jopa bussilasteittain. IS kirjoittaa Sari-Annan tulleen juuri suihkusta, kun bussillinen el\u00e4kel\u00e4isi\u00e4 pys\u00e4htyi heid\u00e4n pihaansa.<\/p>\n<p>Lauri ja Sari-Anna ovat esitelleet kotinsa remonttia televisiossa. Ohjelma on ker\u00e4nnyt valtavaa suosiota. Roosa Br\u00f6ijer<\/p>\n<p class=\"paragraph\">Pariskunta kertoo IS:lle, ett\u00e4 el\u00e4kel\u00e4iset olivat kysyneet Laurilta lupaa vierailulle. Mies oli suostunut.<\/p>\n<p class=\"paragraph\">\u2013 Ei se tunnu kivalta, siksi me tehtiin iso porttikin, Sari-Anna kuvailee.<\/p>\n<p class=\"paragraph\">Lauri ja Sari-Anna ostivat V\u00e4in\u00f6 Linnan entisen kotitalon H\u00e4meenkyr\u00f6st\u00e4 vuonna 2022. Pariskunta ryhtyi hurjaan projektiin vain kahden viikon seurustelun j\u00e4lkeen. Talo oli ostohetkell\u00e4 purkukunnossa.<\/p>\n<p class=\"paragraph\">Vuosien remontoimisen j\u00e4lkeen pariskunta on saanut talosta asumiskelpoisen unelmakodin. Remonttia ja sen eri k\u00e4\u00e4nteit\u00e4 on voinut seurata Latelan Laurin hurja remontti -sarjassa jo vuosien ajan.<\/p>\n<p class=\"paragraph\">Iltalehti kysyi kaksikolta kev\u00e4\u00e4ll\u00e4 2025, kuinka paljon rahaa kodin remontoimiseen meni.<\/p>\n<p class=\"paragraph\">\u2013 Kaikki, Lauri vastasi.<\/p>\n<p class=\"paragraph\">L\u00e4hde: <a href=\"https:\/\/www.is.fi\/viihde\/art-2000011407619.html\" target=\"_blank\" rel=\"noopener nofollow\">Ilta-Sanomat<\/a><\/p>\n","protected":false},"excerpt":{"rendered":"Latelan Lauri ja Sari-Annan pihalla k\u00e4y faneja kuvaamassa taloa, kirjoittaa Ilta-Sanomat. Sari-Anna ei ole iloinen kutsumattomista vieraista. Roosa&hellip;\n","protected":false},"author":2,"featured_media":11815,"comment_status":"","ping_status":"","sticky":false,"template":"","format":"standard","meta":{"footnotes":""},"categories":[136],"tags":[35,36,542,1074,407,137,33,31,30,408,543,32,822,109],"class_list":{"0":"post-11814","1":"post","2":"type-post","3":"status-publish","4":"format-standard","5":"has-post-thumbnail","7":"category-julkkikset","8":"tag-24h","9":"tag-asuintalot-ja-asunnot","10":"tag-asuminen","11":"tag-avioliitto-ja-parisuhde","12":"tag-celebrities","13":"tag-entertainment","14":"tag-fi","15":"tag-finland","16":"tag-finnish","17":"tag-julkkikset","18":"tag-koti-ja-asuminen","19":"tag-suomi","20":"tag-teollisuustuotteet-ja-palvelut-sektori","21":"tag-viihde"},"share_on_mastodon":{"url":"","error":""},"_links":{"self":[{"href":"https:\/\/www.europesays.com\/fi\/wp-json\/wp\/v2\/posts\/11814","targetHints":{"allow":["GET"]}}],"collection":[{"href":"https:\/\/www.europesays.com\/fi\/wp-json\/wp\/v2\/posts"}],"about":[{"href":"https:\/\/www.europesays.com\/fi\/wp-json\/wp\/v2\/types\/post"}],"author":[{"embeddable":true,"href":"https:\/\/www.europesays.com\/fi\/wp-json\/wp\/v2\/users\/2"}],"replies":[{"embeddable":true,"href":"https:\/\/www.europesays.com\/fi\/wp-json\/wp\/v2\/comments?post=11814"}],"version-history":[{"count":0,"href":"https:\/\/www.europesays.com\/fi\/wp-json\/wp\/v2\/posts\/11814\/revisions"}],"wp:featuredmedia":[{"embeddable":true,"href":"https:\/\/www.europesays.com\/fi\/wp-json\/wp\/v2\/media\/11815"}],"wp:attachment":[{"href":"https:\/\/www.europesays.com\/fi\/wp-json\/wp\/v2\/media?parent=11814"}],"wp:term":[{"taxonomy":"category","embeddable":true,"href":"https:\/\/www.europesays.com\/fi\/wp-json\/wp\/v2\/categories?post=11814"},{"taxonomy":"post_tag","embeddable":true,"href":"https:\/\/www.europesays.com\/fi\/wp-json\/wp\/v2\/tags?post=11814"}],"curies":[{"name":"wp","href":"https:\/\/api.w.org\/{rel}","templated":true}]}}