{"id":118141,"date":"2025-12-16T18:47:09","date_gmt":"2025-12-16T18:47:09","guid":{"rendered":"https:\/\/www.europesays.com\/fi\/118141\/"},"modified":"2025-12-16T18:47:09","modified_gmt":"2025-12-16T18:47:09","slug":"suomalainen-karkki-saa-taas-hehkutusta-maailmalla-tehdas-lisaa-tuotantoaan-espoon-naapurissa-paikalliset","status":"publish","type":"post","link":"https:\/\/www.europesays.com\/fi\/118141\/","title":{"rendered":"Suomalainen karkki saa taas hehkutusta maailmalla \u2013 tehdas lis\u00e4\u00e4 tuotantoaan Espoon naapurissa | Paikalliset"},"content":{"rendered":"<p>Suomalainen Halva on valittu j\u00e4lleen maailman parhaaksi lakritsinvalmistajaksi. Valinta tehtiin brittil\u00e4isen lifestylelehti Luxlifen Food &amp; Drink Awards -kilpailussa. Halva oli mukana kategoriassa Best Liquorice Manufacturer 2025. Vuosittaisessa kilpailussa ruoka- ja juoma-alan yrityksi\u00e4 arvioidaan muun muassa asiakaspalautteen, suositusten, innovatiivisuuden, liiketoiminnan kehityksen ja hyv\u00e4n maineen perusteella.<\/p>\n<p>Ruotsalaiset karkit ja niiden br\u00e4nd\u00e4ys ovat olleet joulukuussa iso puheenaihe my\u00f6s Suomessa. Syyn\u00e4 on se, ett\u00e4 Tukholmaan avattiin Bubs-karkkien lippulaivamyym\u00e4l\u00e4. Bubs-karkeista on tullut maailmanlaajuinen j\u00e4ttihitti. Nyt my\u00f6s suomalainen Halva hakee entist\u00e4 suurempaa kansainv\u00e4list\u00e4 menestyst\u00e4.<\/p>\n<p>Yhti\u00f6 kertoo, ett\u00e4 sen tuotteita myyd\u00e4\u00e4n noin 20 maassa, ja lakritsin tuotannosta noin 40 prosenttia menee vientiin. Suomen j\u00e4lkeen Halvalla on eniten myynti\u00e4 Pohjoismaissa, ja nopeimmin kysynt\u00e4 kasvaa Yhdysvalloissa.<\/p>\n<p>\u2013 Pohjoismaiset makeiset ovat nosteessa Yhdysvalloissa. Suomessa perinteinen musta laku on ylivoimainen suosikki, mutta monilla vientimarkkinoilla v\u00e4rilakut ovat valtavirtaa, Halvan toimitusjohtaja <strong>Jean Karavokyros<\/strong> sanoo tiedotteessa.<\/p>\n<p>\t\t<a class=\"diks-gallery__link\" href=\"https:\/\/i.media.fi\/incoming\/j3ssim\/10590352.jpg\/alternates\/FREE_1440\/10590352.jpg\" data-thumbnail=\"\" data-sub-html=\"Halvan lakritsi syntyy perinteisell\u00e4 valmistustavalla, johon kuuluu pitk\u00e4 keittoaika. Teemu Kuusimurto \/ Halva\" aria-label=\"Katso isompi kuva\" rel=\"nofollow noopener\" target=\"_blank\"><br \/>\n\t\t\t\t<img class=\"diks-figure__image\" src=\"https:\/\/www.europesays.com\/fi\/wp-content\/uploads\/2025\/12\/10590352.jpg\" loading=\"lazy\" decoding=\"sync\" alt=\"\"\/><\/p>\n<p>\t\t\t<\/a><br \/>\n\t\t\t\t\tHalvan lakritsi syntyy perinteisell\u00e4 valmistustavalla, johon kuuluu pitk\u00e4 keittoaika. Teemu Kuusimurto \/ Halva<\/p>\n<p>Halva kertoo, ett\u00e4 se on panostanut viime vuosina tuotantokapasiteetin kasvattamiseen Pit\u00e4j\u00e4nm\u00e4en tehtaallaan. Seuraavaksi yritys uudistaa lakritsinvalmistukseen k\u00e4ytett\u00e4vi\u00e4 tuotantolinjojaan.<\/p>\n<p>\u2013 Haluamme varmistaa riitt\u00e4v\u00e4n kapasiteetin erityisesti vienti\u00e4 varten ja jatkaa pitk\u00e4j\u00e4nteist\u00e4 ty\u00f6t\u00e4 herkullisten makujen luomiseksi. Meille on t\u00e4rke\u00e4\u00e4 pysy\u00e4 suomalaisena perheyrityksen\u00e4 ja ty\u00f6llist\u00e4\u00e4 Suomessa. T\u00e4m\u00e4 tunnustus vahvistaa uskoamme siihen, ett\u00e4 suuntamme on oikea, toimitusjohtaja sanoo.<\/p>\n<p>Halva on 95-vuotias yritys. Pit\u00e4j\u00e4nm\u00e4en tehtaalla se on valmistanut lakritsia 1950-luvulta l\u00e4htien.<\/p>\n<p>Halva voitti Luxlifen kilpailun my\u00f6s viime vuonna.<\/p>\n<p>T\u00e4m\u00e4 juttu on julkaistu aiemmin Helsingin Uutisissa.<\/p>\n","protected":false},"excerpt":{"rendered":"Suomalainen Halva on valittu j\u00e4lleen maailman parhaaksi lakritsinvalmistajaksi. Valinta tehtiin brittil\u00e4isen lifestylelehti Luxlifen Food &amp; Drink Awards -kilpailussa.&hellip;\n","protected":false},"author":2,"featured_media":118142,"comment_status":"","ping_status":"","sticky":false,"template":"","format":"standard","meta":{"footnotes":""},"categories":[76],"tags":[79,77,33,31,30,900,2331,32,78],"class_list":{"0":"post-118141","1":"post","2":"type-post","3":"status-publish","4":"format-standard","5":"has-post-thumbnail","7":"category-talous","8":"tag-business","9":"tag-economy","10":"tag-fi","11":"tag-finland","12":"tag-finnish","13":"tag-ruoka","14":"tag-ruoka-ja-juoma","15":"tag-suomi","16":"tag-talous"},"share_on_mastodon":{"url":"https:\/\/pubeurope.com\/@fi\/115730739795883618","error":""},"_links":{"self":[{"href":"https:\/\/www.europesays.com\/fi\/wp-json\/wp\/v2\/posts\/118141","targetHints":{"allow":["GET"]}}],"collection":[{"href":"https:\/\/www.europesays.com\/fi\/wp-json\/wp\/v2\/posts"}],"about":[{"href":"https:\/\/www.europesays.com\/fi\/wp-json\/wp\/v2\/types\/post"}],"author":[{"embeddable":true,"href":"https:\/\/www.europesays.com\/fi\/wp-json\/wp\/v2\/users\/2"}],"replies":[{"embeddable":true,"href":"https:\/\/www.europesays.com\/fi\/wp-json\/wp\/v2\/comments?post=118141"}],"version-history":[{"count":0,"href":"https:\/\/www.europesays.com\/fi\/wp-json\/wp\/v2\/posts\/118141\/revisions"}],"wp:featuredmedia":[{"embeddable":true,"href":"https:\/\/www.europesays.com\/fi\/wp-json\/wp\/v2\/media\/118142"}],"wp:attachment":[{"href":"https:\/\/www.europesays.com\/fi\/wp-json\/wp\/v2\/media?parent=118141"}],"wp:term":[{"taxonomy":"category","embeddable":true,"href":"https:\/\/www.europesays.com\/fi\/wp-json\/wp\/v2\/categories?post=118141"},{"taxonomy":"post_tag","embeddable":true,"href":"https:\/\/www.europesays.com\/fi\/wp-json\/wp\/v2\/tags?post=118141"}],"curies":[{"name":"wp","href":"https:\/\/api.w.org\/{rel}","templated":true}]}}