{"id":118143,"date":"2025-12-16T18:48:16","date_gmt":"2025-12-16T18:48:16","guid":{"rendered":"https:\/\/www.europesays.com\/fi\/118143\/"},"modified":"2025-12-16T18:48:16","modified_gmt":"2025-12-16T18:48:16","slug":"pienituloisten-maara-kasvoi-viime-vuonna-lahes-46-000lla-uutissuomalainen","status":"publish","type":"post","link":"https:\/\/www.europesays.com\/fi\/118143\/","title":{"rendered":"Pienituloisten m\u00e4\u00e4r\u00e4 kasvoi viime vuonna l\u00e4hes 46\u2009000:lla | Uutissuomalainen"},"content":{"rendered":"<p>Pienituloisten m\u00e4\u00e4r\u00e4 Suomessa kasvoi viime vuonna l\u00e4hes 46\u2009000:lla viime vuonna, <a href=\"https:\/\/stat.fi\/julkaisu\/cm1hd62p95ovz07w050z35np7\" rel=\"nofollow noopener\" target=\"_blank\">kertoo<\/a> Tilastokeskus.<\/p>\n<p>Pienituloisiin asuntokuntiin kuuluvia ihmisi\u00e4 oli yli 782\u2009000 eli yli 14 prosenttia asuntov\u00e4est\u00f6st\u00e4. Vuotta aiemmin osuus oli l\u00e4hes prosenttiyksik\u00f6n v\u00e4hemm\u00e4n.<\/p>\n<p>Lapsia pienituloisissa asuntokunnissa oli viime vuonna yli 137\u2009000, mik\u00e4 oli yli 14\u2009000 enemm\u00e4n kuin vuotta aiemmin. Lasten pienituloisuusaste oli l\u00e4hes 14 prosenttia, kun se vuotta aiemmin oli hieman yli 12 prosenttia.<\/p>\n<p>My\u00f6s ty\u00f6ik\u00e4isten pienituloisuusaste nousi yli prosenttiyksik\u00f6ll\u00e4. Sen sijaan 65-vuotiaiden ja sit\u00e4 vanhempien suhteellinen asema on parantunut viime vuosina. Heid\u00e4n pienituloisuusasteensa laski yli prosenttiyksik\u00f6n noin 12 prosenttiin.<\/p>\n<p>Pienituloisuusaste kertoo siit\u00e4, kuinka suuri osa v\u00e4est\u00f6st\u00e4 j\u00e4\u00e4 keskim\u00e4\u00e4r\u00e4isest\u00e4 tulokehityksest\u00e4 j\u00e4lkeen. Pienituloisuuden raja on 60 prosenttia koko v\u00e4est\u00f6n mediaanitulosta, ja raja oli yhden hengen taloudessa el\u00e4v\u00e4lle noin 1\u2009500 euroa kuukaudessa.<\/p>\n","protected":false},"excerpt":{"rendered":"Pienituloisten m\u00e4\u00e4r\u00e4 Suomessa kasvoi viime vuonna l\u00e4hes 46\u2009000:lla viime vuonna, kertoo Tilastokeskus. Pienituloisiin asuntokuntiin kuuluvia ihmisi\u00e4 oli yli&hellip;\n","protected":false},"author":2,"featured_media":118144,"comment_status":"","ping_status":"","sticky":false,"template":"","format":"standard","meta":{"footnotes":""},"categories":[14],"tags":[36,542,22,23,26,27,33,31,30,17,543,24,25,3004,720,28,29,15,18,21,544,32,78,19,20,56,16,59,60,61,796],"class_list":{"0":"post-118143","1":"post","2":"type-post","3":"status-publish","4":"format-standard","5":"has-post-thumbnail","7":"category-ulkomaat","8":"tag-asuintalot-ja-asunnot","9":"tag-asuminen","10":"tag-breaking-news","11":"tag-breakingnews","12":"tag-featured-news","13":"tag-featurednews","14":"tag-fi","15":"tag-finland","16":"tag-finnish","17":"tag-headlines","18":"tag-koti-ja-asuminen","19":"tag-latest-news","20":"tag-latestnews","21":"tag-liiketoiminta","22":"tag-liiketoiminta-ja-rahoitus","23":"tag-main-news","24":"tag-mainnews","25":"tag-news","26":"tag-otsikot","27":"tag-paauutiset","28":"tag-rahoitus-ja-kiinteistoala-sektori","29":"tag-suomi","30":"tag-talous","31":"tag-top-stories","32":"tag-topstories","33":"tag-ulkomaat","34":"tag-uutiset","35":"tag-world","36":"tag-world-news","37":"tag-worldnews","38":"tag-yhteiskunta"},"share_on_mastodon":{"url":"https:\/\/pubeurope.com\/@fi\/115730743622746003","error":""},"_links":{"self":[{"href":"https:\/\/www.europesays.com\/fi\/wp-json\/wp\/v2\/posts\/118143","targetHints":{"allow":["GET"]}}],"collection":[{"href":"https:\/\/www.europesays.com\/fi\/wp-json\/wp\/v2\/posts"}],"about":[{"href":"https:\/\/www.europesays.com\/fi\/wp-json\/wp\/v2\/types\/post"}],"author":[{"embeddable":true,"href":"https:\/\/www.europesays.com\/fi\/wp-json\/wp\/v2\/users\/2"}],"replies":[{"embeddable":true,"href":"https:\/\/www.europesays.com\/fi\/wp-json\/wp\/v2\/comments?post=118143"}],"version-history":[{"count":0,"href":"https:\/\/www.europesays.com\/fi\/wp-json\/wp\/v2\/posts\/118143\/revisions"}],"wp:featuredmedia":[{"embeddable":true,"href":"https:\/\/www.europesays.com\/fi\/wp-json\/wp\/v2\/media\/118144"}],"wp:attachment":[{"href":"https:\/\/www.europesays.com\/fi\/wp-json\/wp\/v2\/media?parent=118143"}],"wp:term":[{"taxonomy":"category","embeddable":true,"href":"https:\/\/www.europesays.com\/fi\/wp-json\/wp\/v2\/categories?post=118143"},{"taxonomy":"post_tag","embeddable":true,"href":"https:\/\/www.europesays.com\/fi\/wp-json\/wp\/v2\/tags?post=118143"}],"curies":[{"name":"wp","href":"https:\/\/api.w.org\/{rel}","templated":true}]}}