{"id":118157,"date":"2025-12-16T19:14:09","date_gmt":"2025-12-16T19:14:09","guid":{"rendered":"https:\/\/www.europesays.com\/fi\/118157\/"},"modified":"2025-12-16T19:14:09","modified_gmt":"2025-12-16T19:14:09","slug":"eun-ja-yhdysvaltain-nakemykset-ukrainan-sodan-paattamisesta-lahestyivat-toisiaan-berliinissa-tutkija-arvioi-uutissuomalainen-2","status":"publish","type":"post","link":"https:\/\/www.europesays.com\/fi\/118157\/","title":{"rendered":"EU:n ja Yhdysvaltain n\u00e4kemykset Ukrainan sodan p\u00e4\u00e4tt\u00e4misest\u00e4 l\u00e4hestyiv\u00e4t toisiaan Berliiniss\u00e4, tutkija arvioi | Uutissuomalainen"},"content":{"rendered":"<p>Berliiniss\u00e4 Ukrainan sodasta maanantaina k\u00e4ydyiss\u00e4 neuvotteluissa EU ja Yhdysvallat n\u00e4yttiv\u00e4t j\u00e4lleen p\u00e4\u00e4sseen saman tilannekuvan \u00e4\u00e4relle, ainakin hetkellisesti, arvioi Eurooppa-tutkija Timo Miettinen Helsingin yliopistosta.<\/p>\n<p>\u2013\u2009T\u00e4ss\u00e4 on pitk\u00e4\u00e4n ollut soutamista ja huopaamista. Yht\u00e4\u00e4lt\u00e4 Yhdysvallat on l\u00e4htenyt vet\u00e4m\u00e4\u00e4n omaa linjaansa ja neuvottelee eurooppalaisten ja ukrainalaisten yli Ven\u00e4j\u00e4n kanssa. Eurooppalaiset ovat saaneet tasaisin v\u00e4liajoin palautettua n\u00e4kemyst\u00e4 enemm\u00e4n sellaiseksi, joka on linjassa Euroopan omien n\u00e4kemysten kanssa, Miettinen kommentoi STT:lle.<\/p>\n<p>\u2013\u2009Nyt taas palattiin sellaiseen vaiheeseen, jossa n\u00e4m\u00e4 n\u00e4kemykset on l\u00e4hemp\u00e4n\u00e4 toisiaan.<\/p>\n<p>Miettisen mukaan neuvotteluiden keskeinen anti liittyi Ukrainalle tarjottaviin turvatakuihin saatuun konkretiaan. Turvatakuisiin lukeutuisi Euroopan ja halukkaiden koalition &#8221;monikansallinen Ukraina-joukko&#8221;, jota Yhdysvallat tukisi.<\/p>\n<p>\u2013\u2009Se, mink\u00e4laiseksi ne (turvatakuut) muodostuvat, on totta kai viel\u00e4 ep\u00e4selv\u00e4\u00e4, mutta ne olisivat kuitenkin sellaisia, joiden takana Eurooppa ja Yhdysvallat pystyv\u00e4t seisomaan, Miettinen sanoo.<\/p>\n","protected":false},"excerpt":{"rendered":"Berliiniss\u00e4 Ukrainan sodasta maanantaina k\u00e4ydyiss\u00e4 neuvotteluissa EU ja Yhdysvallat n\u00e4yttiv\u00e4t j\u00e4lleen p\u00e4\u00e4sseen saman tilannekuvan \u00e4\u00e4relle, ainakin hetkellisesti, arvioi&hellip;\n","protected":false},"author":2,"featured_media":118158,"comment_status":"","ping_status":"","sticky":false,"template":"","format":"standard","meta":{"footnotes":""},"categories":[14],"tags":[22,23,2267,26,27,33,31,30,17,466,104,70,2260,24,25,28,29,15,18,21,637,32,19,20,21377,56,16,59,60,61],"class_list":{"0":"post-118157","1":"post","2":"type-post","3":"status-publish","4":"format-standard","5":"has-post-thumbnail","7":"category-ulkomaat","8":"tag-breaking-news","9":"tag-breakingnews","10":"tag-eurooppa","11":"tag-featured-news","12":"tag-featurednews","13":"tag-fi","14":"tag-finland","15":"tag-finnish","16":"tag-headlines","17":"tag-helsingin-yliopisto","18":"tag-helsinki","19":"tag-kansainvalinen-politiikka","20":"tag-kansainvalisyys","21":"tag-latest-news","22":"tag-latestnews","23":"tag-main-news","24":"tag-mainnews","25":"tag-news","26":"tag-otsikot","27":"tag-paauutiset","28":"tag-politiikka","29":"tag-suomi","30":"tag-top-stories","31":"tag-topstories","32":"tag-ukrainan-kriisi","33":"tag-ulkomaat","34":"tag-uutiset","35":"tag-world","36":"tag-world-news","37":"tag-worldnews"},"share_on_mastodon":{"url":"","error":"Validation failed: Text character limit of 500 exceeded"},"_links":{"self":[{"href":"https:\/\/www.europesays.com\/fi\/wp-json\/wp\/v2\/posts\/118157","targetHints":{"allow":["GET"]}}],"collection":[{"href":"https:\/\/www.europesays.com\/fi\/wp-json\/wp\/v2\/posts"}],"about":[{"href":"https:\/\/www.europesays.com\/fi\/wp-json\/wp\/v2\/types\/post"}],"author":[{"embeddable":true,"href":"https:\/\/www.europesays.com\/fi\/wp-json\/wp\/v2\/users\/2"}],"replies":[{"embeddable":true,"href":"https:\/\/www.europesays.com\/fi\/wp-json\/wp\/v2\/comments?post=118157"}],"version-history":[{"count":0,"href":"https:\/\/www.europesays.com\/fi\/wp-json\/wp\/v2\/posts\/118157\/revisions"}],"wp:featuredmedia":[{"embeddable":true,"href":"https:\/\/www.europesays.com\/fi\/wp-json\/wp\/v2\/media\/118158"}],"wp:attachment":[{"href":"https:\/\/www.europesays.com\/fi\/wp-json\/wp\/v2\/media?parent=118157"}],"wp:term":[{"taxonomy":"category","embeddable":true,"href":"https:\/\/www.europesays.com\/fi\/wp-json\/wp\/v2\/categories?post=118157"},{"taxonomy":"post_tag","embeddable":true,"href":"https:\/\/www.europesays.com\/fi\/wp-json\/wp\/v2\/tags?post=118157"}],"curies":[{"name":"wp","href":"https:\/\/api.w.org\/{rel}","templated":true}]}}