{"id":118159,"date":"2025-12-16T19:15:10","date_gmt":"2025-12-16T19:15:10","guid":{"rendered":"https:\/\/www.europesays.com\/fi\/118159\/"},"modified":"2025-12-16T19:15:10","modified_gmt":"2025-12-16T19:15:10","slug":"jarkyttava-video-naytettiin-oikeudessa-liverpoolin-yliajajan-motiivi-oli-kasittamaton","status":"publish","type":"post","link":"https:\/\/www.europesays.com\/fi\/118159\/","title":{"rendered":"J\u00e4rkytt\u00e4v\u00e4 video n\u00e4ytettiin oikeudessa \u2013 Liverpoolin yliajajan motiivi oli k\u00e4sitt\u00e4m\u00e4t\u00f6n"},"content":{"rendered":"<p>Jalkapallo|Yli 130 ihmist\u00e4 loukkaantui toukokuussa, kun malttinsa menett\u00e4nyt mies ajoi p\u00e4in v\u00e4kijoukkoa.<\/p>\n<p class=\"article-body mb-nof-24 px-nof-16\">Liverpool FC:n toukokuisen mestaruusparaatin aikana autolla v\u00e4kijoukkoon ajanut mies on tuomittu vankeuteen 21 vuodeksi ja kuudeksi kuukaudeksi, kertoo muun muassa <a class=\"article-genericlink\" href=\"https:\/\/www.skysports.com\/football\/news\/11095\/13483827\/liverpool-parade-paul-doyle-sentenced-to-21-years-and-six-months-in-prison-after-driving-into-crowds-of-celebrating-football-fans\" rel=\"nofollow noopener\" target=\"_blank\">Sky Sports<\/a>.<\/p>\n<p class=\"article-body mb-nof-24 px-nof-16\">Mies oli aiemmin my\u00f6nt\u00e4nyt syyllisyytens\u00e4 kaikkiin syytekohtiin, joita oli yhteens\u00e4 31. Miest\u00e4 syytettiin muun muassa vaarallisesta ajamisesta sek\u00e4 tahallisesta vakavan ruumiinvamman aiheuttamisesta.<\/p>\n<p class=\"article-body mb-nof-24 px-nof-16\">Mies oli aiemmin kiist\u00e4nyt syyllisyytens\u00e4.<\/p>\n<p class=\"article-body mb-nof-24 px-nof-16\">Mies ajoi mestaruusparaatista poistuvaan v\u00e4kijoukkoon Liverpoolin keskustassa alkuillasta kuuden j\u00e4lkeen. H\u00e4net pid\u00e4tettiin tapahtumapaikalla.<\/p>\n<p class=\"article-body mb-nof-24 px-nof-16\">Oikeudenk\u00e4ynnin aikana selvisi pys\u00e4ytt\u00e4vi\u00e4 yksityiskohtia paraatin tapahtumista ja tuomitun motiiveista.<\/p>\n<p class=\"article-body mb-nof-24 px-nof-16\">Miehen kerrotaan olleen matkalla hakemaan yst\u00e4vi\u00e4\u00e4n kaupungin keskustasta, kun h\u00e4n \u201dmenetti malttinsa\u201d.<\/p>\n<p class=\"article-body mb-nof-24 px-nof-16\">Oikeussalissa n\u00e4ytettiin kojelautakameran kuvaamaa videota yliajosta. Siin\u00e4 n\u00e4kyi, miten jalkapallofanit lensiv\u00e4t konepellin p\u00e4\u00e4lle ja auton alle tuomitun kiihdytt\u00e4ess\u00e4 pitkin katua.<\/p>\n<p class=\"article-body mb-nof-24 px-nof-16\">Videon \u00e4\u00e4niraidalta kuuluu tuomitun kiroilua ja huutamista. H\u00e4n huusi jalkapallokannattajille k\u00e4skyj\u00e4 v\u00e4ist\u00e4\u00e4.<\/p>\n<p class=\"article-body mb-nof-24 px-nof-16\">Tuomitun auto pys\u00e4htyi, kun sivullinen mies kiipesi auton takapenkille ja k\u00e4\u00e4nsi automaattivaihteen pys\u00e4k\u00f6intitilaan.<\/p>\n<p class=\"article-body mb-nof-24 px-nof-16\">26. toukokuuta sattuneessa v\u00e4likohtauksessa loukkaantui yli 130 ihmist\u00e4.<\/p>\n<p class=\"article-body mb-nof-24 px-nof-16\">Rikosylikomisario <a class=\"article-personlink\" href=\"https:\/\/www.hs.fi\/haku\/?query=John%20Fitzgerald\" rel=\"nofollow noopener\" target=\"_blank\">John Fitzgerald<\/a> piti puhtaana sattumana, ettei kukaan kuollut holtittoman ajon vuoksi.<\/p>\n","protected":false},"excerpt":{"rendered":"Jalkapallo|Yli 130 ihmist\u00e4 loukkaantui toukokuussa, kun malttinsa menett\u00e4nyt mies ajoi p\u00e4in v\u00e4kijoukkoa. Liverpool FC:n toukokuisen mestaruusparaatin aikana autolla&hellip;\n","protected":false},"author":2,"featured_media":118160,"comment_status":"","ping_status":"","sticky":false,"template":"","format":"standard","meta":{"footnotes":""},"categories":[12],"tags":[22,23,26,27,33,31,30,17,46,24,25,28,29,15,18,21,32,19,20,16],"class_list":{"0":"post-118159","1":"post","2":"type-post","3":"status-publish","4":"format-standard","5":"has-post-thumbnail","7":"category-suomi","8":"tag-breaking-news","9":"tag-breakingnews","10":"tag-featured-news","11":"tag-featurednews","12":"tag-fi","13":"tag-finland","14":"tag-finnish","15":"tag-headlines","16":"tag-helsingin-sanomat","17":"tag-latest-news","18":"tag-latestnews","19":"tag-main-news","20":"tag-mainnews","21":"tag-news","22":"tag-otsikot","23":"tag-paauutiset","24":"tag-suomi","25":"tag-top-stories","26":"tag-topstories","27":"tag-uutiset"},"share_on_mastodon":{"url":"https:\/\/pubeurope.com\/@fi\/115730849828061115","error":""},"_links":{"self":[{"href":"https:\/\/www.europesays.com\/fi\/wp-json\/wp\/v2\/posts\/118159","targetHints":{"allow":["GET"]}}],"collection":[{"href":"https:\/\/www.europesays.com\/fi\/wp-json\/wp\/v2\/posts"}],"about":[{"href":"https:\/\/www.europesays.com\/fi\/wp-json\/wp\/v2\/types\/post"}],"author":[{"embeddable":true,"href":"https:\/\/www.europesays.com\/fi\/wp-json\/wp\/v2\/users\/2"}],"replies":[{"embeddable":true,"href":"https:\/\/www.europesays.com\/fi\/wp-json\/wp\/v2\/comments?post=118159"}],"version-history":[{"count":0,"href":"https:\/\/www.europesays.com\/fi\/wp-json\/wp\/v2\/posts\/118159\/revisions"}],"wp:featuredmedia":[{"embeddable":true,"href":"https:\/\/www.europesays.com\/fi\/wp-json\/wp\/v2\/media\/118160"}],"wp:attachment":[{"href":"https:\/\/www.europesays.com\/fi\/wp-json\/wp\/v2\/media?parent=118159"}],"wp:term":[{"taxonomy":"category","embeddable":true,"href":"https:\/\/www.europesays.com\/fi\/wp-json\/wp\/v2\/categories?post=118159"},{"taxonomy":"post_tag","embeddable":true,"href":"https:\/\/www.europesays.com\/fi\/wp-json\/wp\/v2\/tags?post=118159"}],"curies":[{"name":"wp","href":"https:\/\/api.w.org\/{rel}","templated":true}]}}