{"id":118161,"date":"2025-12-16T19:16:09","date_gmt":"2025-12-16T19:16:09","guid":{"rendered":"https:\/\/www.europesays.com\/fi\/118161\/"},"modified":"2025-12-16T19:16:09","modified_gmt":"2025-12-16T19:16:09","slug":"lappeenranta-sulkee-alakoululle-tarkean-palloiluhallin-aiheuttaa-merkittavia-ongelmia-sanoo-rehtori-kotimaa","status":"publish","type":"post","link":"https:\/\/www.europesays.com\/fi\/118161\/","title":{"rendered":"Lappeenranta sulkee alakoululle t\u00e4rke\u00e4n palloiluhallin \u2013 aiheuttaa merkitt\u00e4vi\u00e4 ongelmia, sanoo rehtori | Kotimaa"},"content":{"rendered":"<p class=\"aw-1gybjub aw-5vja16 kEtdKx kmuxyA yle__article__paragraph\">Kourulan palloiluhalli menee kiinni huhtikuun lopussa. Vieress\u00e4 oleva Kuusim\u00e4en koulu joutuu miettim\u00e4\u00e4n liikuntatunnit uusiksi.<\/p>\n<p><img decoding=\"async\" alt=\"Iso punaisista tiilist\u00e4 tehty rakennus, jonka sein\u00e4ss\u00e4 lukee Kourulan toimintakeskus.\" src=\"https:\/\/www.europesays.com\/fi\/wp-content\/uploads\/2025\/12\/39-1570011693ff7fdf36e2.jpeg\" class=\"aw-1l9m598 hKVVvP\"\/><\/p>\n<p>Avaa kuvien katselu<\/p>\n<p>Kourulan palloiluhalli on ollut toiminnassa 45 vuotta. Ensi kev\u00e4\u00e4n\u00e4 se menee kiinni. Kuva: Kari Saastamoinen \/ Yle<\/p>\n<ul class=\"aw-1jjocuh iJTSwP yle__article__list yle__article__list--ul\">\n<li class=\"aw-1j7gwms gNYKfi\">Lappeenrannan kaupunki sulkee Kourulan palloiluhallin huhtikuun lopussa vuonna 2026.<\/li>\n<li class=\"aw-1j7gwms gNYKfi\">Samalla vieress\u00e4 oleva Kuusim\u00e4en koulu menett\u00e4\u00e4 l\u00e4himm\u00e4t sis\u00e4liikuntatilat.<\/li>\n<li class=\"aw-1j7gwms gNYKfi\">Korvaavat tilat ovat Sammontalon liikuntahallissa ja Amiksen monttuun rakennettavassa sis\u00e4liikuntahallissa.<\/li>\n<\/ul>\n<p class=\"aw-1gybjub aw-1p7kakr kEtdKx cEmitX yle__article__paragraph\">Lappeenrannan kaupunki lopettaa suositun liikunta- ja palloiluhallin yll\u00e4pidon. Kourulan palloiluhalli menee kiinni ensi kev\u00e4\u00e4n\u00e4.<\/p>\n<p class=\"aw-1gybjub aw-1p7kakr kEtdKx cEmitX yle__article__paragraph\">Hallin sulkeminen tarkoittaa sit\u00e4, ett\u00e4 vieress\u00e4 olevan Kuusim\u00e4en koulun on mietitt\u00e4v\u00e4 sis\u00e4liikuntatuntien j\u00e4rjestelyt uusiksi.<\/p>\n<p class=\"aw-1gybjub aw-1p7kakr kEtdKx cEmitX yle__article__paragraph\">Apulaisrehtori <strong class=\"aw-ak79eh KyCXm yle__article__strong\">Sami Tapanaisen<\/strong> mukaan hallin sulkeminen aiheuttaa merkitt\u00e4vi\u00e4 ongelmia liikuntatuntien j\u00e4rjest\u00e4miselle. Alakoulussa on noin 130 oppilasta.<\/p>\n<p class=\"aw-1gybjub aw-1p7kakr kEtdKx cEmitX yle__article__paragraph\">\u2013 Tulevaisuuden suunnitelmia liikuntatuntien osalta ei t\u00e4ll\u00e4 hetkell\u00e4 ole. Saimme tiedon kaupungin liikuntatoimelta palloiluhallin sulkemisesta viime viikon perjantaina, Tapanainen kertoo.<\/p>\n<p class=\"aw-1gybjub aw-1p7kakr kEtdKx cEmitX yle__article__paragraph\">L\u00e4himm\u00e4t korvaavat tilat ovat reilun 1,5 kilometrin p\u00e4\u00e4ss\u00e4 Sammontalon liikuntahallissa. Kaupunki linjasi jo muutama vuosi sitten, ett\u00e4 alueen liikuntatiloja keskitet\u00e4\u00e4n Sammontalolle.<\/p>\n<p><img decoding=\"async\" alt=\"Etualalla on ulkokuntosalin v\u00e4lineit\u00e4 ja taka-alalla kaksi isoa punatiilirakennusta. Luminen maa.\" src=\"https:\/\/www.europesays.com\/fi\/wp-content\/uploads\/2025\/12\/39-15704356940fcfe74297.jpeg\" loading=\"lazy\" class=\"aw-1l9m598 hKVVvP\"\/><\/p>\n<p>Avaa kuvien katselu<\/p>\n<p>Kuvan oikeassa laidassa oleva Kuusim\u00e4en koulu saattaa toimia viel\u00e4 vuoteen 2030 saakka. Koulun k\u00e4ytt\u00e4m\u00e4 sis\u00e4liikuntahalli (vasemmalla) sen sijaan menee kiinni jo ensi kev\u00e4\u00e4n\u00e4. Kuva: Kari Saastamoinen \/ Yle<\/p>\n<p class=\"aw-1gybjub aw-1p7kakr kEtdKx cEmitX yle__article__paragraph\">Lappeenrannan kaupungin hyvinvointi- ja sivistyspalveluiden toimialajohtaja <strong class=\"aw-ak79eh KyCXm yle__article__strong\">Juhani Junnilainen<\/strong> kertoi Kourulan palloiluhallin sulkemisesta my\u00f6s kertoneelle <a class=\"aw-iao6s4 iHOxEa yle__article__link\" href=\"https:\/\/www.esaimaa.fi\/urheilu\/9077711\" role=\"link\" rel=\"nofollow noopener\" target=\"_blank\">Etel\u00e4-Saimaalle<\/a>, ett\u00e4 koulun oppilaiden sis\u00e4liikuntatunnit mahtuvat Sammontalon liikuntahalliin. Sammontalo valmistui viime kes\u00e4n\u00e4.<\/p>\n<p>Samalla menee juhlasali<\/p>\n<p class=\"aw-1gybjub aw-1p7kakr kEtdKx cEmitX yle__article__paragraph\">Kuusim\u00e4en koulun apulaisrehtorin mukaan my\u00f6s viereinen Kourulan p\u00e4iv\u00e4koti on k\u00e4ytt\u00e4nyt Kourulan palloiluhallia. Lis\u00e4ksi siell\u00e4 on j\u00e4rjestetty muun muassa joulu- ja kev\u00e4tjuhlia.<\/p>\n<p class=\"aw-1gybjub aw-1p7kakr kEtdKx cEmitX yle__article__paragraph\">\u2013 Palloiluhallin sulkemisen j\u00e4lkeen koululla ei ole tilaa, jonne voivat kokoontua koulun v\u00e4ki yhdess\u00e4 kotiv\u00e4en, kuten huoltajien, kanssa, apulaisrehtori Sami Tapanainen sanoo.<\/p>\n<p><img decoding=\"async\" alt=\"Punertava kaksikerroksinen koulurakennus. Polkupy\u00f6ri\u00e4 pihalla. \" src=\"https:\/\/www.europesays.com\/fi\/wp-content\/uploads\/2025\/12\/39-152915368d674d6eb03f.jpeg\" loading=\"lazy\" class=\"aw-1l9m598 hKVVvP\"\/><\/p>\n<p>Avaa kuvien katselu<\/p>\n<p>Kuusim\u00e4en koulun sis\u00e4liikuntatuntien uusi osoite on Sammontalon liikuntahallissa, joka n\u00e4kyy kuvan taustalla. Kuva: Petri Kivim\u00e4ki \/ YleK\u00e4ytt\u00f6aika piteni<\/p>\n<p class=\"aw-1gybjub aw-1p7kakr kEtdKx cEmitX yle__article__paragraph\">Kaupunki on vuokrannut Kourulan palloiluhallia koulup\u00e4ivien ulkopuolella kaupunkilaisille ja urheiluseuroille. Suurin k\u00e4ytt\u00e4j\u00e4ryhm\u00e4 ovat pes\u00e4palloilijat.<\/p>\n<p class=\"aw-1gybjub aw-1p7kakr kEtdKx cEmitX yle__article__paragraph\">Kaupungin liikuntajohtajan <strong class=\"aw-ak79eh KyCXm yle__article__strong\">Pasi Koistisen<\/strong> mukaan hallin oli m\u00e4\u00e4r\u00e4 hiljenty\u00e4 ja toiminnan siirty\u00e4 Sammontalolle jo vuonna 2024. K\u00e4ytt\u00f6aikaa jatkettiin pes\u00e4palloilijoiden tarpeiden takia.<\/p>\n<p class=\"aw-1gybjub aw-1p7kakr kEtdKx cEmitX yle__article__paragraph\">\u2013 Heid\u00e4n talviharjoittelunsa olisi muuten ollut todella vaikea j\u00e4rjest\u00e4\u00e4, kertoo Koistinen.<\/p>\n<p class=\"aw-1gybjub aw-1p7kakr kEtdKx cEmitX yle__article__paragraph\">Kourulan hallia k\u00e4ytt\u00e4\u00e4 Ykk\u00f6spesiksess\u00e4 pelaava Pes\u00e4 Ysit.<\/p>\n<p class=\"aw-1gybjub aw-1p7kakr kEtdKx cEmitX yle__article__paragraph\">Ensi talvena pes\u00e4palloilijat p\u00e4\u00e4sev\u00e4t harjoittelemaan kaupungin keskustan tuntumassa olevaan Amiksen montun uuteen sis\u00e4liikuntahalliin. Se valmistuu ensi kes\u00e4n\u00e4.<\/p>\n<p>Suosittu halli<\/p>\n<p class=\"aw-1gybjub aw-1p7kakr kEtdKx cEmitX yle__article__paragraph\">Kaikkiaan Kourulan palloiluhallissa on ollut ilta-aikoina varattuna 34 tuntia vakiovuoroa viikossa.<\/p>\n<p class=\"aw-1gybjub aw-1p7kakr kEtdKx cEmitX yle__article__paragraph\">Koistisen mukaan toimijoille l\u00f6ytyy aikoja muista kaupungin liikuntatiloista.<\/p>\n<p class=\"aw-1gybjub aw-1p7kakr kEtdKx cEmitX yle__article__paragraph\">Suositut lasten liikuntamaat siirtyv\u00e4t Kourulasta todenn\u00e4k\u00f6isesti Sammontalolle.<\/p>\n<p class=\"aw-1gybjub aw-1p7kakr kEtdKx cEmitX yle__article__paragraph\">\u2013 Neuvottelemme j\u00e4rjest\u00e4jien kanssa, mik\u00e4 on liikuntamaille paras paikka.<\/p>\n<p class=\"aw-1gybjub aw-1p7kakr kEtdKx cEmitX yle__article__paragraph\">Kaupungin on m\u00e4\u00e4r\u00e4 purkaa vuonna 1980 valmistunut Kourulan palloiluhalli.<\/p>\n<p class=\"aw-1gybjub aw-1p7kakr kEtdKx cEmitX yle__article__paragraph\"><strong class=\"aw-ak79eh KyCXm yle__article__strong\">Lappeenrannan kaupunki suunnittelee sulkevansa my\u00f6s Pallon liikuntahallin. Se menisi kiinni vuonna 2030. Pallon hallissa harjoittelevat muun muassa koripalloilijat. Liikuntajohtaja Pasi Koistinen pohtii liikuntahallien tarvetta alla olevalla audiolla.<\/strong><\/p>\n<p><strong class=\"aw-1bgq5a3 bSmpIc\">Pallon liikuntahalli on menossa kiinni seuraavaksi<\/strong><\/p>\n","protected":false},"excerpt":{"rendered":"Kourulan palloiluhalli menee kiinni huhtikuun lopussa. Vieress\u00e4 oleva Kuusim\u00e4en koulu joutuu miettim\u00e4\u00e4n liikuntatunnit uusiksi. Avaa kuvien katselu Kourulan&hellip;\n","protected":false},"author":2,"featured_media":118162,"comment_status":"","ping_status":"","sticky":false,"template":"","format":"standard","meta":{"footnotes":""},"categories":[5],"tags":[22,23,1302,26,27,33,31,30,17,71,615,1446,24,25,563,28,29,15,18,21,21443,21444,32,19,20,16],"class_list":{"0":"post-118161","1":"post","2":"type-post","3":"status-publish","4":"format-standard","5":"has-post-thumbnail","7":"category-otsikot","8":"tag-breaking-news","9":"tag-breakingnews","10":"tag-etela-karjala","11":"tag-featured-news","12":"tag-featurednews","13":"tag-fi","14":"tag-finland","15":"tag-finnish","16":"tag-headlines","17":"tag-kotimaa","18":"tag-koulut","19":"tag-lappeenranta","20":"tag-latest-news","21":"tag-latestnews","22":"tag-liikunta","23":"tag-main-news","24":"tag-mainnews","25":"tag-news","26":"tag-otsikot","27":"tag-paauutiset","28":"tag-palloiluhallit","29":"tag-sisaliikuntatilat","30":"tag-suomi","31":"tag-top-stories","32":"tag-topstories","33":"tag-uutiset"},"share_on_mastodon":{"url":"https:\/\/pubeurope.com\/@fi\/115730853937399583","error":""},"_links":{"self":[{"href":"https:\/\/www.europesays.com\/fi\/wp-json\/wp\/v2\/posts\/118161","targetHints":{"allow":["GET"]}}],"collection":[{"href":"https:\/\/www.europesays.com\/fi\/wp-json\/wp\/v2\/posts"}],"about":[{"href":"https:\/\/www.europesays.com\/fi\/wp-json\/wp\/v2\/types\/post"}],"author":[{"embeddable":true,"href":"https:\/\/www.europesays.com\/fi\/wp-json\/wp\/v2\/users\/2"}],"replies":[{"embeddable":true,"href":"https:\/\/www.europesays.com\/fi\/wp-json\/wp\/v2\/comments?post=118161"}],"version-history":[{"count":0,"href":"https:\/\/www.europesays.com\/fi\/wp-json\/wp\/v2\/posts\/118161\/revisions"}],"wp:featuredmedia":[{"embeddable":true,"href":"https:\/\/www.europesays.com\/fi\/wp-json\/wp\/v2\/media\/118162"}],"wp:attachment":[{"href":"https:\/\/www.europesays.com\/fi\/wp-json\/wp\/v2\/media?parent=118161"}],"wp:term":[{"taxonomy":"category","embeddable":true,"href":"https:\/\/www.europesays.com\/fi\/wp-json\/wp\/v2\/categories?post=118161"},{"taxonomy":"post_tag","embeddable":true,"href":"https:\/\/www.europesays.com\/fi\/wp-json\/wp\/v2\/tags?post=118161"}],"curies":[{"name":"wp","href":"https:\/\/api.w.org\/{rel}","templated":true}]}}