{"id":118171,"date":"2025-12-16T19:36:08","date_gmt":"2025-12-16T19:36:08","guid":{"rendered":"https:\/\/www.europesays.com\/fi\/118171\/"},"modified":"2025-12-16T19:36:08","modified_gmt":"2025-12-16T19:36:08","slug":"euroviisut-kuulostavat-ensi-kevaana-taysin-erilaisilta-syy-loytyy-yleisosta-iltalehti","status":"publish","type":"post","link":"https:\/\/www.europesays.com\/fi\/118171\/","title":{"rendered":"Euroviisut kuulostavat ensi kev\u00e4\u00e4n\u00e4 t\u00e4ysin erilaisilta \u2013 Syy l\u00f6ytyy yleis\u00f6st\u00e4 &#8211; Iltalehti"},"content":{"rendered":"<ol>\n<li><a href=\"https:\/\/news.google.com\/rss\/articles\/CBMigwFBVV95cUxPZ09MclVmOFI1WVdKak9ybzJ6czE1SlZjU0dwaWJWQ1cwbjZvcVlSR0xJdUt6NzBTUFFYNFc1d3hlem9xemVoN3V5NzhJMEhlRktNNzcxaHV6YkZIcUl1dUt2a2txQ3dfSXVaS1RuMWIxZ3owMWRJelNNLUlQN3A2LV9wMA?oc=5\" target=\"_blank\" rel=\"nofollow noopener\">Euroviisut kuulostavat ensi kev\u00e4\u00e4n\u00e4 t\u00e4ysin erilaisilta \u2013 Syy l\u00f6ytyy yleis\u00f6st\u00e4<\/a>&nbsp;&nbsp;Iltalehti<\/li>\n<li><a href=\"https:\/\/news.google.com\/rss\/articles\/CBMiQkFVX3lxTE11Z00yVG1ZcVc1c2g1Z1lBSkloNkRZNkJwZUJDNXdMc2lvUWVBZUZ1SFdIa0NpLWRvNVlTVkNVSGxqdw?oc=5\" target=\"_blank\" rel=\"nofollow noopener\">Euroviisuja is\u00e4nn\u00f6iv\u00e4 It\u00e4valta ei aio kielt\u00e4\u00e4 Palestiinan lippuja tai sensuroida buuausta<\/a>&nbsp;&nbsp;Yle<\/li>\n<li><a href=\"https:\/\/news.google.com\/rss\/articles\/CBMiW0FVX3lxTFBZajU2bTFIalJ0cHJYV1F5TlRNdE9MRWtnY1RFajMyUkJQc0RyN3N3UFRKLV9qcFMtY05HS3VxNGpwbXVDcVNJN3lZVWptcjZSQjJ0Ni11c1F6QmM?oc=5\" target=\"_blank\" rel=\"nofollow noopener\">EBU: Euroviisuihin osallistuu 35 maata<\/a>&nbsp;&nbsp;Ilta-Sanomat<\/li>\n<li><a href=\"https:\/\/news.google.com\/rss\/articles\/CBMiVkFVX3lxTE1GdTJQTXdoR1RXZmlwbHZoNkxVUS1PN1pHNkJZTzBId2lQYUFkX3UxQUhjZ0Z3MTVWV25SRkcwRXpoMkxDSDhPelI4YjhuV1J0Y0ZMejdR?oc=5\" target=\"_blank\" rel=\"nofollow noopener\">Reuters: Buuauksia saa kuulua ensi vuonna Israelin viisuesiintymisen aikana \u2013 Palestiinan lippuakin lupa heiluttaa<\/a>&nbsp;&nbsp;Etel\u00e4-Suomen Sanomat<\/li>\n<li><a href=\"https:\/\/news.google.com\/rss\/articles\/CBMiV0FVX3lxTE9ZZHhuTXZLc3NBc3d4a3UwOWRfMkNWNzRaTFRRYkhPdEV2WVNqWmF5NTZqblZMNFJzNlNOX28ybnBMd2w5czdIVXdWZ2ROLTlxOVE1X0dBNA?oc=5\" target=\"_blank\" rel=\"nofollow noopener\">Ensi kev\u00e4\u00e4n Euro\u00advii\u00adsuihin osallistuu 35 maata \u2013 kolme It\u00e4-\u200bEuroopan maata tekee paluun<\/a>&nbsp;&nbsp;Keskisuomalainen<\/li>\n<\/ol>\n","protected":false},"excerpt":{"rendered":"Euroviisut kuulostavat ensi kev\u00e4\u00e4n\u00e4 t\u00e4ysin erilaisilta \u2013 Syy l\u00f6ytyy yleis\u00f6st\u00e4&nbsp;&nbsp;Iltalehti Euroviisuja is\u00e4nn\u00f6iv\u00e4 It\u00e4valta ei aio kielt\u00e4\u00e4 Palestiinan lippuja&hellip;\n","protected":false},"author":2,"featured_media":118172,"comment_status":"","ping_status":"","sticky":false,"template":"","format":"standard","meta":{"footnotes":""},"categories":[130],"tags":[35,137,33,31,30,8518,763,47,637,32,397,484,109],"class_list":{"0":"post-118171","1":"post","2":"type-post","3":"status-publish","4":"format-standard","5":"has-post-thumbnail","7":"category-viihde","8":"tag-24h","9":"tag-entertainment","10":"tag-fi","11":"tag-finland","12":"tag-finnish","13":"tag-kansalliset-yleisradioyhtiot","14":"tag-kulttuuri-ja-viihde","15":"tag-musiikki","16":"tag-politiikka","17":"tag-suomi","18":"tag-taide","19":"tag-taiteellinen-ilmaisu-ja-mediat","20":"tag-viihde"},"share_on_mastodon":{"url":"https:\/\/pubeurope.com\/@fi\/115730932268600988","error":""},"_links":{"self":[{"href":"https:\/\/www.europesays.com\/fi\/wp-json\/wp\/v2\/posts\/118171","targetHints":{"allow":["GET"]}}],"collection":[{"href":"https:\/\/www.europesays.com\/fi\/wp-json\/wp\/v2\/posts"}],"about":[{"href":"https:\/\/www.europesays.com\/fi\/wp-json\/wp\/v2\/types\/post"}],"author":[{"embeddable":true,"href":"https:\/\/www.europesays.com\/fi\/wp-json\/wp\/v2\/users\/2"}],"replies":[{"embeddable":true,"href":"https:\/\/www.europesays.com\/fi\/wp-json\/wp\/v2\/comments?post=118171"}],"version-history":[{"count":0,"href":"https:\/\/www.europesays.com\/fi\/wp-json\/wp\/v2\/posts\/118171\/revisions"}],"wp:featuredmedia":[{"embeddable":true,"href":"https:\/\/www.europesays.com\/fi\/wp-json\/wp\/v2\/media\/118172"}],"wp:attachment":[{"href":"https:\/\/www.europesays.com\/fi\/wp-json\/wp\/v2\/media?parent=118171"}],"wp:term":[{"taxonomy":"category","embeddable":true,"href":"https:\/\/www.europesays.com\/fi\/wp-json\/wp\/v2\/categories?post=118171"},{"taxonomy":"post_tag","embeddable":true,"href":"https:\/\/www.europesays.com\/fi\/wp-json\/wp\/v2\/tags?post=118171"}],"curies":[{"name":"wp","href":"https:\/\/api.w.org\/{rel}","templated":true}]}}