{"id":118173,"date":"2025-12-16T19:39:12","date_gmt":"2025-12-16T19:39:12","guid":{"rendered":"https:\/\/www.europesays.com\/fi\/118173\/"},"modified":"2025-12-16T19:39:12","modified_gmt":"2025-12-16T19:39:12","slug":"torikeskuksen-hesburgerin-remontti-valmistui-ensipalautteen-perusteella-uudistus-vaikuttaa-olevan-oikein-onnistunut-alueviesti","status":"publish","type":"post","link":"https:\/\/www.europesays.com\/fi\/118173\/","title":{"rendered":"Torikeskuksen Hesburgerin remontti valmistui \u2013 \u201cEnsipalautteen perusteella uudistus vaikuttaa olevan oikein onnistunut\u201d &#8211; Alueviesti"},"content":{"rendered":"<p><img loading=\"lazy\" decoding=\"async\" class=\"size-large wp-image-226157\" src=\"https:\/\/www.europesays.com\/fi\/wp-content\/uploads\/2025\/12\/Hesburger_Vammala_15.12.25_4-758x569.jpeg\" alt=\"\" width=\"758\" height=\"569\"  \/><strong>T\u00e4lt\u00e4 n\u00e4ytt\u00e4\u00e4 uusi ilme.\u00a0<\/strong><\/p>\n<p>Vammalan Torikeskuksen Hesburgerin remontti on valmistunut, ja asiakkaat ovat p\u00e4\u00e4sseet maanantaista l\u00e4htien ruokailemaan uudistuneisiin ravintolatiloihin. Remontin vuoksi paikka oli suljettuna koko viime viikon ajan.<\/p>\n<p>Ravintolasali saneerattiin Hesburger-ketjun uusimman sisustusilmeen mukaiseksi.<\/p>\n<p>\u201dSamalla uusittiin myyntitiski, ja keitti\u00f6\u00f6n tehtiin pieni\u00e4 muutoksia. Haluamme tarjota asiakkaillemme entist\u00e4 viihtyis\u00e4mm\u00e4n ravintolakokemuksen, uudistettu sisustus ja toimivammat tilat tukevat t\u00e4t\u00e4 tavoitetta\u201d, kertoo Hesburgerin Vammalan Torikeskuksen ravintolap\u00e4\u00e4llikk\u00f6 <strong>Marita Ven\u00e4l\u00e4inen<\/strong>.<\/p>\n<p>Lapsiperheiden suosimassa hampurilaispaikassa mahdollisuus leikkimiseen on t\u00e4rke\u00e4 osa kokonaisuutta.<\/p>\n<p>\u201dLasten leikkipaikka siirrettiin parempaan paikkaan keskelle ravintolaa, jossa se on varmasti entist\u00e4 aktiivisemmassa k\u00e4yt\u00f6ss\u00e4\u201d, mainitsee Hesburgerin viestinn\u00e4n ja kansainv\u00e4lisen markkinoinnin johtaja <strong>Ieva Salmela<\/strong>.<\/p>\n<p>\u201dAsiakkaat arvostavat my\u00f6s lastenhoitotilaa, joka s\u00e4ilytettiin ennallaan.\u201d<\/p>\n<p><img loading=\"lazy\" decoding=\"async\" class=\"size-large wp-image-226158\" src=\"https:\/\/www.europesays.com\/fi\/wp-content\/uploads\/2025\/12\/Hesburger_Vammala_15.12.25_3-758x569.jpeg\" alt=\"\" width=\"758\" height=\"569\"  \/><strong>Tilat n\u00e4ytt\u00e4v\u00e4t avarilta, vaikka asiakaspaikkoja on lis\u00e4tty.<\/strong><\/p>\n<p>Ravintolan tiloihin mahtuu nyt my\u00f6s enemm\u00e4n asiakkaita.<\/p>\n<p>\u201dAsiakaspaikkoja lis\u00e4ttiin kymmenell\u00e4, aiemmin niit\u00e4 oli 64, ja nyt 74\u201d, selvitt\u00e4\u00e4 Salmela.<br \/>Investoinnin kokonaisarvo laitteineen oli noin 200 000 euroa.<\/p>\n<p>Miten asiakkaat ovat suhtautuneet Hesen uuteen ilmeeseen?<\/p>\n<p>\u201dMaanantaip\u00e4iv\u00e4, kun ovet j\u00e4lleen avattiin, oli eritt\u00e4in vilkas. Monet tulivat uteliaina katsomaan, milt\u00e4 nyt remontin j\u00e4lkeen n\u00e4ytt\u00e4\u00e4. Kehuja ja positiivista palautetta tuli runsaasti, ja henkil\u00f6kunta kertoi useiden asiakkaiden viipyneen ravintolassa tavanomaista pidemp\u00e4\u00e4n. Ensipalautteen perusteella uudistus vaikuttaa siis olevan oikein onnistunut\u201d, iloitsee Salmela.<\/p>\n<p>Ketjulla on t\u00e4ll\u00e4 hetkell\u00e4 Sastamalassa kaksi ravintolaa, toinen niist\u00e4 sijaitsee Mouhij\u00e4rvell\u00e4 H\u00e4ij\u00e4\u00e4ss\u00e4.<\/p>\n<p>Torikeskuksen tiloihin Hesburger avattiin vuonna 2013.<\/p>\n<p><img loading=\"lazy\" decoding=\"async\" class=\"size-large wp-image-226160\" src=\"https:\/\/www.europesays.com\/fi\/wp-content\/uploads\/2025\/12\/Hesburger_Vammala_15.12.25_2-576x768.jpeg\" alt=\"\" width=\"576\" height=\"768\"  \/><strong>Lasten leikkipaikka on nyt keskell\u00e4 salia.<\/strong><br \/>\n<img loading=\"lazy\" decoding=\"async\" class=\"size-large wp-image-226163\" src=\"https:\/\/www.europesays.com\/fi\/wp-content\/uploads\/2025\/12\/Hesburger_Vammala_15.12.25_1-758x569.jpeg\" alt=\"\" width=\"758\" height=\"569\"  \/><strong>Remontilla haettiin toimivuutta ja viihtyisyytt\u00e4.<\/strong><br \/>\n<img loading=\"lazy\" decoding=\"async\" class=\"size-large wp-image-225281\" src=\"https:\/\/www.europesays.com\/fi\/wp-content\/uploads\/2025\/12\/Kuusi-kuusta-758x569.jpg\" alt=\"\" width=\"758\" height=\"569\"  \/><strong>Torikeskuksen katon alla on Hesburger on toiminut jo kaksitoista vuotta. <\/strong>Kuva: Alueviestin arkisto<\/p>\n","protected":false},"excerpt":{"rendered":"T\u00e4lt\u00e4 n\u00e4ytt\u00e4\u00e4 uusi ilme.\u00a0 Vammalan Torikeskuksen Hesburgerin remontti on valmistunut, ja asiakkaat ovat p\u00e4\u00e4sseet maanantaista l\u00e4htien ruokailemaan uudistuneisiin&hellip;\n","protected":false},"author":2,"featured_media":118174,"comment_status":"","ping_status":"","sticky":false,"template":"","format":"standard","meta":{"footnotes":""},"categories":[76],"tags":[79,77,33,31,30,32,78],"class_list":{"0":"post-118173","1":"post","2":"type-post","3":"status-publish","4":"format-standard","5":"has-post-thumbnail","7":"category-talous","8":"tag-business","9":"tag-economy","10":"tag-fi","11":"tag-finland","12":"tag-finnish","13":"tag-suomi","14":"tag-talous"},"share_on_mastodon":{"url":"https:\/\/pubeurope.com\/@fi\/115730944475759071","error":""},"_links":{"self":[{"href":"https:\/\/www.europesays.com\/fi\/wp-json\/wp\/v2\/posts\/118173","targetHints":{"allow":["GET"]}}],"collection":[{"href":"https:\/\/www.europesays.com\/fi\/wp-json\/wp\/v2\/posts"}],"about":[{"href":"https:\/\/www.europesays.com\/fi\/wp-json\/wp\/v2\/types\/post"}],"author":[{"embeddable":true,"href":"https:\/\/www.europesays.com\/fi\/wp-json\/wp\/v2\/users\/2"}],"replies":[{"embeddable":true,"href":"https:\/\/www.europesays.com\/fi\/wp-json\/wp\/v2\/comments?post=118173"}],"version-history":[{"count":0,"href":"https:\/\/www.europesays.com\/fi\/wp-json\/wp\/v2\/posts\/118173\/revisions"}],"wp:featuredmedia":[{"embeddable":true,"href":"https:\/\/www.europesays.com\/fi\/wp-json\/wp\/v2\/media\/118174"}],"wp:attachment":[{"href":"https:\/\/www.europesays.com\/fi\/wp-json\/wp\/v2\/media?parent=118173"}],"wp:term":[{"taxonomy":"category","embeddable":true,"href":"https:\/\/www.europesays.com\/fi\/wp-json\/wp\/v2\/categories?post=118173"},{"taxonomy":"post_tag","embeddable":true,"href":"https:\/\/www.europesays.com\/fi\/wp-json\/wp\/v2\/tags?post=118173"}],"curies":[{"name":"wp","href":"https:\/\/api.w.org\/{rel}","templated":true}]}}