{"id":118177,"date":"2025-12-16T19:41:09","date_gmt":"2025-12-16T19:41:09","guid":{"rendered":"https:\/\/www.europesays.com\/fi\/118177\/"},"modified":"2025-12-16T19:41:09","modified_gmt":"2025-12-16T19:41:09","slug":"mihin-suomi-tarvitsee-kalliita-havittajia-kun-ukrainassa-sotaa-kaydaan-drooneilla-asiantuntija-vastaa-kotimaa","status":"publish","type":"post","link":"https:\/\/www.europesays.com\/fi\/118177\/","title":{"rendered":"Mihin Suomi tarvitsee kalliita h\u00e4vitt\u00e4ji\u00e4, kun Ukrainassa sotaa k\u00e4yd\u00e4\u00e4n drooneilla? Asiantuntija vastaa | Kotimaa"},"content":{"rendered":"<p class=\"aw-1gybjub aw-5vja16 kEtdKx kmuxyA yle__article__paragraph\">Monitoimih\u00e4vitt\u00e4j\u00e4 on kuin lent\u00e4v\u00e4 silm\u00e4 taivaalla, joka v\u00e4litt\u00e4\u00e4 tietoa, sanoo Ylen haastattelema asiantuntija.<\/p>\n<p><img decoding=\"async\" alt=\"Suomen ensimm\u00e4inen F-35-h\u00e4vitt\u00e4j\u00e4 julkistettiin Forth Worthissa Yhdysvaltain Texasissa 16. joulukuuta 2025.\" src=\"https:\/\/www.europesays.com\/fi\/wp-content\/uploads\/2025\/12\/39-15709646941a119a2868.jpeg\" class=\"aw-1l9m598 hKVVvP\"\/><\/p>\n<p>Avaa kuvien katselu<\/p>\n<p>Suomen ensimm\u00e4inen F-35-h\u00e4vitt\u00e4j\u00e4 esiteltiin Teksasissa. Kuva: Lehtikuva \/ Lassi Lapintie<\/p>\n<p class=\"aw-1gybjub aw-1p7kakr kEtdKx cEmitX yle__article__paragraph\">Suomen uudet F-35-h\u00e4vitt\u00e4j\u00e4t <a class=\"aw-iao6s4 iHOxEa yle__article__link\" href=\"https:\/\/yle.fi\/a\/74-20200143\" role=\"link\" rel=\"nofollow noopener\" target=\"_blank\">esiteltiin<\/a> tiistaina Yhdysvalloissa. Uusi kalusto tulee ik\u00e4\u00e4ntyvien Hornet-h\u00e4vitt\u00e4jien tilalle.<\/p>\n<p class=\"aw-1gybjub aw-1p7kakr kEtdKx cEmitX yle__article__paragraph\">Kun hallitus p\u00e4\u00e4tti vuonna 2021 tilata Yhdysvalloista 64 h\u00e4vitt\u00e4j\u00e4\u00e4, niiden hinnaksi arvioitiin 10 miljardia euroa.<\/p>\n<p class=\"aw-1gybjub aw-1p7kakr kEtdKx cEmitX yle__article__paragraph\">Sen j\u00e4lkeen Ukrainassa <a class=\"aw-iao6s4 iHOxEa yle__article__link\" href=\"https:\/\/yle.fi\/a\/74-20166159\" role=\"link\" rel=\"nofollow noopener\" target=\"_blank\">droonit ovat mullistaneet sotimisen tavat<\/a>.<\/p>\n<p class=\"aw-1gybjub aw-1p7kakr kEtdKx cEmitX yle__article__paragraph\">Kysyimme alan asiantuntijalta, mihin Suomi tarvitsee miljardih\u00e4vitt\u00e4ji\u00e4, jos tulevaisuudessa sotia k\u00e4yd\u00e4\u00e4n drooneilla. Kysymyksiin vastasi Ilmatorjuntamuseon johtaja <strong class=\"aw-ak79eh KyCXm yle__article__strong\">Esa Kelloniemi<\/strong>. Kelloniemi on toiminut aiemmin ilmapuolustusteht\u00e4viss\u00e4 p\u00e4\u00e4esikunnassa.<\/p>\n<p class=\"aw-1gybjub aw-1p7kakr kEtdKx cEmitX yle__article__paragraph\"><strong class=\"aw-ak79eh KyCXm yle__article__strong\">1. Mit\u00e4 k\u00e4ytt\u00f6\u00e4 h\u00e4vitt\u00e4j\u00e4ll\u00e4 on tulevaisuuden sodank\u00e4ynniss\u00e4?<\/strong><\/p>\n<p class=\"aw-1gybjub aw-1p7kakr kEtdKx cEmitX yle__article__paragraph\">H\u00e4vitt\u00e4j\u00e4t eiv\u00e4t ole kadonneet, vaikka droonisodasta puhutaan. Sek\u00e4 Ven\u00e4j\u00e4 ett\u00e4 Ukraina tarvitsevat ja k\u00e4ytt\u00e4v\u00e4t ilmavoimia Ukrainan sodassa.<\/p>\n<p class=\"aw-1gybjub aw-1p7kakr kEtdKx cEmitX yle__article__paragraph\">Molemmat maat k\u00e4ytt\u00e4v\u00e4t pommikoneita ja h\u00e4vitt\u00e4ji\u00e4. T\u00e4m\u00e4n osoittavat isot tappioluvutkin.<\/p>\n<p class=\"aw-1gybjub aw-1p7kakr kEtdKx cEmitX yle__article__paragraph\">Ukrainakin on arvellut tilaavansa muun muassa yli 150 Gripen-h\u00e4vitt\u00e4j\u00e4\u00e4 Ruotsista. Kyll\u00e4 siell\u00e4 edelleen h\u00e4vitt\u00e4ji\u00e4 tarvitaan ja kehitet\u00e4\u00e4n.<\/p>\n<p class=\"aw-1gybjub aw-1p7kakr kEtdKx cEmitX yle__article__paragraph\">Drooneilla ja h\u00e4vitt\u00e4jill\u00e4 on eri teht\u00e4v\u00e4t.<\/p>\n<p class=\"aw-1gybjub aw-1p7kakr kEtdKx cEmitX yle__article__paragraph\"><strong class=\"aw-ak79eh KyCXm yle__article__strong\">2. Voiko olla mahdollista, ett\u00e4 Suomi tekee v\u00e4\u00e4r\u00e4n ja kalliin p\u00e4\u00e4t\u00f6ksen hankkiessaan h\u00e4vitt\u00e4j\u00e4t?<\/strong><\/p>\n<p class=\"aw-1gybjub aw-1p7kakr kEtdKx cEmitX yle__article__paragraph\">Aina voi sanoa, ett\u00e4 historia tulee my\u00f6hemmin kertomaan. Tulevaisuudessa selvi\u00e4\u00e4, ovatko p\u00e4\u00e4t\u00f6kset ja painotukset oikeita suhteessa sotatekniikan kehitykseen.<\/p>\n<p class=\"aw-1gybjub aw-1p7kakr kEtdKx cEmitX yle__article__paragraph\">Teko\u00e4ly- ja konesodan kehitys ei pys\u00e4hdy. Vaikea ennustaa.<\/p>\n<p class=\"aw-1gybjub aw-1p7kakr kEtdKx cEmitX yle__article__paragraph\"><strong class=\"aw-ak79eh KyCXm yle__article__strong\">3. Miksi h\u00e4vitt\u00e4j\u00e4t ovat maanpuolustukselle niin t\u00e4rkeit\u00e4?<\/strong><\/p>\n<p class=\"aw-1gybjub aw-1p7kakr kEtdKx cEmitX yle__article__paragraph\">Suomella on my\u00f6s rauhanajan tarpeita. H\u00e4vitt\u00e4j\u00e4t valvovat Suomen ilmatilaa ja tarkkailevat ilmatilan loukkauksia. H\u00e4vitt\u00e4j\u00e4 l\u00e4htee liikenteeseen, kun ilmatilaa loukataan. Loukkauksia tapahtuu toistuvasti.<\/p>\n<p class=\"aw-1gybjub aw-1p7kakr kEtdKx cEmitX yle__article__paragraph\">Meill\u00e4 pit\u00e4\u00e4 olla kyky reagoida ja osoittaa, ett\u00e4 me puolustamme aluettamme.<\/p>\n<p class=\"aw-1gybjub aw-1p7kakr kEtdKx cEmitX yle__article__paragraph\">Poikkeusoloissa tietysti tarvitaan h\u00e4vitt\u00e4j\u00e4torjunta. H\u00e4vitt\u00e4j\u00e4t tukevat maa- ja merivoimien taistelua ilma- ja tulisuojalla.<\/p>\n<p>Suomen uusi monitoimih\u00e4vitt\u00e4j\u00e4 esiteltiin tiistaina Texasissa Yhdysvalloissa. Video: Jani Saikko<\/p>\n<p class=\"aw-1gybjub aw-1p7kakr kEtdKx cEmitX yle__article__paragraph\"><strong class=\"aw-ak79eh KyCXm yle__article__strong\">4. Mit\u00e4 hyvi\u00e4 ominaisuuksia amerikkalaisilla F-35A-h\u00e4vitt\u00e4jill\u00e4 on?<\/strong><\/p>\n<p class=\"aw-1gybjub aw-1p7kakr kEtdKx cEmitX yle__article__paragraph\">Niill\u00e4 on niin sanottu h\u00e4iveominaisuus. Se tarkoittaa, ett\u00e4 vihollisen on niit\u00e4 eritt\u00e4in vaikea havaita.<\/p>\n<p class=\"aw-1gybjub aw-1p7kakr kEtdKx cEmitX yle__article__paragraph\">F-35A on lent\u00e4v\u00e4 tietokone tai tietokeskus. Se yhdist\u00e4\u00e4 automaattisesti tutkalta ja erilaisilta kameroilta saatua tietoa. H\u00e4vitt\u00e4jiss\u00e4 on elektronisia tiedustelusensoreita, jotka se yhdist\u00e4\u00e4 reaaliajassa saamansa tiedon tarvitsijoille.<\/p>\n<p class=\"aw-1gybjub aw-1p7kakr kEtdKx cEmitX yle__article__paragraph\">Tietoa voivat k\u00e4ytt\u00e4\u00e4 johtamisj\u00e4rjestelm\u00e4ss\u00e4 ilma-, maa- ja merivoimat. Se on ik\u00e4\u00e4n kuin lent\u00e4v\u00e4 silm\u00e4 tuolla taivaalla.<\/p>\n<p class=\"aw-1gybjub aw-1p7kakr kEtdKx cEmitX yle__article__paragraph\">T\u00e4rkein ominaisuus on F-35:n monipuolinen asej\u00e4rjestelm\u00e4. Siin\u00e4 on tutkas\u00e4teilyyn hakeutuvat ohjukset, jotka hakeutuvat tutkien l\u00e4hett\u00e4m\u00e4\u00e4n s\u00e4teilyyn ja tuhoavat tutkan ja sen l\u00e4hell\u00e4 olevan kaluston, sek\u00e4 ilmasta maahan laukaistavat kaukovaikutteiset t\u00e4sm\u00e4aseet. Mukana on uusin versio AMRAAM-ilmataisteluohjuksesta.<\/p>\n<p class=\"aw-1gybjub aw-1p7kakr kEtdKx cEmitX yle__article__paragraph\">F-35:ll\u00e4 on nykyist\u00e4 j\u00e4rjestelm\u00e4\u00e4 huomattavasti parempi kyky tukea maa- ja merivoimien taistelua.<\/p>\n","protected":false},"excerpt":{"rendered":"Monitoimih\u00e4vitt\u00e4j\u00e4 on kuin lent\u00e4v\u00e4 silm\u00e4 taivaalla, joka v\u00e4litt\u00e4\u00e4 tietoa, sanoo Ylen haastattelema asiantuntija. Avaa kuvien katselu Suomen ensimm\u00e4inen&hellip;\n","protected":false},"author":2,"featured_media":118178,"comment_status":"","ping_status":"","sticky":false,"template":"","format":"standard","meta":{"footnotes":""},"categories":[12],"tags":[22,23,26,27,33,31,30,21446,4708,17,4711,4707,71,24,25,782,28,29,15,18,21,4097,10789,32,19,20,16,619],"class_list":{"0":"post-118177","1":"post","2":"type-post","3":"status-publish","4":"format-standard","5":"has-post-thumbnail","7":"category-suomi","8":"tag-breaking-news","9":"tag-breakingnews","10":"tag-featured-news","11":"tag-featurednews","12":"tag-fi","13":"tag-finland","14":"tag-finnish","15":"tag-havittajahankinnat","16":"tag-havittajat","17":"tag-headlines","18":"tag-hornet-havittajat","19":"tag-ilmavoimat","20":"tag-kotimaa","21":"tag-latest-news","22":"tag-latestnews","23":"tag-maanpuolustus","24":"tag-main-news","25":"tag-mainnews","26":"tag-news","27":"tag-otsikot","28":"tag-paauutiset","29":"tag-puolustusvoimat","30":"tag-sotilaslentokoneet","31":"tag-suomi","32":"tag-top-stories","33":"tag-topstories","34":"tag-uutiset","35":"tag-yhdysvallat"},"share_on_mastodon":{"url":"https:\/\/pubeurope.com\/@fi\/115730952005406774","error":""},"_links":{"self":[{"href":"https:\/\/www.europesays.com\/fi\/wp-json\/wp\/v2\/posts\/118177","targetHints":{"allow":["GET"]}}],"collection":[{"href":"https:\/\/www.europesays.com\/fi\/wp-json\/wp\/v2\/posts"}],"about":[{"href":"https:\/\/www.europesays.com\/fi\/wp-json\/wp\/v2\/types\/post"}],"author":[{"embeddable":true,"href":"https:\/\/www.europesays.com\/fi\/wp-json\/wp\/v2\/users\/2"}],"replies":[{"embeddable":true,"href":"https:\/\/www.europesays.com\/fi\/wp-json\/wp\/v2\/comments?post=118177"}],"version-history":[{"count":0,"href":"https:\/\/www.europesays.com\/fi\/wp-json\/wp\/v2\/posts\/118177\/revisions"}],"wp:featuredmedia":[{"embeddable":true,"href":"https:\/\/www.europesays.com\/fi\/wp-json\/wp\/v2\/media\/118178"}],"wp:attachment":[{"href":"https:\/\/www.europesays.com\/fi\/wp-json\/wp\/v2\/media?parent=118177"}],"wp:term":[{"taxonomy":"category","embeddable":true,"href":"https:\/\/www.europesays.com\/fi\/wp-json\/wp\/v2\/categories?post=118177"},{"taxonomy":"post_tag","embeddable":true,"href":"https:\/\/www.europesays.com\/fi\/wp-json\/wp\/v2\/tags?post=118177"}],"curies":[{"name":"wp","href":"https:\/\/api.w.org\/{rel}","templated":true}]}}