{"id":118185,"date":"2025-12-16T20:01:09","date_gmt":"2025-12-16T20:01:09","guid":{"rendered":"https:\/\/www.europesays.com\/fi\/118185\/"},"modified":"2025-12-16T20:01:09","modified_gmt":"2025-12-16T20:01:09","slug":"mikko-rantasen-toytaisema-tahtimaalivahti-poissa-peleista-ainakin-viikon-urheilua-lyhyesti","status":"publish","type":"post","link":"https:\/\/www.europesays.com\/fi\/118185\/","title":{"rendered":"Mikko Rantasen t\u00f6yt\u00e4isem\u00e4 t\u00e4htimaalivahti poissa peleist\u00e4 ainakin viikon | Urheilua lyhyesti"},"content":{"rendered":"<p class=\"aw-1gybjub aw-5vja16 kEtdKx kmuxyA yle__article__paragraph\">LA Kingsin loukkaantuneiden listalle lis\u00e4\u00e4m\u00e4n Darcy Kuemperin tilalle kokoonpanoon nousee AHL:ss\u00e4 t\u00e4ll\u00e4 kaudella pelannut Pheonix Copley.<\/p>\n<p><img decoding=\"async\" alt=\"Mikko Rantanen st\u00e5r fram\u00e5tlutad och kollar hur det \u00e4r med Darcy Kuemper som ligger p\u00e5 isen.\" src=\"https:\/\/www.europesays.com\/fi\/wp-content\/uploads\/2025\/12\/39-15704046940ed940b557.jpeg\" class=\"aw-1l9m598 hKVVvP\"\/><\/p>\n<p>Avaa kuvien katselu<\/p>\n<p>Rantanen osui olkavarrellaan maalivahti Darcy Kuemperia p\u00e4\u00e4h\u00e4n ja h\u00e4n joutui t\u00e4m\u00e4n j\u00e4lkeen j\u00e4tt\u00e4m\u00e4\u00e4n pelin kesken. Kuva: Jerome Miron-Imagn Images<\/p>\n<p class=\"aw-1gybjub aw-1p7kakr kEtdKx cEmitX yle__article__paragraph\">Los Angeles Kingsin maalivahti <strong class=\"aw-ak79eh KyCXm yle__article__strong\">Darcy Kuemper<\/strong> on pantu loukkaantuneiden listalle j\u00e4\u00e4kiekon NHL:ss\u00e4.<\/p>\n<p class=\"aw-1gybjub aw-1p7kakr kEtdKx cEmitX yle__article__paragraph\">Seura tiedottaa viestipalvelu X:ss\u00e4, ett\u00e4 h\u00e4nen tilalleen kokoonpanoon on nostettu AHL:n Ontario Reignin joukkueessa pelaava <strong class=\"aw-ak79eh KyCXm yle__article__strong\">Pheonix Copley<\/strong>.<\/p>\n<p class=\"aw-1gybjub aw-1p7kakr kEtdKx cEmitX yle__article__paragraph\">Kuemperin paluusta tositoimiin ei ole t\u00e4ll\u00e4 hetkell\u00e4 tietoa. Uutistoimisto Reutersin mukaan h\u00e4n on poissa kokoonpanosta ainakin viikon ajan.<\/p>\n<p class=\"aw-1gybjub aw-1p7kakr kEtdKx cEmitX yle__article__paragraph\">Kanadan maalivahtit\u00e4hti Kuemper sai iskun p\u00e4\u00e4h\u00e4ns\u00e4, kun suomalaishy\u00f6kk\u00e4\u00e4j\u00e4 <strong class=\"aw-ak79eh KyCXm yle__article__strong\">Mikko Rantanen<\/strong> t\u00f6rm\u00e4si h\u00e4neen tiistain vastaisena y\u00f6n\u00e4 Suomen aikaa pelatussa ottelussa.<\/p>\n<p class=\"aw-1gybjub aw-1p7kakr kEtdKx cEmitX yle__article__paragraph\">Dallas Starsin Rantanen kamppaili maalin edess\u00e4 Kings-pakki <strong class=\"aw-ak79eh KyCXm yle__article__strong\">Brian Dumoulinin<\/strong> kanssa. Rantanen osui olkavarrellaan maalivahti Darcy Kuemperia p\u00e4\u00e4h\u00e4n ja h\u00e4n joutui t\u00e4m\u00e4n j\u00e4lkeen j\u00e4tt\u00e4m\u00e4\u00e4n pelin kesken.<\/p>\n<p class=\"aw-1gybjub aw-1p7kakr kEtdKx cEmitX yle__article__paragraph\">Rantanen pahoitteli tilannetta heti Kuemperille, jonka kanssa juhli Stanley Cupia Coloradossa kes\u00e4ll\u00e4 2022.<\/p>\n<p class=\"aw-1gybjub aw-1p7kakr kEtdKx cEmitX yle__article__paragraph\">Kuemper oli tilanteessa hieman maalivahdinalueen ulkopuolella, eik\u00e4 Rantanen saanut j\u00e4\u00e4hy\u00e4, mutta tilanteessa syntynyt maali hyl\u00e4ttiin.<\/p>\n<p class=\"aw-1gybjub aw-1p7kakr kEtdKx cEmitX yle__article__paragraph\">Joka tapauksessa t\u00f6rm\u00e4ys kuumensi tunteita niin sosiaalisessa mediassa kuin ottelun aikana j\u00e4\u00e4ll\u00e4kin. Kyseess\u00e4 ei ole ensimm\u00e4inen kerta t\u00e4ll\u00e4 kaudella, kun Rantasen t\u00f6rm\u00e4ilyt tai taklaukset ovat aiheuttaneet h\u00e4mmennyst\u00e4.<\/p>\n<p class=\"aw-1gybjub aw-1p7kakr kEtdKx cEmitX yle__article__paragraph\">Rantanen johtaa NHL:n j\u00e4\u00e4hyp\u00f6rssi\u00e4 67 minuutillaan <a class=\"aw-iao6s4 iHOxEa yle__article__link\" href=\"https:\/\/yle.fi\/a\/74-20195705\" role=\"link\" rel=\"nofollow noopener\" target=\"_blank\">ja sai marraskuussa saman viikon aikana<\/a> kaksi ulosajoa laitataklauksista.<\/p>\n<p class=\"aw-1gybjub aw-1p7kakr kEtdKx cEmitX yle__article__paragraph\">35-vuotias Kuemper kuuluu NHL:n maalivahtien parhaimmistoon. H\u00e4n on t\u00e4ll\u00e4 hetkell\u00e4 maalivahtip\u00f6rssin yhdeks\u00e4nten\u00e4. H\u00e4nen torjuntaprosenttinsa on 91,7.<\/p>\n<p class=\"aw-1gybjub aw-1p7kakr kEtdKx cEmitX yle__article__paragraph\">Reuters<\/p>\n","protected":false},"excerpt":{"rendered":"LA Kingsin loukkaantuneiden listalle lis\u00e4\u00e4m\u00e4n Darcy Kuemperin tilalle kokoonpanoon nousee AHL:ss\u00e4 t\u00e4ll\u00e4 kaudella pelannut Pheonix Copley. Avaa kuvien&hellip;\n","protected":false},"author":2,"featured_media":118186,"comment_status":"","ping_status":"","sticky":false,"template":"","format":"standard","meta":{"footnotes":""},"categories":[158],"tags":[21447,33,31,30,1143,5136,1697,21448,159,32,160],"class_list":{"0":"post-118185","1":"post","2":"type-post","3":"status-publish","4":"format-standard","5":"has-post-thumbnail","7":"category-urheilu","8":"tag-darcy-kuemper","9":"tag-fi","10":"tag-finland","11":"tag-finnish","12":"tag-jaakiekko","13":"tag-mikko-rantanen","14":"tag-nhl","15":"tag-pheonix-copley","16":"tag-sports","17":"tag-suomi","18":"tag-urheilu"},"share_on_mastodon":{"url":"https:\/\/pubeurope.com\/@fi\/115731030819725688","error":""},"_links":{"self":[{"href":"https:\/\/www.europesays.com\/fi\/wp-json\/wp\/v2\/posts\/118185","targetHints":{"allow":["GET"]}}],"collection":[{"href":"https:\/\/www.europesays.com\/fi\/wp-json\/wp\/v2\/posts"}],"about":[{"href":"https:\/\/www.europesays.com\/fi\/wp-json\/wp\/v2\/types\/post"}],"author":[{"embeddable":true,"href":"https:\/\/www.europesays.com\/fi\/wp-json\/wp\/v2\/users\/2"}],"replies":[{"embeddable":true,"href":"https:\/\/www.europesays.com\/fi\/wp-json\/wp\/v2\/comments?post=118185"}],"version-history":[{"count":0,"href":"https:\/\/www.europesays.com\/fi\/wp-json\/wp\/v2\/posts\/118185\/revisions"}],"wp:featuredmedia":[{"embeddable":true,"href":"https:\/\/www.europesays.com\/fi\/wp-json\/wp\/v2\/media\/118186"}],"wp:attachment":[{"href":"https:\/\/www.europesays.com\/fi\/wp-json\/wp\/v2\/media?parent=118185"}],"wp:term":[{"taxonomy":"category","embeddable":true,"href":"https:\/\/www.europesays.com\/fi\/wp-json\/wp\/v2\/categories?post=118185"},{"taxonomy":"post_tag","embeddable":true,"href":"https:\/\/www.europesays.com\/fi\/wp-json\/wp\/v2\/tags?post=118185"}],"curies":[{"name":"wp","href":"https:\/\/api.w.org\/{rel}","templated":true}]}}