{"id":118190,"date":"2025-12-16T20:06:07","date_gmt":"2025-12-16T20:06:07","guid":{"rendered":"https:\/\/www.europesays.com\/fi\/118190\/"},"modified":"2025-12-16T20:06:07","modified_gmt":"2025-12-16T20:06:07","slug":"napa-alueiden-ilmasto-lammennyt-ennatyksellisen-nopeasti-uutisia-lyhyesti","status":"publish","type":"post","link":"https:\/\/www.europesays.com\/fi\/118190\/","title":{"rendered":"Napa-alueiden ilmasto l\u00e4mmennyt enn\u00e4tyksellisen nopeasti | Uutisia lyhyesti"},"content":{"rendered":"<p class=\"aw-1gybjub aw-5vja16 kEtdKx kmuxyA yle__article__paragraph\">L\u00e4mpeneminen on alkanut kiihdytt\u00e4\u00e4 itse itse\u00e4\u00e4n.<\/p>\n<p class=\"aw-1gybjub aw-1p7kakr kEtdKx cEmitX yle__article__paragraph\">Pohjoisen napa-alueen ilmasto oli lokakuusta 2024 syyskuuhun 2025 ulottuvalla mittausjaksolla mittaushistorian l\u00e4mpimin, kertoo Yhdysvaltain s\u00e4\u00e4- ja valtamerentutkimusorganisaatio NOAA <a class=\"aw-iao6s4 iHOxEa yle__article__link\" href=\"https:\/\/arctic.noaa.gov\/report-card\/report-card-2025\/\" role=\"link\" rel=\"nofollow noopener\" target=\"_blank\">vuosiraportissaan<\/a>.<\/p>\n<p class=\"aw-1gybjub aw-1p7kakr kEtdKx cEmitX yle__article__paragraph\">Mittaushistoria alkaa vuodesta 1900.<\/p>\n<p class=\"aw-1gybjub aw-1p7kakr kEtdKx cEmitX yle__article__paragraph\">NOAA:n mukaan keskil\u00e4mp\u00f6tila oli 1,60 astetta korkeampi kuin vuosien 1991 \u2013 2020 vertailujaksolla.<\/p>\n<p class=\"aw-1gybjub aw-1p7kakr kEtdKx cEmitX yle__article__paragraph\">Raportin p\u00e4\u00e4kirjoittaja ja Alaskan yliopiston tutkija <strong class=\"aw-ak79eh KyCXm yle__article__strong\">Tom Bellinger<\/strong> pit\u00e4\u00e4 alueen nopeaa l\u00e4mpenemist\u00e4 \u201dehdottoman h\u00e4lytt\u00e4v\u00e4n\u00e4 ja mahdollisesti ennenn\u00e4kem\u00e4tt\u00f6m\u00e4n\u00e4 tuhansiin vuosiin\u201d.<\/p>\n<p class=\"aw-1gybjub aw-1p7kakr kEtdKx cEmitX yle__article__paragraph\">Napa-alue l\u00e4mpenee ihmisen aiheuttaman ilmastonmuutoksen seurauksena. Napa-alueilla monet takaisinkytkenn\u00e4t viel\u00e4 saavat l\u00e4mpenemisen kiihdytt\u00e4m\u00e4\u00e4n itse itse\u00e4\u00e4n, NOAA toteaa.<\/p>\n<p class=\"aw-1gybjub aw-1p7kakr kEtdKx cEmitX yle__article__paragraph\">Nouseva l\u00e4mp\u00f6tila voimistaa veden haihtumista ilmakeh\u00e4\u00e4n, jolloin pilvet toimivat kuin peitto ja est\u00e4v\u00e4t l\u00e4mm\u00f6n vapautumisen avaruuteen. Lis\u00e4ksi j\u00e4\u00e4peitteen katoaminen v\u00e4hent\u00e4\u00e4 auringons\u00e4teilyn heijastumista. Sula vesi imee itseens\u00e4 enemm\u00e4n l\u00e4mp\u00f6\u00e4 kuin j\u00e4\u00e4.<\/p>\n<p class=\"aw-1gybjub aw-1p7kakr kEtdKx cEmitX yle__article__paragraph\">L\u00e4hde: AFP<\/p>\n","protected":false},"excerpt":{"rendered":"L\u00e4mpeneminen on alkanut kiihdytt\u00e4\u00e4 itse itse\u00e4\u00e4n. Pohjoisen napa-alueen ilmasto oli lokakuusta 2024 syyskuuhun 2025 ulottuvalla mittausjaksolla mittaushistorian l\u00e4mpimin,&hellip;\n","protected":false},"author":2,"featured_media":74,"comment_status":"","ping_status":"","sticky":false,"template":"","format":"standard","meta":{"footnotes":""},"categories":[14],"tags":[4065,22,23,26,27,33,31,30,17,1096,1776,21450,21449,1423,24,25,28,29,7920,15,18,21,32,119,19,20,56,16,59,60,61],"class_list":{"0":"post-118190","1":"post","2":"type-post","3":"status-publish","4":"format-standard","5":"has-post-thumbnail","7":"category-ulkomaat","8":"tag-arktinen-alue","9":"tag-breaking-news","10":"tag-breakingnews","11":"tag-featured-news","12":"tag-featurednews","13":"tag-fi","14":"tag-finland","15":"tag-finnish","16":"tag-headlines","17":"tag-ilmasto","18":"tag-ilmastonmuutos","19":"tag-jaatikot","20":"tag-kasvihuoneilmio","21":"tag-lampotila","22":"tag-latest-news","23":"tag-latestnews","24":"tag-main-news","25":"tag-mainnews","26":"tag-napa-alueet","27":"tag-news","28":"tag-otsikot","29":"tag-paauutiset","30":"tag-suomi","31":"tag-tiede","32":"tag-top-stories","33":"tag-topstories","34":"tag-ulkomaat","35":"tag-uutiset","36":"tag-world","37":"tag-world-news","38":"tag-worldnews"},"share_on_mastodon":{"url":"https:\/\/pubeurope.com\/@fi\/115731050306320495","error":""},"_links":{"self":[{"href":"https:\/\/www.europesays.com\/fi\/wp-json\/wp\/v2\/posts\/118190","targetHints":{"allow":["GET"]}}],"collection":[{"href":"https:\/\/www.europesays.com\/fi\/wp-json\/wp\/v2\/posts"}],"about":[{"href":"https:\/\/www.europesays.com\/fi\/wp-json\/wp\/v2\/types\/post"}],"author":[{"embeddable":true,"href":"https:\/\/www.europesays.com\/fi\/wp-json\/wp\/v2\/users\/2"}],"replies":[{"embeddable":true,"href":"https:\/\/www.europesays.com\/fi\/wp-json\/wp\/v2\/comments?post=118190"}],"version-history":[{"count":0,"href":"https:\/\/www.europesays.com\/fi\/wp-json\/wp\/v2\/posts\/118190\/revisions"}],"wp:featuredmedia":[{"embeddable":true,"href":"https:\/\/www.europesays.com\/fi\/wp-json\/wp\/v2\/media\/74"}],"wp:attachment":[{"href":"https:\/\/www.europesays.com\/fi\/wp-json\/wp\/v2\/media?parent=118190"}],"wp:term":[{"taxonomy":"category","embeddable":true,"href":"https:\/\/www.europesays.com\/fi\/wp-json\/wp\/v2\/categories?post=118190"},{"taxonomy":"post_tag","embeddable":true,"href":"https:\/\/www.europesays.com\/fi\/wp-json\/wp\/v2\/tags?post=118190"}],"curies":[{"name":"wp","href":"https:\/\/api.w.org\/{rel}","templated":true}]}}