{"id":118195,"date":"2025-12-16T20:20:08","date_gmt":"2025-12-16T20:20:08","guid":{"rendered":"https:\/\/www.europesays.com\/fi\/118195\/"},"modified":"2025-12-16T20:20:08","modified_gmt":"2025-12-16T20:20:08","slug":"palaako-jack-nicholson-valkokankaille-15-vuoden-tauon-jalkeen","status":"publish","type":"post","link":"https:\/\/www.europesays.com\/fi\/118195\/","title":{"rendered":"Palaako Jack Nicholson valkokankaille 15 vuoden tauon j\u00e4lkeen?"},"content":{"rendered":"<p>Oscar-voittaja<strong> James L. Brooks<\/strong> on paljastanut mielenkiintoisen tiedot 15 vuotta sitten el\u00e4k\u00f6ityneest\u00e4<strong> Jack Nicholsonista.<\/strong><\/p>\n<p>Nicholsonin viimeisimm\u00e4ksi j\u00e4\u00e4nyt elokuva oli rajusti flopannut romanttinen komedia How Do You Know.<\/p>\n<p>Lue my\u00f6s: <a href=\"https:\/\/www.episodi.fi\/uutiset\/tiesitko-tata-clint-eastwoodin-piti-tahdittaa-tim-burtonin-kauhuleffaa\/\" title=\"Tiesitk\u00f6 t\u00e4t\u00e4? Clint Eastwoodin piti t\u00e4hditt\u00e4\u00e4 Tim Burtonin kauhuleffaa\" class=\"underline-custom !font-montserrat !font-bold !underline-offset-4 !decoration-4 !decoration-episodi-blue !text-md\" rel=\"nofollow noopener\" target=\"_blank\">Tiesitk\u00f6 t\u00e4t\u00e4? Clint Eastwoodin piti t\u00e4hditt\u00e4\u00e4 Tim Burtonin kauhuleffaa<\/a><\/p>\n<p>Lue my\u00f6s: <a href=\"https:\/\/www.episodi.fi\/uutiset\/uusi-disney-leffa-sai-vuoden-brutaaleimman-vastaanoton-mukana-myos-jamie-lee-curtis\/\" title=\"Uusi Disney-leffa sai vuoden brutaaleimman vastaanoton \u2013 mukana my\u00f6s Jamie Lee Curtis\" class=\"underline-custom !font-montserrat !font-bold !underline-offset-4 !decoration-4 !decoration-episodi-blue !text-md\" rel=\"nofollow noopener\" target=\"_blank\">Uusi Disney-leffa sai vuoden brutaaleimman vastaanoton \u2013 mukana my\u00f6s Jamie Lee Curtis<\/a><\/p>\n<p>Nicholson ja Brooks ovat elinik\u00e4isi\u00e4 yst\u00e4vi\u00e4 ja he ovat tehneet yhdess\u00e4 nelj\u00e4 elokuvaa, mukaan lukien yll\u00e4 mainittu floppi.<\/p>\n<p>Brooks oli People-lehden vieraana, jossa h\u00e4n puhui my\u00f6s Nicholsonista.<\/p>\n<p>\u2013 En usko, ett\u00e4 h\u00e4n lopetti. H\u00e4nelle on l\u00e4hetetty k\u00e4sikirjoituksia ja h\u00e4n lukee niit\u00e4. Uskon vakaasti, ett\u00e4 tulemme n\u00e4kem\u00e4\u00e4n h\u00e4net viel\u00e4, Brooks kertoi.<\/p>\n<p>\u2013 H\u00e4n on sukupolvensa hienoin n\u00e4yttelij\u00e4.<\/p>\n<p>88-vuotias Nicholson ei ole lopettanut virallisesti n\u00e4yttelemist\u00e4. H\u00e4n vain \u201dkatosi\u201d.<\/p>\n<p>L\u00e4hde: <a href=\"http:\/\/creenrant.com\/jack-nicholson-acting-return-james-brooks-response\" target=\"_blank\" rel=\"noreferrer noopener nofollow\">Screen Rant<\/a><\/p>\n<p>Lue my\u00f6s: <a href=\"https:\/\/www.episodi.fi\/uutiskirje\/?uutiskirjemainos=tekstilinkkimainos\" title=\"Tilaa Episodin uutiskirje ja voit voittaa leffalippuja! Nappaa tv-vinkit suoraan s\u00e4hk\u00f6postiin t\u00e4st\u00e4.\" class=\"underline-custom !font-montserrat !font-bold !underline-offset-4 !decoration-4 !decoration-episodi-blue !text-md\" rel=\"nofollow noopener\" target=\"_blank\">Tilaa Episodin uutiskirje ja voit voittaa leffalippuja! Nappaa katseluvinkit suoraan s\u00e4hk\u00f6postiin t\u00e4st\u00e4.<\/a><\/p>\n","protected":false},"excerpt":{"rendered":"Oscar-voittaja James L. Brooks on paljastanut mielenkiintoisen tiedot 15 vuotta sitten el\u00e4k\u00f6ityneest\u00e4 Jack Nicholsonista. Nicholsonin viimeisimm\u00e4ksi j\u00e4\u00e4nyt elokuva&hellip;\n","protected":false},"author":2,"featured_media":118196,"comment_status":"","ping_status":"","sticky":false,"template":"","format":"standard","meta":{"footnotes":""},"categories":[136],"tags":[407,3379,137,33,31,30,18183,21125,408,32,109],"class_list":{"0":"post-118195","1":"post","2":"type-post","3":"status-publish","4":"format-standard","5":"has-post-thumbnail","7":"category-julkkikset","8":"tag-celebrities","9":"tag-elake","10":"tag-entertainment","11":"tag-fi","12":"tag-finland","13":"tag-finnish","14":"tag-jack-nicholson","15":"tag-james-l-brooks","16":"tag-julkkikset","17":"tag-suomi","18":"tag-viihde"},"share_on_mastodon":{"url":"https:\/\/pubeurope.com\/@fi\/115731105297757550","error":""},"_links":{"self":[{"href":"https:\/\/www.europesays.com\/fi\/wp-json\/wp\/v2\/posts\/118195","targetHints":{"allow":["GET"]}}],"collection":[{"href":"https:\/\/www.europesays.com\/fi\/wp-json\/wp\/v2\/posts"}],"about":[{"href":"https:\/\/www.europesays.com\/fi\/wp-json\/wp\/v2\/types\/post"}],"author":[{"embeddable":true,"href":"https:\/\/www.europesays.com\/fi\/wp-json\/wp\/v2\/users\/2"}],"replies":[{"embeddable":true,"href":"https:\/\/www.europesays.com\/fi\/wp-json\/wp\/v2\/comments?post=118195"}],"version-history":[{"count":0,"href":"https:\/\/www.europesays.com\/fi\/wp-json\/wp\/v2\/posts\/118195\/revisions"}],"wp:featuredmedia":[{"embeddable":true,"href":"https:\/\/www.europesays.com\/fi\/wp-json\/wp\/v2\/media\/118196"}],"wp:attachment":[{"href":"https:\/\/www.europesays.com\/fi\/wp-json\/wp\/v2\/media?parent=118195"}],"wp:term":[{"taxonomy":"category","embeddable":true,"href":"https:\/\/www.europesays.com\/fi\/wp-json\/wp\/v2\/categories?post=118195"},{"taxonomy":"post_tag","embeddable":true,"href":"https:\/\/www.europesays.com\/fi\/wp-json\/wp\/v2\/tags?post=118195"}],"curies":[{"name":"wp","href":"https:\/\/api.w.org\/{rel}","templated":true}]}}