{"id":118203,"date":"2025-12-16T20:32:09","date_gmt":"2025-12-16T20:32:09","guid":{"rendered":"https:\/\/www.europesays.com\/fi\/118203\/"},"modified":"2025-12-16T20:32:09","modified_gmt":"2025-12-16T20:32:09","slug":"taman-takia-trump-ryopyttaa-euta","status":"publish","type":"post","link":"https:\/\/www.europesays.com\/fi\/118203\/","title":{"rendered":"T\u00e4m\u00e4n takia Trump ry\u00f6pytt\u00e4\u00e4 EU:ta"},"content":{"rendered":"<p>Trumpin hallinto haluaa est\u00e4\u00e4 EU:ta kasvamasta liian voimakkaaksi, arvioi puolustuskomissaari Andrius Kubilius.<\/p>\n<p><img decoding=\"async\" class=\"image image-show image-preview\" src=\"https:\/\/www.europesays.com\/fi\/wp-content\/uploads\/2025\/12\/9ddfd913aecfbe08b08d8cf77291c10f9a930527982775309c0b074370b4da09.jpg\" alt=\"\"\/><img decoding=\"async\" class=\"image image-show\" src=\"https:\/\/www.europesays.com\/fi\/wp-content\/uploads\/2025\/12\/1765917128_97_9ddfd913aecfbe08b08d8cf77291c10f9a930527982775309c0b074370b4da09.jpg\" alt=\"\"\/><\/p>\n<p>Donald Trumpin hallinto on huolissaan EU:n yhten\u00e4isyydest\u00e4, sanoo EU:n puolustuskomissaari. EPA \/ AOP<\/p>\n<p class=\"paragraph\">Yhdysvaltain presidentti <a href=\"https:\/\/www.iltalehti.fi\/henkilot\/Donald Trump\" class=\"article-link-person-page\" rel=\"nofollow noopener\" target=\"_blank\">Donald Trumpin<\/a> hallinto pyrkii hajottamaan Euroopan unionin yhten\u00e4isyytt\u00e4, koska Yhdysvallat pelk\u00e4\u00e4 EU:n kasvavan alueellisesti liian voimakkaaksi vallank\u00e4ytt\u00e4j\u00e4ksi, kuten Kiina.<\/p>\n<p class=\"paragraph\">N\u00e4in sanoo Suomessa vieraileva EU:n puolustuskomissaari <a href=\"https:\/\/www.iltalehti.fi\/henkilot\/Andrius Kubilius\" class=\"article-link-person-page\" rel=\"nofollow noopener\" target=\"_blank\">Andrius Kubilius<\/a>.<\/p>\n<p class=\"paragraph\">Komissaari avasi Iltalehdelle aiempaa blogiteksti\u00e4\u00e4n, jossa h\u00e4n sanoi Yhdysvaltojen hy\u00f6kk\u00e4\u00e4v\u00e4n nyt suoraan EU:ta vastaan ja pit\u00e4v\u00e4n unionia uhkana.<\/p>\n<p class=\"paragraph\">\u2013 Ne viimeiset sivut USA:n uudesta turvallisuussuunnitelmasta olivat kummallista luettavaa. Kuinka paha EU on? Kuinka demokratiamme, sananvapautemme ja identiteettimme ovat katoamassa? Kubilius sanoo.<\/p>\n<p>EU:n puolustuskomissaari Andrius Kubilius toimi Liettuan p\u00e4\u00e4ministerin\u00e4 1999-2000 ja 2008-2012. EPA \/ AOP<\/p>\n<p class=\"paragraph\">Trumpin hallinto perustelee EU-vastaisuuttaan sill\u00e4, ett\u00e4 unioni ajaisi USA:n n\u00e4k\u00f6kulmasta v\u00e4\u00e4ri\u00e4 arvoja ja olisi esimerkiksi liian maahanmuuttomy\u00f6nteinen.<\/p>\n<p class=\"paragraph\">Kubiliuksen mukaan kyse ei oikeasti ole EU:n arvoista, vaan unionista itsess\u00e4\u00e4n. Trumpin hallinto haluaa pys\u00e4ytt\u00e4\u00e4 EU:n yhten\u00e4istymisen, ettei siit\u00e4 tule Euroopassa liian suurta ja hegemonista vallank\u00e4ytt\u00e4j\u00e4\u00e4, kuten Kiinasta on tullut Aasiassa.<\/p>\n<p class=\"paragraph\">Komissaari nostaa esiin Trumpin puolustuspolitiikan alivaltiosihteeri <a href=\"https:\/\/www.iltalehti.fi\/henkilot\/Elbridge Colby\" class=\"article-link-person-page\" rel=\"nofollow noopener\" target=\"_blank\">Elbridge Colbyn<\/a> kirjan The Strategy of Denial (2021). Colby toimi my\u00f6s Trumpin ensimm\u00e4isess\u00e4 hallinnossa.<\/p>\n<p class=\"paragraph\">\u2013 H\u00e4nen mukaansa Yhdysvallat pyrkii nyt siihen, ettei mik\u00e4\u00e4n taho saa muodostaa  hegemoniaa millek\u00e4\u00e4n alueelle.<\/p>\n<p>EU:n puolustuskomissaari Andrius Kubilius (keskell\u00e4) osallistui Suomessa j\u00e4rjestettyyn Eastern Flank Summit -tapahtumaan. Jimi Holmberg<\/p>\n<p class=\"paragraph\">EU ei viel\u00e4 ole \u201dmit\u00e4\u00e4n erikoista\u201d, mutta jos se yhten\u00e4istyy enemm\u00e4n, unionista voi tulla \u201dvaarallisen hegemoninen\u201d voima Euroopassa, Kubilius kuvailee Colbyn ajattelua.<\/p>\n<p class=\"paragraph\">\u2013 Yhdistin vain n\u00e4m\u00e4 kaksi asiaa toisiinsa ja tajusin, ett\u00e4 kyse ei olekaan arvoista, vaan EU:n yhten\u00e4isyydest\u00e4. T\u00e4m\u00e4n takia Trump tukee niin kutsuttuja \u201dis\u00e4nmaallisia voimia\u201d Euroopassa, Kubilius sanoo.<\/p>\n<p class=\"paragraph\">Trumpin hallinto on avoimesti tukenut EU-vastaisia ja Ven\u00e4j\u00e4-mielisi\u00e4 puolueita ymp\u00e4ri Eurooppaa.<\/p>\n<p class=\"paragraph\">\u2013 Tilannetta on seurattava tarkasti ja pidemm\u00e4ll\u00e4 aikav\u00e4lill\u00e4. Kuten olen sanonut, tied\u00e4mme hyvin Ven\u00e4j\u00e4n presidentti <a href=\"https:\/\/www.iltalehti.fi\/henkilot\/Vladimir Putin\" class=\"article-link-person-page\" rel=\"nofollow noopener\" target=\"_blank\">Vladimir Putinin<\/a> olevan uhka, mutta toinen uhka on, ett\u00e4 Yhdysvallat tulee vet\u00e4ytym\u00e4\u00e4n hitaasti Euroopasta ja siirtym\u00e4\u00e4n indopasifiselle alueelle, Kubilius sanoo.<\/p>\n<p>Elbridge Colbyn kuvataan olevan n\u00e4kyv\u00e4 taustavaikuttaja Trumpin hallinnoissa. AOP<\/p>\n<p class=\"paragraph\">Elbridge Colbyn sanotaan ajaneen Trumpin hallinnossa voimakkaasti sit\u00e4, ett\u00e4 Yhdysvallat vet\u00e4\u00e4 sotilasmahtiaan pois Euroopasta ja keskittyy jatkossa Aasiaan.<\/p>\n<p class=\"paragraph\">\u2013 Amerikkalaiset tekev\u00e4t sen heikent\u00e4\u00e4kseen Kiinan kasvavaa valtaa. Meid\u00e4n on hyv\u00e4ksytt\u00e4v\u00e4 t\u00e4m\u00e4, Kubilius sanoo.<\/p>\n<p class=\"paragraph\">\u2013 Kysymys on, kuinka kauan meill\u00e4 on aikaa varautua ja saammeko neuvoteltua amerikkalaisten kanssa paremman aikataulun.<\/p>\n","protected":false},"excerpt":{"rendered":"Trumpin hallinto haluaa est\u00e4\u00e4 EU:ta kasvamasta liian voimakkaaksi, arvioi puolustuskomissaari Andrius Kubilius. Donald Trumpin hallinto on huolissaan EU:n&hellip;\n","protected":false},"author":2,"featured_media":118204,"comment_status":"","ping_status":"","sticky":false,"template":"","format":"standard","meta":{"footnotes":""},"categories":[14],"tags":[35,22,23,26,27,33,31,30,17,24,25,28,29,15,18,21,142,637,144,32,19,20,56,16,638,59,60,61,143],"class_list":{"0":"post-118203","1":"post","2":"type-post","3":"status-publish","4":"format-standard","5":"has-post-thumbnail","7":"category-ulkomaat","8":"tag-24h","9":"tag-breaking-news","10":"tag-breakingnews","11":"tag-featured-news","12":"tag-featurednews","13":"tag-fi","14":"tag-finland","15":"tag-finnish","16":"tag-headlines","17":"tag-latest-news","18":"tag-latestnews","19":"tag-main-news","20":"tag-mainnews","21":"tag-news","22":"tag-otsikot","23":"tag-paauutiset","24":"tag-poliitikot","25":"tag-politiikka","26":"tag-presidentti","27":"tag-suomi","28":"tag-top-stories","29":"tag-topstories","30":"tag-ulkomaat","31":"tag-uutiset","32":"tag-valtiovalta","33":"tag-world","34":"tag-world-news","35":"tag-worldnews","36":"tag-yhdysvaltain-politiikka"},"share_on_mastodon":{"url":"https:\/\/pubeurope.com\/@fi\/115731152868044861","error":""},"_links":{"self":[{"href":"https:\/\/www.europesays.com\/fi\/wp-json\/wp\/v2\/posts\/118203","targetHints":{"allow":["GET"]}}],"collection":[{"href":"https:\/\/www.europesays.com\/fi\/wp-json\/wp\/v2\/posts"}],"about":[{"href":"https:\/\/www.europesays.com\/fi\/wp-json\/wp\/v2\/types\/post"}],"author":[{"embeddable":true,"href":"https:\/\/www.europesays.com\/fi\/wp-json\/wp\/v2\/users\/2"}],"replies":[{"embeddable":true,"href":"https:\/\/www.europesays.com\/fi\/wp-json\/wp\/v2\/comments?post=118203"}],"version-history":[{"count":0,"href":"https:\/\/www.europesays.com\/fi\/wp-json\/wp\/v2\/posts\/118203\/revisions"}],"wp:featuredmedia":[{"embeddable":true,"href":"https:\/\/www.europesays.com\/fi\/wp-json\/wp\/v2\/media\/118204"}],"wp:attachment":[{"href":"https:\/\/www.europesays.com\/fi\/wp-json\/wp\/v2\/media?parent=118203"}],"wp:term":[{"taxonomy":"category","embeddable":true,"href":"https:\/\/www.europesays.com\/fi\/wp-json\/wp\/v2\/categories?post=118203"},{"taxonomy":"post_tag","embeddable":true,"href":"https:\/\/www.europesays.com\/fi\/wp-json\/wp\/v2\/tags?post=118203"}],"curies":[{"name":"wp","href":"https:\/\/api.w.org\/{rel}","templated":true}]}}